{"id":80454,"date":"2017-07-25T06:06:29","date_gmt":"2017-07-25T10:06:29","guid":{"rendered":"http:\/\/www.eltrabajo.cl\/2017\/?p=80454"},"modified":"2017-07-25T06:06:29","modified_gmt":"2017-07-25T10:06:29","slug":"entre-llanto-y-globos-blancos-despidieron-a-joven-victima-de-volcamiento","status":"publish","type":"post","link":"https:\/\/eltrabajo.cl\/portal\/entre-llanto-y-globos-blancos-despidieron-a-joven-victima-de-volcamiento\/","title":{"rendered":"Entre llanto y globos blancos despidieron a joven v\u00edctima de volcamiento"},"content":{"rendered":"<figure id=\"attachment_80460\" aria-describedby=\"caption-attachment-80460\" style=\"width: 580px\" class=\"wp-caption alignnone\"><img data-recalc-dims=\"1\" loading=\"lazy\" decoding=\"async\" class=\"size-full wp-image-80460\" src=\"https:\/\/i0.wp.com\/www.eltrabajo.cl\/2017\/wp-content\/uploads\/2017\/07\/Funerales3.jpg?resize=580%2C349\" alt=\"MUY REGALONA.- As\u00ed de bella y radiante posaba ella para sus fotos de Redes Sociales, coqueta y aplicada en sus estudios, so\u00f1aba con ser una profesora de educaci\u00f3n diferencial.\" width=\"580\" height=\"349\" srcset=\"https:\/\/i0.wp.com\/eltrabajo.cl\/portal\/wp-content\/uploads\/2017\/07\/Funerales3.jpg?w=580&amp;ssl=1 580w, https:\/\/i0.wp.com\/eltrabajo.cl\/portal\/wp-content\/uploads\/2017\/07\/Funerales3.jpg?resize=200%2C120&amp;ssl=1 200w, https:\/\/i0.wp.com\/eltrabajo.cl\/portal\/wp-content\/uploads\/2017\/07\/Funerales3.jpg?resize=300%2C181&amp;ssl=1 300w, https:\/\/i0.wp.com\/eltrabajo.cl\/portal\/wp-content\/uploads\/2017\/07\/Funerales3.jpg?resize=249%2C150&amp;ssl=1 249w, https:\/\/i0.wp.com\/eltrabajo.cl\/portal\/wp-content\/uploads\/2017\/07\/Funerales3.jpg?resize=400%2C241&amp;ssl=1 400w\" sizes=\"auto, (max-width: 580px) 100vw, 580px\" \/><figcaption id=\"caption-attachment-80460\" class=\"wp-caption-text\">MUY REGALONA.- As\u00ed de bella y radiante posaba ella para sus fotos de Redes Sociales, coqueta y aplicada en sus estudios, so\u00f1aba con ser una profesora de educaci\u00f3n diferencial.<\/figcaption><\/figure>\n<ul>\n<li><span style=\"color: #ff0000;\"><strong>Victoria Guti\u00e9rrez so\u00f1aba con ser profesora de Educaci\u00f3n Diferencial:<\/strong><\/span><\/li>\n<\/ul>\n<p>M\u00e1s de 1.500 personas se dieron cita ayer lunes en el frontis del Liceo Bicentenario Cordillera para rendir un homenaje p\u00f3stumo a la joven estudiante Victoria Carolina Guti\u00e9rrez Mondaca, quien perdiera la vida luego que la camioneta en la que viajaba junto a otros nueve ocupantes, volcara en el kil\u00f3metro 1.8 de la Ruta E 713 de Santa Mar\u00eda, que conecta hacia San Felipe, cerca de la medianoche de este domingo.<br \/>\nFue un desfile interminable de estudiantes de varias escuelas de nuestra comuna el que lleg\u00f3 a Poblaci\u00f3n Juan Mart\u00ednez de Rozas en San Felipe, lugar donde viv\u00eda Victoria, patentando as\u00ed la profunda estima que a ella se le ten\u00eda en San Felipe. Victoria ten\u00eda una hermana de nueve a\u00f1os: Makarena.<\/p>\n<p><span style=\"color: #ff0000;\"><strong>TODOS DOLIDOS<\/strong><\/span><br \/>\nDiario El Trabajo habl\u00f3 con el padre de la estudiante, don V\u00edctor Guti\u00e9rrez: \u00abMi hija ten\u00eda el sue\u00f1o de ser profesora de educaci\u00f3n diferencial, ella estudiaba hasta las tres de la ma\u00f1ana a veces, para mejorar sus notas, se preocupaba mucho por mejorar sus calificaciones (\u2026) ella era de muchas amigas, regularmente llegaba con sus amigas y a veces se quedaban en su pieza durmiendo cuando se les hac\u00eda tarde\u00bb, dijo entre l\u00e1grimas don V\u00edctor.<br \/>\nNuestro medio tambi\u00e9n habl\u00f3 con la joven Marga Mu\u00f1oz, la mejor amiga de Victoria Guti\u00e9rrez: \u00abLos mejores momentos de mi vida los he pasado con ella, cuando \u00edbamos de carrete, a tomarnos fotos y a pasear, ten\u00edamos planes para despu\u00e9s que termin\u00e1ramos el 4\u00ba Medio, plane\u00e1bamos irnos a vivir a Vi\u00f1a\u00bb, se\u00f1al\u00f3 Mu\u00f1oz.<br \/>\nAs\u00ed tambi\u00e9n la presidenta del Centro Estudiantil del Cordillera, Dominic Garc\u00eda, tuvo palabras para nuestro medio: \u00abEs muy lamentable que una joven de nuestra generaci\u00f3n perdiera su vida de manera tan violenta, de ella aprendimos a sonre\u00edrle a la vida y no ponerle mala cara a los problemas de colegio. En nombre de todos los estudiantes hoy quiero ofrecer nuestro sentido P\u00e9same a su apreciada familia\u00bb, afirm\u00f3 la lideresa estudiantil.<\/p>\n<p><span style=\"color: #ff0000;\"><strong>VOZ DEL DIRECTOR<\/strong><\/span><br \/>\nDiario El Trabajo consult\u00f3 a Jorge Sep\u00falveda, director del Colegio Cordillera, sobre el sentir de la comunidad educativa y sobre los otros estudiantes afectados en este accidente: \u00abPara nosotros es una p\u00e9rdida muy grande, el dolor nos acompa\u00f1a, pero tambi\u00e9n esta experiencia nos hace entregarnos a la esperanza de que ella es ahora un \u00e1ngel y que desde el cielo nos cuida y nos guiar\u00e1 siempre, los dem\u00e1s estudiantes est\u00e1n afectados, a\u00fan as\u00ed nuestros psic\u00f3logos les han acompa\u00f1ados durante estos d\u00edas de shock. En cuanto a los otros estudiantes, por ahora puedo reportar que estos chicos no estaban haciendo nada malo, ellos se estaban organizando para hacer una fiesta de fin de vacaciones, viajaban a Santa Mar\u00eda para encontrarse con m\u00e1s estudiantes cuando ocurri\u00f3 el accidente (&#8230;) la estudiante B\u00e1rbara S\u00e1nchez, estuvo en riesgo vital, sigue grave y los m\u00e9dicos est\u00e1n valorando realizarle diversas operaciones e injertos de piel\u00bb, report\u00f3 Sep\u00falveda.<br \/>\nJorge Olivero, jefe de la Direcci\u00f3n Provincial de Educaci\u00f3n, afirm\u00f3 que \u00abes una lamentable tragedia, doblemente porque esta joven ten\u00eda un plan de vida en el que ella se proyectaba como una profesora de Educaci\u00f3n Diferencial, tambi\u00e9n le digo a los j\u00f3venes, que tienen que ser m\u00e1s cuidadosos en todo lo que hacen y cuidar siempre de su integridad f\u00edsica\u00bb.<br \/>\nPor su parte el alcalde Patricio Freire, indic\u00f3 que \u00abestamos muy dolidos con esta tragedia, nadie, ning\u00fan pap\u00e1 se espera que una salida normal de su hija tenga un desenlace tan doloroso, el Concejo Municipal y el Municipio en general queremos unirnos al dolor de esta familia en estos momentos, ojala que encuentren las fuerzas para salir adelante\u00bb, dijo el edil.<br \/>\nLuego del homenaje a Victoria en su colegio, sus restos fueron trasladados a la parroquia de San Antonio de Padua, en El Almendral, pasando finalmente el cortejo f\u00fanebre al Cementerio Parque Almendral.<br \/>\n<strong>Roberto Gonz\u00e1lez Short<\/strong><\/p>\n<figure id=\"attachment_80455\" aria-describedby=\"caption-attachment-80455\" style=\"width: 580px\" class=\"wp-caption alignnone\"><img data-recalc-dims=\"1\" loading=\"lazy\" decoding=\"async\" class=\"size-full wp-image-80455\" src=\"https:\/\/i0.wp.com\/www.eltrabajo.cl\/2017\/wp-content\/uploads\/2017\/07\/Funerales_Dominic-Garcia.jpg?resize=580%2C614\" alt=\"Presidenta del Centro Estudiantil del Cordillera, Dominic Garc\u00eda.\" width=\"580\" height=\"614\" srcset=\"https:\/\/i0.wp.com\/eltrabajo.cl\/portal\/wp-content\/uploads\/2017\/07\/Funerales_Dominic-Garcia.jpg?w=580&amp;ssl=1 580w, https:\/\/i0.wp.com\/eltrabajo.cl\/portal\/wp-content\/uploads\/2017\/07\/Funerales_Dominic-Garcia.jpg?resize=142%2C150&amp;ssl=1 142w, https:\/\/i0.wp.com\/eltrabajo.cl\/portal\/wp-content\/uploads\/2017\/07\/Funerales_Dominic-Garcia.jpg?resize=283%2C300&amp;ssl=1 283w, https:\/\/i0.wp.com\/eltrabajo.cl\/portal\/wp-content\/uploads\/2017\/07\/Funerales_Dominic-Garcia.jpg?resize=400%2C423&amp;ssl=1 400w\" sizes=\"auto, (max-width: 580px) 100vw, 580px\" \/><figcaption id=\"caption-attachment-80455\" class=\"wp-caption-text\">Presidenta del Centro Estudiantil del Cordillera, Dominic Garc\u00eda.<\/figcaption><\/figure>\n<figure id=\"attachment_80456\" aria-describedby=\"caption-attachment-80456\" style=\"width: 580px\" class=\"wp-caption alignnone\"><img data-recalc-dims=\"1\" loading=\"lazy\" decoding=\"async\" class=\"size-full wp-image-80456\" src=\"https:\/\/i0.wp.com\/www.eltrabajo.cl\/2017\/wp-content\/uploads\/2017\/07\/Funerales_Marga-Munoz.jpg?resize=580%2C628\" alt=\"Marga Mu\u00f1oz, la mejor amiga de Victoria Guti\u00e9rrez.\" width=\"580\" height=\"628\" srcset=\"https:\/\/i0.wp.com\/eltrabajo.cl\/portal\/wp-content\/uploads\/2017\/07\/Funerales_Marga-Munoz.jpg?w=580&amp;ssl=1 580w, https:\/\/i0.wp.com\/eltrabajo.cl\/portal\/wp-content\/uploads\/2017\/07\/Funerales_Marga-Munoz.jpg?resize=139%2C150&amp;ssl=1 139w, https:\/\/i0.wp.com\/eltrabajo.cl\/portal\/wp-content\/uploads\/2017\/07\/Funerales_Marga-Munoz.jpg?resize=277%2C300&amp;ssl=1 277w, https:\/\/i0.wp.com\/eltrabajo.cl\/portal\/wp-content\/uploads\/2017\/07\/Funerales_Marga-Munoz.jpg?resize=400%2C433&amp;ssl=1 400w\" sizes=\"auto, (max-width: 580px) 100vw, 580px\" \/><figcaption id=\"caption-attachment-80456\" class=\"wp-caption-text\">Marga Mu\u00f1oz, la mejor amiga de Victoria Guti\u00e9rrez.<\/figcaption><\/figure>\n<figure id=\"attachment_80457\" aria-describedby=\"caption-attachment-80457\" style=\"width: 580px\" class=\"wp-caption alignnone\"><img data-recalc-dims=\"1\" loading=\"lazy\" decoding=\"async\" class=\"size-full wp-image-80457\" src=\"https:\/\/i0.wp.com\/www.eltrabajo.cl\/2017\/wp-content\/uploads\/2017\/07\/Funerales_Victor-Gutierrez.jpg?resize=580%2C598\" alt=\"V\u00edctor Guti\u00e9rrez, padre de la joven Victoria.\" width=\"580\" height=\"598\" srcset=\"https:\/\/i0.wp.com\/eltrabajo.cl\/portal\/wp-content\/uploads\/2017\/07\/Funerales_Victor-Gutierrez.jpg?w=580&amp;ssl=1 580w, https:\/\/i0.wp.com\/eltrabajo.cl\/portal\/wp-content\/uploads\/2017\/07\/Funerales_Victor-Gutierrez.jpg?resize=145%2C150&amp;ssl=1 145w, https:\/\/i0.wp.com\/eltrabajo.cl\/portal\/wp-content\/uploads\/2017\/07\/Funerales_Victor-Gutierrez.jpg?resize=291%2C300&amp;ssl=1 291w, https:\/\/i0.wp.com\/eltrabajo.cl\/portal\/wp-content\/uploads\/2017\/07\/Funerales_Victor-Gutierrez.jpg?resize=400%2C412&amp;ssl=1 400w\" sizes=\"auto, (max-width: 580px) 100vw, 580px\" \/><figcaption id=\"caption-attachment-80457\" class=\"wp-caption-text\">V\u00edctor Guti\u00e9rrez, padre de la joven Victoria.<\/figcaption><\/figure>\n<figure id=\"attachment_80458\" aria-describedby=\"caption-attachment-80458\" style=\"width: 580px\" class=\"wp-caption alignnone\"><img data-recalc-dims=\"1\" loading=\"lazy\" decoding=\"async\" class=\"size-full wp-image-80458\" src=\"https:\/\/i0.wp.com\/www.eltrabajo.cl\/2017\/wp-content\/uploads\/2017\/07\/Funerales1.jpg?resize=580%2C349\" alt=\"ADI\u00d3S VICTORIA.- Un mar de gente despidi\u00f3 ayer lunes a la joven Carolina Guti\u00e9rrez Mondaca (17), quien perdiera la vida luego que la camioneta en la que viajaba junto a otros nueve ocupantes, volcara en el kil\u00f3metro 1.8 de la Ruta E 713 de Santa Mar\u00eda, que conecta hacia San Felipe, cerca de la medianoche de este domingo. (Foto Roberto Gonz\u00e1lez Short)\" width=\"580\" height=\"349\" srcset=\"https:\/\/i0.wp.com\/eltrabajo.cl\/portal\/wp-content\/uploads\/2017\/07\/Funerales1.jpg?w=580&amp;ssl=1 580w, https:\/\/i0.wp.com\/eltrabajo.cl\/portal\/wp-content\/uploads\/2017\/07\/Funerales1.jpg?resize=200%2C120&amp;ssl=1 200w, https:\/\/i0.wp.com\/eltrabajo.cl\/portal\/wp-content\/uploads\/2017\/07\/Funerales1.jpg?resize=300%2C181&amp;ssl=1 300w, https:\/\/i0.wp.com\/eltrabajo.cl\/portal\/wp-content\/uploads\/2017\/07\/Funerales1.jpg?resize=249%2C150&amp;ssl=1 249w, https:\/\/i0.wp.com\/eltrabajo.cl\/portal\/wp-content\/uploads\/2017\/07\/Funerales1.jpg?resize=400%2C241&amp;ssl=1 400w\" sizes=\"auto, (max-width: 580px) 100vw, 580px\" \/><figcaption id=\"caption-attachment-80458\" class=\"wp-caption-text\">ADI\u00d3S VICTORIA.- Un mar de gente despidi\u00f3 ayer lunes a la joven Carolina Guti\u00e9rrez Mondaca (17), quien perdiera la vida luego que la camioneta en la que viajaba junto a otros nueve ocupantes, volcara en el kil\u00f3metro 1.8 de la Ruta E 713 de Santa Mar\u00eda, que conecta hacia San Felipe, cerca de la medianoche de este domingo. (Foto Roberto Gonz\u00e1lez Short)<\/figcaption><\/figure>\n<figure id=\"attachment_80459\" aria-describedby=\"caption-attachment-80459\" style=\"width: 580px\" class=\"wp-caption alignnone\"><img data-recalc-dims=\"1\" loading=\"lazy\" decoding=\"async\" class=\"size-full wp-image-80459\" src=\"https:\/\/i0.wp.com\/www.eltrabajo.cl\/2017\/wp-content\/uploads\/2017\/07\/Funerales2.jpg?resize=580%2C813\" alt=\"UNA PRINCESITA.- As\u00ed luc\u00eda la bella Victoria a sus siete a\u00f1os, cuando en su mente s\u00f3lo juegos y mu\u00f1ecas hab\u00eda.\" width=\"580\" height=\"813\" srcset=\"https:\/\/i0.wp.com\/eltrabajo.cl\/portal\/wp-content\/uploads\/2017\/07\/Funerales2.jpg?w=580&amp;ssl=1 580w, https:\/\/i0.wp.com\/eltrabajo.cl\/portal\/wp-content\/uploads\/2017\/07\/Funerales2.jpg?resize=107%2C150&amp;ssl=1 107w, https:\/\/i0.wp.com\/eltrabajo.cl\/portal\/wp-content\/uploads\/2017\/07\/Funerales2.jpg?resize=214%2C300&amp;ssl=1 214w, https:\/\/i0.wp.com\/eltrabajo.cl\/portal\/wp-content\/uploads\/2017\/07\/Funerales2.jpg?resize=400%2C561&amp;ssl=1 400w\" sizes=\"auto, (max-width: 580px) 100vw, 580px\" \/><figcaption id=\"caption-attachment-80459\" class=\"wp-caption-text\">UNA PRINCESITA.- As\u00ed luc\u00eda la bella Victoria a sus siete a\u00f1os, cuando en su mente s\u00f3lo juegos y mu\u00f1ecas hab\u00eda.<\/figcaption><\/figure>\n<figure id=\"attachment_80461\" aria-describedby=\"caption-attachment-80461\" style=\"width: 580px\" class=\"wp-caption alignnone\"><img data-recalc-dims=\"1\" loading=\"lazy\" decoding=\"async\" class=\"size-full wp-image-80461\" src=\"https:\/\/i0.wp.com\/www.eltrabajo.cl\/2017\/wp-content\/uploads\/2017\/07\/Funerales4.jpg?resize=580%2C348\" alt=\"TODOS LLEGARON.- Cientos de estudiantes y decenas de profesores llegaron caminando a la casa de Victoria, pues una amiga y compa\u00f1era de estudios les ha dejado para siempre.\" width=\"580\" height=\"348\" srcset=\"https:\/\/i0.wp.com\/eltrabajo.cl\/portal\/wp-content\/uploads\/2017\/07\/Funerales4.jpg?w=580&amp;ssl=1 580w, https:\/\/i0.wp.com\/eltrabajo.cl\/portal\/wp-content\/uploads\/2017\/07\/Funerales4.jpg?resize=200%2C120&amp;ssl=1 200w, https:\/\/i0.wp.com\/eltrabajo.cl\/portal\/wp-content\/uploads\/2017\/07\/Funerales4.jpg?resize=300%2C180&amp;ssl=1 300w, https:\/\/i0.wp.com\/eltrabajo.cl\/portal\/wp-content\/uploads\/2017\/07\/Funerales4.jpg?resize=250%2C150&amp;ssl=1 250w, https:\/\/i0.wp.com\/eltrabajo.cl\/portal\/wp-content\/uploads\/2017\/07\/Funerales4.jpg?resize=400%2C240&amp;ssl=1 400w\" sizes=\"auto, (max-width: 580px) 100vw, 580px\" \/><figcaption id=\"caption-attachment-80461\" class=\"wp-caption-text\">TODOS LLEGARON.- Cientos de estudiantes y decenas de profesores llegaron caminando a la casa de Victoria, pues una amiga y compa\u00f1era de estudios les ha dejado para siempre.<\/figcaption><\/figure>\n","protected":false},"excerpt":{"rendered":"<p>Victoria Guti\u00e9rrez so\u00f1aba con ser profesora de Educaci\u00f3n Diferencial: M\u00e1s de 1.500 personas se dieron cita ayer lunes en el frontis del Liceo Bicentenario Cordillera para rendir un homenaje p\u00f3stumo a la&#8230;<\/p>\n","protected":false},"author":1,"featured_media":80458,"comment_status":"open","ping_status":"open","sticky":false,"template":"","format":"standard","meta":{"advanced_seo_description":"","jetpack_seo_html_title":"","jetpack_seo_noindex":false,"_jetpack_memberships_contains_paid_content":false,"footnotes":""},"categories":[15],"tags":[],"class_list":["post-80454","post","type-post","status-publish","format-standard","has-post-thumbnail","hentry","category-comunidad"],"jetpack_featured_media_url":"https:\/\/i0.wp.com\/eltrabajo.cl\/portal\/wp-content\/uploads\/2017\/07\/Funerales1.jpg?fit=580%2C349&ssl=1","jetpack_sharing_enabled":true,"jetpack_likes_enabled":true,"jetpack-related-posts":[],"_links":{"self":[{"href":"https:\/\/eltrabajo.cl\/portal\/wp-json\/wp\/v2\/posts\/80454","targetHints":{"allow":["GET"]}}],"collection":[{"href":"https:\/\/eltrabajo.cl\/portal\/wp-json\/wp\/v2\/posts"}],"about":[{"href":"https:\/\/eltrabajo.cl\/portal\/wp-json\/wp\/v2\/types\/post"}],"author":[{"embeddable":true,"href":"https:\/\/eltrabajo.cl\/portal\/wp-json\/wp\/v2\/users\/1"}],"replies":[{"embeddable":true,"href":"https:\/\/eltrabajo.cl\/portal\/wp-json\/wp\/v2\/comments?post=80454"}],"version-history":[{"count":0,"href":"https:\/\/eltrabajo.cl\/portal\/wp-json\/wp\/v2\/posts\/80454\/revisions"}],"wp:featuredmedia":[{"embeddable":true,"href":"https:\/\/eltrabajo.cl\/portal\/wp-json\/wp\/v2\/media\/80458"}],"wp:attachment":[{"href":"https:\/\/eltrabajo.cl\/portal\/wp-json\/wp\/v2\/media?parent=80454"}],"wp:term":[{"taxonomy":"category","embeddable":true,"href":"https:\/\/eltrabajo.cl\/portal\/wp-json\/wp\/v2\/categories?post=80454"},{"taxonomy":"post_tag","embeddable":true,"href":"https:\/\/eltrabajo.cl\/portal\/wp-json\/wp\/v2\/tags?post=80454"}],"curies":[{"name":"wp","href":"https:\/\/api.w.org\/{rel}","templated":true}]}}