{"id":80465,"date":"2017-07-26T06:00:12","date_gmt":"2017-07-26T10:00:12","guid":{"rendered":"http:\/\/www.eltrabajo.cl\/2017\/?p=80465"},"modified":"2017-07-26T06:00:12","modified_gmt":"2017-07-26T10:00:12","slug":"experimentado-comentarista-deportivo-sera-distinguido-este-3-de-agosto","status":"publish","type":"post","link":"https:\/\/eltrabajo.cl\/portal\/experimentado-comentarista-deportivo-sera-distinguido-este-3-de-agosto\/","title":{"rendered":"Experimentado comentarista deportivo ser\u00e1 distinguido este 3 de agosto"},"content":{"rendered":"<figure id=\"attachment_80466\" aria-describedby=\"caption-attachment-80466\" style=\"width: 580px\" class=\"wp-caption alignnone\"><img data-recalc-dims=\"1\" loading=\"lazy\" decoding=\"async\" class=\"size-full wp-image-80466\" src=\"https:\/\/i0.wp.com\/www.eltrabajo.cl\/2017\/wp-content\/uploads\/2017\/07\/Victor-Gonzalez-Figari.jpg?resize=580%2C572\" alt=\"Don V\u00edctor Gonz\u00e1lez Figari ser\u00e1 distinguido en la categor\u00eda Trayectoria Radial.\" width=\"580\" height=\"572\" srcset=\"https:\/\/i0.wp.com\/eltrabajo.cl\/portal\/wp-content\/uploads\/2017\/07\/Victor-Gonzalez-Figari.jpg?w=580&amp;ssl=1 580w, https:\/\/i0.wp.com\/eltrabajo.cl\/portal\/wp-content\/uploads\/2017\/07\/Victor-Gonzalez-Figari.jpg?resize=152%2C150&amp;ssl=1 152w, https:\/\/i0.wp.com\/eltrabajo.cl\/portal\/wp-content\/uploads\/2017\/07\/Victor-Gonzalez-Figari.jpg?resize=300%2C296&amp;ssl=1 300w, https:\/\/i0.wp.com\/eltrabajo.cl\/portal\/wp-content\/uploads\/2017\/07\/Victor-Gonzalez-Figari.jpg?resize=400%2C394&amp;ssl=1 400w\" sizes=\"auto, (max-width: 580px) 100vw, 580px\" \/><figcaption id=\"caption-attachment-80466\" class=\"wp-caption-text\">Don V\u00edctor Gonz\u00e1lez Figari ser\u00e1 distinguido en la categor\u00eda Trayectoria Radial.<\/figcaption><\/figure>\n<ul>\n<li><span style=\"color: #ff0000;\"><strong>Municipio reconocer\u00e1 trayectoria de V\u00edctor Gonz\u00e1lez Figari:<\/strong><\/span><\/li>\n<\/ul>\n<p>Este pr\u00f3ximo 3 de agosto el Municipio de San Felipe distinguir\u00e1 a los sanfelipe\u00f1os que a su criterio merecen ser destacados por su trayectoria y proyecci\u00f3n dentro de nuestra comuna en beneficio de la sociedad y de sus iguales. Ese es el caso de don V\u00edctor \u00c1ngel Gonz\u00e1lez Figari, uno de los m\u00e1s s\u00f3lidos y experimentados comentaristas deportivos.<br \/>\nDiario El Trabajo habl\u00f3 con este macizo locutor aconcag\u00fcino de 73 a\u00f1os, quien agradeci\u00f3 a las autoridades por distinguirlo en vida.<br \/>\n<strong>&#8211; \u00bfCu\u00e1ndo se inici\u00f3 usted en el periodismo deportivo?<\/strong><br \/>\n&#8211; El 22 de junio de 1967 yo me inici\u00e9 en el mundo de la Radio, ese d\u00eda era mi cumplea\u00f1os y me solicitaron que leyera un texto que regularmente llevaba a los locutores, me qued\u00f3 gustando y a la semana siguiente yo mismo ped\u00ed que me dieran la oportunidad de volver a leer esa informaci\u00f3n en Radio Aconcagua, fue don <strong>Miguel Ricardo Juri<\/strong> quien me dio la oportunidad de hacerlo.<br \/>\n<strong>&#8211; \u00bfPalabras de agradecimiento que quieras compartir?<\/strong><br \/>\n&#8211; A mis 73 a\u00f1os de edad agradezco al Municipio por este reconocimiento, pues es bueno que si aprecian mi trabajo, lo hagan en vida, y no despu\u00e9s de muerto. Tambi\u00e9n doy las gracias a don Miguel Ricardo Juri, ya fallecido, y a los due\u00f1os de Radio Aconcagua, quienes durante tantos a\u00f1os me han brindado la oportunidad de hacer Radio.<br \/>\n<strong>&#8211; \u00bfCu\u00e1les han sido los momentos m\u00e1s intensos en tu vida de locutor?<\/strong><br \/>\n&#8211; Para m\u00ed los momentos m\u00e1s intensos reporteado en radio fueron en 1970, cuando San Felipe ascendi\u00f3 de la Segunda a la Primera Divisi\u00f3n el a\u00f1o siguiente, y en 2010 cuando se sali\u00f3 campe\u00f3n de la Copa Chile.<br \/>\n<strong>&#8211; \u00bfEn qu\u00e9 otros oficios se desempe\u00f1\u00f3 usted durante su vida?<\/strong><br \/>\n&#8211; Trabaj\u00e9 por 40 a\u00f1os en la Oficina de Correos, ah\u00ed fui dirigente de los empleados, cuando me retir\u00e9 tambi\u00e9n me involucr\u00e9 como dirigente vecinal en Las Tres Villas. Actualmente sigo en Radio Aconcagua, en donde yo suministro la informaci\u00f3n deportiva, tambi\u00e9n durante los partidos brindo los datos de otros partidos en desarrollo.<\/p>\n<p><span style=\"color: #ff0000;\"><strong>\u00a1BIEN HECHO!<\/strong><\/span><br \/>\nTodos quienes laboramos en Diario El Trabajo hoy queremos felicitar tambi\u00e9n p\u00fablicamente a don V\u00edctor Gonz\u00e1lez, por su larga trayectoria como cronista deportivo de una de las emisoras m\u00e1s prestigiosas de Chile, anhelando tambi\u00e9n que pueda seguir inform\u00e1ndonos como hasta hoy lo ha hecho.<br \/>\n<strong>Roberto Gonz\u00e1lez Short<\/strong><\/p>\n","protected":false},"excerpt":{"rendered":"<p>Municipio reconocer\u00e1 trayectoria de V\u00edctor Gonz\u00e1lez Figari: Este pr\u00f3ximo 3 de agosto el Municipio de San Felipe distinguir\u00e1 a los sanfelipe\u00f1os que a su criterio merecen ser destacados por su trayectoria y&#8230;<\/p>\n","protected":false},"author":1,"featured_media":80466,"comment_status":"open","ping_status":"open","sticky":false,"template":"","format":"standard","meta":{"advanced_seo_description":"","jetpack_seo_html_title":"","jetpack_seo_noindex":false,"_jetpack_memberships_contains_paid_content":false,"footnotes":""},"categories":[15],"tags":[],"class_list":["post-80465","post","type-post","status-publish","format-standard","has-post-thumbnail","hentry","category-comunidad"],"jetpack_featured_media_url":"https:\/\/i0.wp.com\/eltrabajo.cl\/portal\/wp-content\/uploads\/2017\/07\/Victor-Gonzalez-Figari.jpg?fit=580%2C572&ssl=1","jetpack_sharing_enabled":true,"jetpack_likes_enabled":true,"jetpack-related-posts":[],"_links":{"self":[{"href":"https:\/\/eltrabajo.cl\/portal\/wp-json\/wp\/v2\/posts\/80465","targetHints":{"allow":["GET"]}}],"collection":[{"href":"https:\/\/eltrabajo.cl\/portal\/wp-json\/wp\/v2\/posts"}],"about":[{"href":"https:\/\/eltrabajo.cl\/portal\/wp-json\/wp\/v2\/types\/post"}],"author":[{"embeddable":true,"href":"https:\/\/eltrabajo.cl\/portal\/wp-json\/wp\/v2\/users\/1"}],"replies":[{"embeddable":true,"href":"https:\/\/eltrabajo.cl\/portal\/wp-json\/wp\/v2\/comments?post=80465"}],"version-history":[{"count":0,"href":"https:\/\/eltrabajo.cl\/portal\/wp-json\/wp\/v2\/posts\/80465\/revisions"}],"wp:featuredmedia":[{"embeddable":true,"href":"https:\/\/eltrabajo.cl\/portal\/wp-json\/wp\/v2\/media\/80466"}],"wp:attachment":[{"href":"https:\/\/eltrabajo.cl\/portal\/wp-json\/wp\/v2\/media?parent=80465"}],"wp:term":[{"taxonomy":"category","embeddable":true,"href":"https:\/\/eltrabajo.cl\/portal\/wp-json\/wp\/v2\/categories?post=80465"},{"taxonomy":"post_tag","embeddable":true,"href":"https:\/\/eltrabajo.cl\/portal\/wp-json\/wp\/v2\/tags?post=80465"}],"curies":[{"name":"wp","href":"https:\/\/api.w.org\/{rel}","templated":true}]}}