{"id":80468,"date":"2017-07-26T06:01:59","date_gmt":"2017-07-26T10:01:59","guid":{"rendered":"http:\/\/www.eltrabajo.cl\/2017\/?p=80468"},"modified":"2017-07-26T06:01:59","modified_gmt":"2017-07-26T10:01:59","slug":"ministro-de-economia-inauguro-nuevo-centro-de-desarrollo-de-negocios-de-aconcagua","status":"publish","type":"post","link":"https:\/\/eltrabajo.cl\/portal\/ministro-de-economia-inauguro-nuevo-centro-de-desarrollo-de-negocios-de-aconcagua\/","title":{"rendered":"Ministro de Econom\u00eda inaugur\u00f3 nuevo Centro de Desarrollo de Negocios de Aconcagua"},"content":{"rendered":"<figure id=\"attachment_80469\" aria-describedby=\"caption-attachment-80469\" style=\"width: 580px\" class=\"wp-caption alignnone\"><img data-recalc-dims=\"1\" loading=\"lazy\" decoding=\"async\" class=\"size-full wp-image-80469\" src=\"https:\/\/i0.wp.com\/www.eltrabajo.cl\/2017\/wp-content\/uploads\/2017\/07\/centro-desarrollo-negocios-aconcagua.jpg?resize=580%2C349\" alt=\"Autoridades encabezadas por el ministro de Econom\u00eda, Luis C\u00e9spedes, en el tradicional corte de cinta que dio por inaugurado el Centro de Desarrollo de Negocios de Aconcagua.\" width=\"580\" height=\"349\" srcset=\"https:\/\/i0.wp.com\/eltrabajo.cl\/portal\/wp-content\/uploads\/2017\/07\/centro-desarrollo-negocios-aconcagua.jpg?w=580&amp;ssl=1 580w, https:\/\/i0.wp.com\/eltrabajo.cl\/portal\/wp-content\/uploads\/2017\/07\/centro-desarrollo-negocios-aconcagua.jpg?resize=200%2C120&amp;ssl=1 200w, https:\/\/i0.wp.com\/eltrabajo.cl\/portal\/wp-content\/uploads\/2017\/07\/centro-desarrollo-negocios-aconcagua.jpg?resize=300%2C181&amp;ssl=1 300w, https:\/\/i0.wp.com\/eltrabajo.cl\/portal\/wp-content\/uploads\/2017\/07\/centro-desarrollo-negocios-aconcagua.jpg?resize=249%2C150&amp;ssl=1 249w, https:\/\/i0.wp.com\/eltrabajo.cl\/portal\/wp-content\/uploads\/2017\/07\/centro-desarrollo-negocios-aconcagua.jpg?resize=400%2C241&amp;ssl=1 400w\" sizes=\"auto, (max-width: 580px) 100vw, 580px\" \/><figcaption id=\"caption-attachment-80469\" class=\"wp-caption-text\">Autoridades encabezadas por el ministro de Econom\u00eda, Luis C\u00e9spedes, en el tradicional corte de cinta que dio por inaugurado el Centro de Desarrollo de Negocios de Aconcagua.<\/figcaption><\/figure>\n<p>Un nuevo CDN para el Valle de Aconcagua fue inaugurado en San Felipe por el ministro de Econom\u00eda, el gerente general de Sercotec, ante la presencia del gobernador provincial y peque\u00f1os empresarios locales, cumpliendo as\u00ed meta presidencial de contar con una red de apoyo al emprendimiento en la regi\u00f3n.<br \/>\nCon el objetivo de brindar una red de apoyo a los emprendedores de la zona, se inaugur\u00f3 el nuevo Centro de Desarrollo de Negocios Aconcagua, el que se suma a los tres existentes en la Regi\u00f3n de Valpara\u00edso, y a los 51 que operan a lo largo del pa\u00eds. Este apoyo se traduce en capacitaciones, cursos y orientaci\u00f3n gratuita a los micro y peque\u00f1os empresarios a trav\u00e9s del soporte acad\u00e9mico de la Pontificia Universidad Cat\u00f3lica de Valpara\u00edso.<br \/>\nLa apertura de este nuevo polo de desarrollo fue valorada por los futuros beneficiarios, quienes destacaron que \u201cno s\u00f3lo se trata de tener una idea, sino de c\u00f3mo llevarla a cabo, ah\u00ed es donde evidentemente se necesita la ayuda de alguien que te pueda decir cu\u00e1l es el camino correcto, c\u00f3mo formar redes, que va vinculado a eso, el contar con un lugar en el que puedas decir: \u2018paso para preguntar para alg\u00fan comprador\u2019, o tener el espacio f\u00edsico para realizar una reuni\u00f3n, eso hace cambiar la forma en c\u00f3mo hemos operado hasta el momento con el sector p\u00fablico, y el compromiso al menos de los asesores locales que conocen nuestra realidad\u201d, seg\u00fan indic\u00f3 Franz R\u00f6ber, empresario tur\u00edstico de San Esteban.<br \/>\nEl ministro de Econom\u00eda, Luis Felipe C\u00e9spedes, por su parte manifest\u00f3 que \u201cesta es la inauguraci\u00f3n n\u00famero 49, ya tenemos los 51 Centros de Desarrollo de Negocios funcionando en el pa\u00eds. Hemos cumplido la meta presidencial que va en la l\u00ednea de darle la oportunidad a las micro, peque\u00f1as y medianas empresas de crecer, de generar m\u00e1s empleo, de generar m\u00e1s impacto econ\u00f3mico en sus comunidades\u201d.<br \/>\nEl gerente general de Sercotec, Bernardo Troncoso, indic\u00f3 que \u201cestamos cambiando el paradigma, porque normalmente lo que ten\u00edamos en Chile era que estos centros de atenci\u00f3n se med\u00edan por la cantidad de atenciones que ten\u00edan, ahora lo medimos por el impacto econ\u00f3mico que generan a trav\u00e9s del aumento de ventas y generaci\u00f3n de empleos\u201d.<br \/>\nAconcagua se suma a los tres Centros ya existentes en la regi\u00f3n: Quillota, San Antonio y Valpara\u00edso. Al respecto Troncoso explic\u00f3 que \u201clos tres centros que ya est\u00e1n funcionando han aumentado las ventas de cientos de peque\u00f1as y micro empresas en m\u00e1s de 2.300 millones de pesos, y eso est\u00e1 generando retornos a las arcas p\u00fablicas v\u00eda impuestos, y en consecuencia lo que buscamos es que sean mayores incluso los retornos en impuestos producto del aumento de venta y la generaci\u00f3n de empleos\u201d.<br \/>\nEl Centro de Desarrollo de Negocios Aconcagua atiende a las seis comunas de la provincia de San Felipe y a las cuatro de la provincia de Los Andes.<br \/>\nA la fecha brinda atenci\u00f3n a cerca de 62 personas y maneja una red de contactos de 116 empresarios y emprendedores, asegurando la pertinencia de las acciones con los intereses de los actores locales.<br \/>\nEstos, por su vocaci\u00f3n productiva, pertenecen principalmente a los sectores: agricultura, miner\u00eda, servicios, comercio y turismo.<br \/>\nEl Centro de Desarrollo de Negocios Aconcagua es operado por la Pontificia Universidad Cat\u00f3lica de Valpara\u00edso, en alianza con destacados socios estrat\u00e9gicos.<br \/>\nEl Rector de la casa de estudios, Claudio El\u00f3rtegui, destac\u00f3 la participaci\u00f3n que tendr\u00e1 la instituci\u00f3n de educaci\u00f3n superior en este nuevo centro, transfiriendo sus conocimientos a la comunidad de la provincia de Aconcagua.<br \/>\n\u201cPara nuestra Casa de Estudios es muy importante estar presente hoy en la inauguraci\u00f3n del nuevo Centro de Desarrollo de Negocios Aconcagua en la comuna de San Felipe, pues nos consolida como el principal operador de esta oferta para las peque\u00f1as y medianas empresas de la regi\u00f3n de Valpara\u00edso. De esta manera, podemos acercar nuestras capacidades que como Universidad disponemos para potenciar el trabajo que las pymes realizan, ayud\u00e1ndoles a aumentar sus ventas, escalando hacia nuevos mercados y contribuyendo a profesionalizar su oferta\u201d, precis\u00f3.<br \/>\nDesde el \u00e1mbito del gobierno local participan los municipios de las provincias de San Felipe y Los Andes, estableci\u00e9ndose centros sat\u00e9lites en esta \u00faltima ciudad y en Panquehue para atender a emprendedores y empresas.<br \/>\n\u201cEste es un modelo que Estados Unidos lo tiene aprobado hace mucho tiempo y fue ratificado en un convenio que firm\u00f3 la presidenta Bachelet con el ex presidente Obama, as\u00ed que aterriza este CDN. Nosotros queremos que las buenas ideas de nuestros empresarios se transformen en buenos negocios y para eso est\u00e1n abiertas las puertas de este centro, donde van a ser apoyados por todos los organismos p\u00fablicos competentes: Indap, Sercotec, Corfo, PROChile y, por supuesto, esta Gobernaci\u00f3n que tambi\u00e9n posee una mesa de trabajo conjunta especializada en emprendimiento\u201d, se\u00f1al\u00f3 el gobernador provincial, Eduardo Le\u00f3n.<br \/>\nDesde el \u00e1mbito acad\u00e9mico participa la Pontificia Universidad Cat\u00f3lica de Valpara\u00edso y sus diferentes escuelas, entregando capacitaciones y asesor\u00eda experta de manos de sus profesionales e investigaci\u00f3n de mercado con sus alumnos en pr\u00e1ctica.<br \/>\nDesde el \u00e1mbito empresarial participan ProAconcagua; la C\u00e1mara de Comercio de San Felipe; la Asociaci\u00f3n Gremial de Turismo Aconcagua, AGEMA; Empresas para la Miner\u00eda y Rubros Asociados AG y la Mesa-Federaci\u00f3n de Turismo Valle del Aconcagua.<br \/>\nY finalmente, desde el \u00e1mbito financiero participan Banco Estado, a trav\u00e9s de sus plataformas microempresas y peque\u00f1as empresas y BCI.<br \/>\nDichos v\u00ednculos con los actores relevantes del territorio, le permiten al Centro gestionar redes de apoyo y de cooperaci\u00f3n que potencien el crecimiento de las empresas de menor tama\u00f1o.<\/p>\n","protected":false},"excerpt":{"rendered":"<p>Un nuevo CDN para el Valle de Aconcagua fue inaugurado en San Felipe por el ministro de Econom\u00eda, el gerente general de Sercotec, ante la presencia del gobernador provincial y peque\u00f1os empresarios&#8230;<\/p>\n","protected":false},"author":1,"featured_media":80469,"comment_status":"open","ping_status":"open","sticky":false,"template":"","format":"standard","meta":{"advanced_seo_description":"","jetpack_seo_html_title":"","jetpack_seo_noindex":false,"_jetpack_memberships_contains_paid_content":false,"footnotes":""},"categories":[1],"tags":[],"class_list":["post-80468","post","type-post","status-publish","format-standard","has-post-thumbnail","hentry","category-cronica"],"jetpack_featured_media_url":"https:\/\/i0.wp.com\/eltrabajo.cl\/portal\/wp-content\/uploads\/2017\/07\/centro-desarrollo-negocios-aconcagua.jpg?fit=580%2C349&ssl=1","jetpack_sharing_enabled":true,"jetpack_likes_enabled":true,"jetpack-related-posts":[],"_links":{"self":[{"href":"https:\/\/eltrabajo.cl\/portal\/wp-json\/wp\/v2\/posts\/80468","targetHints":{"allow":["GET"]}}],"collection":[{"href":"https:\/\/eltrabajo.cl\/portal\/wp-json\/wp\/v2\/posts"}],"about":[{"href":"https:\/\/eltrabajo.cl\/portal\/wp-json\/wp\/v2\/types\/post"}],"author":[{"embeddable":true,"href":"https:\/\/eltrabajo.cl\/portal\/wp-json\/wp\/v2\/users\/1"}],"replies":[{"embeddable":true,"href":"https:\/\/eltrabajo.cl\/portal\/wp-json\/wp\/v2\/comments?post=80468"}],"version-history":[{"count":0,"href":"https:\/\/eltrabajo.cl\/portal\/wp-json\/wp\/v2\/posts\/80468\/revisions"}],"wp:featuredmedia":[{"embeddable":true,"href":"https:\/\/eltrabajo.cl\/portal\/wp-json\/wp\/v2\/media\/80469"}],"wp:attachment":[{"href":"https:\/\/eltrabajo.cl\/portal\/wp-json\/wp\/v2\/media?parent=80468"}],"wp:term":[{"taxonomy":"category","embeddable":true,"href":"https:\/\/eltrabajo.cl\/portal\/wp-json\/wp\/v2\/categories?post=80468"},{"taxonomy":"post_tag","embeddable":true,"href":"https:\/\/eltrabajo.cl\/portal\/wp-json\/wp\/v2\/tags?post=80468"}],"curies":[{"name":"wp","href":"https:\/\/api.w.org\/{rel}","templated":true}]}}