{"id":80471,"date":"2017-07-26T06:02:31","date_gmt":"2017-07-26T10:02:31","guid":{"rendered":"http:\/\/www.eltrabajo.cl\/2017\/?p=80471"},"modified":"2017-07-26T06:02:31","modified_gmt":"2017-07-26T10:02:31","slug":"intendente-aldoney-refuto-oposicion-a-la-construccion-del-embalse-en-catemu","status":"publish","type":"post","link":"https:\/\/eltrabajo.cl\/portal\/intendente-aldoney-refuto-oposicion-a-la-construccion-del-embalse-en-catemu\/","title":{"rendered":"Intendente Aldoney refut\u00f3 oposici\u00f3n a la construcci\u00f3n del Embalse en Catemu"},"content":{"rendered":"<figure id=\"attachment_80472\" aria-describedby=\"caption-attachment-80472\" style=\"width: 580px\" class=\"wp-caption alignnone\"><img data-recalc-dims=\"1\" loading=\"lazy\" decoding=\"async\" class=\"size-full wp-image-80472\" src=\"https:\/\/i0.wp.com\/www.eltrabajo.cl\/2017\/wp-content\/uploads\/2017\/07\/intendente-aldoney.jpg?resize=580%2C494\" alt=\"Gabriel Aldoney, Intendente de la Regi\u00f3n de Valpara\u00edso.\" width=\"580\" height=\"494\" srcset=\"https:\/\/i0.wp.com\/eltrabajo.cl\/portal\/wp-content\/uploads\/2017\/07\/intendente-aldoney.jpg?w=580&amp;ssl=1 580w, https:\/\/i0.wp.com\/eltrabajo.cl\/portal\/wp-content\/uploads\/2017\/07\/intendente-aldoney.jpg?resize=176%2C150&amp;ssl=1 176w, https:\/\/i0.wp.com\/eltrabajo.cl\/portal\/wp-content\/uploads\/2017\/07\/intendente-aldoney.jpg?resize=300%2C256&amp;ssl=1 300w, https:\/\/i0.wp.com\/eltrabajo.cl\/portal\/wp-content\/uploads\/2017\/07\/intendente-aldoney.jpg?resize=400%2C341&amp;ssl=1 400w\" sizes=\"auto, (max-width: 580px) 100vw, 580px\" \/><figcaption id=\"caption-attachment-80472\" class=\"wp-caption-text\">Gabriel Aldoney, Intendente de la Regi\u00f3n de Valpara\u00edso.<\/figcaption><\/figure>\n<ul>\n<li><strong><span style=\"color: #ff0000;\">Autoridad asegur\u00f3 que la ejecuci\u00f3n de la obra no est\u00e1 en cuestionamiento:<\/span>\u00a0M\u00e1xima autoridad regional afirm\u00f3 que el proyecto brindar\u00e1 \u201cseguridad h\u00eddrica\u201d a una zona que est\u00e1 presupuestada se transforme en el futuro en el \u201cnorte chico\u201d del pa\u00eds<\/strong><\/li>\n<\/ul>\n<p>El Intendente de la Regi\u00f3n de Valpara\u00edso, Gabriel Aldoney, se refiri\u00f3 a las reacciones negativas que han surgido durante las \u00faltimas semanas en torno a la construcci\u00f3n del Embalse Cerrillos -en la comuna de Catemu-, y dijo no entender \u00abel ego\u00edsmo\u00bb con el que se ha enfrentado una obra que traer\u00e1 beneficios de distinta \u00edndole para la regi\u00f3n.<br \/>\nSeg\u00fan Aldoney, no existen fundamentos s\u00f3lidos para oponerse a la construcci\u00f3n del embalse y asegur\u00f3 que \u00abla regi\u00f3n y el pa\u00eds han pasado por un per\u00edodo de sequ\u00eda muy grande, que ha afectado no s\u00f3lo la producci\u00f3n, sino que la vida de muchas familias, de personas que han dedicado su vida al campo y a la agricultura\u00bb, expuso el Intendente<br \/>\nPara el m\u00e1ximo representante de la Presidenta Michelle Bachelet en la Regi\u00f3n de Valpara\u00edso, la \u00fanica forma de hacer frente a los per\u00edodos de sequ\u00eda, es invertir recursos en proyectos que permitan acumular el agua ca\u00edda y de esa forma tener reservas h\u00eddricas que mitiguen situaciones cr\u00edticas como las que vivi\u00f3 la agricultura en la zona central del pa\u00eds durante los \u00faltimos ocho a\u00f1os.<br \/>\n\u00abDebido a la ausencia de agua, los alimentos comienzan a tener un mayor costo, se producen fen\u00f3menos de migraci\u00f3n del campo a la ciudad, es decir, hay muchas consecuencias atr\u00e1s de los per\u00edodos de sequ\u00eda y por eso a m\u00ed me parece que es una actitud tremendamente ego\u00edsta de estos sectores, que en general, privilegian sus intereses particulares por sobre los beneficios que pueda tener para la sociedad en general\u00bb, detall\u00f3 Aldoney.<br \/>\nEl Intendente record\u00f3 que esta situaci\u00f3n ya se vivi\u00f3 en una oportunidad, cuando dos d\u00e9cadas atr\u00e1s se discuti\u00f3 la construcci\u00f3n del Embalse Puntilla del Viento, momento en el que los agricultores de la segunda secci\u00f3n del R\u00edo Aconcagua tambi\u00e9n se opusieron a materializar la obra.<br \/>\n\u00abSi hubi\u00e9semos construido Puntilla del Viento, quiz\u00e1s no hubi\u00e9semos vivido lo que nos toc\u00f3 para este \u00faltimo per\u00edodo de sequ\u00eda, pero finalmente se impuso el criterio de ellos\u2026 pero yo creo que con el tiempo se ir\u00e1 demostrando que el proyecto de Catemu -como lo es Chacrillas, que est\u00e1 en proceso de llenado-, ser\u00e1 un tremendo aporte para la regi\u00f3n y para mantener el recurso h\u00eddrico, que es tan sustantivo para la vida rural y la agricultura\u00bb, argument\u00f3 Aldoney.<br \/>\nPor \u00faltimo, el Intendente reconoci\u00f3 que actualmente existen carencias en los m\u00e9todos de distribuci\u00f3n y acumulaci\u00f3n de agua y que se est\u00e1 trabajando en mejorar esos sistemas para \u00abaumentar al doble la superficie agr\u00edcola de la regi\u00f3n\u00bb, advirti\u00f3.<br \/>\n\u00abEsto podr\u00eda ser un tremendo aporte para mejorar el empleo y la actividad econ\u00f3mica, para ocupar espacios que hoy no se utilizan porque no tienen agua, por lo tanto, podr\u00eda transformarse en un factor de desarrollo muy potente para la regi\u00f3n, por eso no entiendo la actitud de estos grupos peque\u00f1os que se oponen a este tipo de proyecto\u00bb\u201d, concluy\u00f3 el Intendente Aldoney.<\/p>\n","protected":false},"excerpt":{"rendered":"<p>Autoridad asegur\u00f3 que la ejecuci\u00f3n de la obra no est\u00e1 en cuestionamiento:\u00a0M\u00e1xima autoridad regional afirm\u00f3 que el proyecto brindar\u00e1 \u201cseguridad h\u00eddrica\u201d a una zona que est\u00e1 presupuestada se transforme en el futuro&#8230;<\/p>\n","protected":false},"author":1,"featured_media":80472,"comment_status":"open","ping_status":"open","sticky":false,"template":"","format":"standard","meta":{"advanced_seo_description":"","jetpack_seo_html_title":"","jetpack_seo_noindex":false,"_jetpack_memberships_contains_paid_content":false,"footnotes":""},"categories":[1],"tags":[],"class_list":["post-80471","post","type-post","status-publish","format-standard","has-post-thumbnail","hentry","category-cronica"],"jetpack_featured_media_url":"https:\/\/i0.wp.com\/eltrabajo.cl\/portal\/wp-content\/uploads\/2017\/07\/intendente-aldoney.jpg?fit=580%2C494&ssl=1","jetpack_sharing_enabled":true,"jetpack_likes_enabled":true,"jetpack-related-posts":[],"_links":{"self":[{"href":"https:\/\/eltrabajo.cl\/portal\/wp-json\/wp\/v2\/posts\/80471","targetHints":{"allow":["GET"]}}],"collection":[{"href":"https:\/\/eltrabajo.cl\/portal\/wp-json\/wp\/v2\/posts"}],"about":[{"href":"https:\/\/eltrabajo.cl\/portal\/wp-json\/wp\/v2\/types\/post"}],"author":[{"embeddable":true,"href":"https:\/\/eltrabajo.cl\/portal\/wp-json\/wp\/v2\/users\/1"}],"replies":[{"embeddable":true,"href":"https:\/\/eltrabajo.cl\/portal\/wp-json\/wp\/v2\/comments?post=80471"}],"version-history":[{"count":0,"href":"https:\/\/eltrabajo.cl\/portal\/wp-json\/wp\/v2\/posts\/80471\/revisions"}],"wp:featuredmedia":[{"embeddable":true,"href":"https:\/\/eltrabajo.cl\/portal\/wp-json\/wp\/v2\/media\/80472"}],"wp:attachment":[{"href":"https:\/\/eltrabajo.cl\/portal\/wp-json\/wp\/v2\/media?parent=80471"}],"wp:term":[{"taxonomy":"category","embeddable":true,"href":"https:\/\/eltrabajo.cl\/portal\/wp-json\/wp\/v2\/categories?post=80471"},{"taxonomy":"post_tag","embeddable":true,"href":"https:\/\/eltrabajo.cl\/portal\/wp-json\/wp\/v2\/tags?post=80471"}],"curies":[{"name":"wp","href":"https:\/\/api.w.org\/{rel}","templated":true}]}}