{"id":80480,"date":"2017-07-26T06:04:57","date_gmt":"2017-07-26T10:04:57","guid":{"rendered":"http:\/\/www.eltrabajo.cl\/2017\/?p=80480"},"modified":"2017-07-26T06:04:57","modified_gmt":"2017-07-26T10:04:57","slug":"variado-y-entretenido-programa-de-aniversario-para-el-mes-de-agosto","status":"publish","type":"post","link":"https:\/\/eltrabajo.cl\/portal\/variado-y-entretenido-programa-de-aniversario-para-el-mes-de-agosto\/","title":{"rendered":"Variado y entretenido programa de aniversario para el mes de agosto"},"content":{"rendered":"<figure id=\"attachment_80481\" aria-describedby=\"caption-attachment-80481\" style=\"width: 580px\" class=\"wp-caption alignnone\"><img data-recalc-dims=\"1\" loading=\"lazy\" decoding=\"async\" class=\"size-full wp-image-80481\" src=\"https:\/\/i0.wp.com\/www.eltrabajo.cl\/2017\/wp-content\/uploads\/2017\/07\/conferencia-de-prensa-Concejo-Municipal.jpg?resize=580%2C259\" alt=\"El Alcalde Patricio Freire y el Concejo Municipal invitan a la comunidad a participar de las distintas actividades preparadas para celebrar un nuevo aniversario de San Felipe.\" width=\"580\" height=\"259\" srcset=\"https:\/\/i0.wp.com\/eltrabajo.cl\/portal\/wp-content\/uploads\/2017\/07\/conferencia-de-prensa-Concejo-Municipal.jpg?w=580&amp;ssl=1 580w, https:\/\/i0.wp.com\/eltrabajo.cl\/portal\/wp-content\/uploads\/2017\/07\/conferencia-de-prensa-Concejo-Municipal.jpg?resize=200%2C89&amp;ssl=1 200w, https:\/\/i0.wp.com\/eltrabajo.cl\/portal\/wp-content\/uploads\/2017\/07\/conferencia-de-prensa-Concejo-Municipal.jpg?resize=300%2C134&amp;ssl=1 300w, https:\/\/i0.wp.com\/eltrabajo.cl\/portal\/wp-content\/uploads\/2017\/07\/conferencia-de-prensa-Concejo-Municipal.jpg?resize=400%2C179&amp;ssl=1 400w\" sizes=\"auto, (max-width: 580px) 100vw, 580px\" \/><figcaption id=\"caption-attachment-80481\" class=\"wp-caption-text\">El Alcalde Patricio Freire y el Concejo Municipal invitan a la comunidad a participar de las distintas actividades preparadas para celebrar un nuevo aniversario de San Felipe.<\/figcaption><\/figure>\n<p>Con diferentes actividades, que se extender\u00e1n durante todo el mes de agosto, la comuna de San Felipe celebrar\u00e1 un nuevo aniversario.<br \/>\nSon 277 a\u00f1os de existencia los que est\u00e1 cumpliendo San Felipe, y la Municipalidad, a trav\u00e9s de su departamento de Comunicaciones y Relaciones P\u00fablicas, ha organizado un entretenido programa de aniversario que contempla actividades deportivas, inauguraciones de distintos proyectos realizados durante el \u00faltimo a\u00f1o y actividades art\u00edstico culturales, entre otras.<br \/>\nEl programa contempla la realizaci\u00f3n de los tradicionales desfiles, tanto en los sectores de Curim\u00f3n el martes 1 de agosto, y en 21 de Mayo el mi\u00e9rcoles 2 de agosto, mientras que el desfile central y donde participan los escolares de todos los establecimientos de la comuna, adem\u00e1s de organizaciones sociales, se realizar\u00e1 el jueves 3 de agosto, en la Plaza de Armas.<br \/>\nDentro de las actividades que se llevar\u00e1n a efecto adem\u00e1s, se encuentra la Ceremonia de Distinciones a vecinos destacados, que se efectuar\u00e1 tambi\u00e9n el martes 1 de agosto, a las 19 horas en el Teatro Roberto Barraza, y en ese mismo lugar se realizar\u00e1 la tradicional Gala de Aniversario, el jueves 3 de agosto a las 19 horas, donde se presentar\u00e1 el Tr\u00edo de Tenores, encabezados por Tito Beltr\u00e1n.<br \/>\nEl programa contin\u00faa con variadas actividades, entre las que se contempla la inauguraci\u00f3n del proyecto de Ciclov\u00edas, que se realizar\u00e1 en la avenida Yungay, el pr\u00f3ximo s\u00e1bado 5 de agosto, desde las 10 horas, oportunidad adem\u00e1s en que estar\u00e1 presente el programa Calles Abiertas, realizando distintas actividades deportivas.<br \/>\nEl domingo 6 de agosto en tanto, la comuna de San Felipe celebrar\u00e1 el d\u00eda del Ni\u00f1o, con muchas sorpresas para los peque\u00f1os de la casa, entre las que se cuentan juegos inflables, pinta caritas y un show con distintos personajes infantiles, adem\u00e1s de m\u00fasica y bailes. Esta fiesta para los ni\u00f1os comienza a las 10:30 en el sector de la Plaza de Armas.<br \/>\nEl s\u00e1bado 12 de agosto se realizar\u00e1 nuevamente la exposici\u00f3n de autos antiguos en la Plaza de Armas y el concurso de bandas \u2018Aconcagua vibra m\u00e1s Fuerte\u2019, junto a la ExpoTattoo, actividad organizada tambi\u00e9n por la oficina de la Juventud y que busca potenciar las distintas expresiones art\u00edsticas que se realizan en la comuna.<br \/>\nNuestro baile nacional no pod\u00eda estar ausente y es por eso que la Plaza de Armas se llenar\u00e1 de color con la actividad \u2018277 pa\u00f1uelos al viento\u2019, que se realizar\u00e1 el domingo 13 de agosto, desde las 11 horas, en la Plaza de Armas.<br \/>\nDurante todo el mes se realizar\u00e1n distintas actividades deportivas, entre las que se cuentan zumba, cicletadas, f\u00fatbol calle, b\u00e1squetbol y karate entre otras disciplinas, mientras que el show de cierre del aniversario se realizar\u00e1 el s\u00e1bado 27 de agosto, instancia donde las familias sanfelipe\u00f1as podr\u00e1n bailar con la Sonora Palacios Jr., disfrutar del humor de Rodrigo Salinas y con los dobles de Maluma y sus bailarinas y Shakira.<br \/>\nY tal como se realiz\u00f3 el a\u00f1o pasado, nuevamente este 2017, los deportistas y amigos de Javier Mu\u00f1oz han organizado la Copa Aniversario \u2018Javier Mu\u00f1oz\u2019, como una forma de recordar a este querido comunicador sanfelipe\u00f1o.<br \/>\nEl Alcalde Patricio Freire, acompa\u00f1ado del Concejo Municipal, invit\u00f3 a toda la comunidad a participar de las distintas actividades, tanto deportivas como culturales, y as\u00ed disfrutar de un aniversario m\u00e1s de la comuna de San Felipe.<br \/>\n\u201cDurante este mes tenemos un gran n\u00famero de actividades, inauguraciones de varios proyectos que realizamos en el a\u00f1o, en Seguridad P\u00fablica por ejemplo, como luminarias y variadas actividades en que podr\u00e1n participar todos los vecinos, lo que nos tiene muy contentos. Junto al Concejo Municipal hemos apoyado con los recursos para estas actividades que tradicionalmente se realizan durante el mes de agosto\u201d, dijo el jefe comunal.<\/p>\n","protected":false},"excerpt":{"rendered":"<p>Con diferentes actividades, que se extender\u00e1n durante todo el mes de agosto, la comuna de San Felipe celebrar\u00e1 un nuevo aniversario. Son 277 a\u00f1os de existencia los que est\u00e1 cumpliendo San Felipe,&#8230;<\/p>\n","protected":false},"author":1,"featured_media":80481,"comment_status":"open","ping_status":"open","sticky":false,"template":"","format":"standard","meta":{"advanced_seo_description":"","jetpack_seo_html_title":"","jetpack_seo_noindex":false,"_jetpack_memberships_contains_paid_content":false,"footnotes":""},"categories":[1],"tags":[],"class_list":["post-80480","post","type-post","status-publish","format-standard","has-post-thumbnail","hentry","category-cronica"],"jetpack_featured_media_url":"https:\/\/i0.wp.com\/eltrabajo.cl\/portal\/wp-content\/uploads\/2017\/07\/conferencia-de-prensa-Concejo-Municipal.jpg?fit=580%2C259&ssl=1","jetpack_sharing_enabled":true,"jetpack_likes_enabled":true,"jetpack-related-posts":[],"_links":{"self":[{"href":"https:\/\/eltrabajo.cl\/portal\/wp-json\/wp\/v2\/posts\/80480","targetHints":{"allow":["GET"]}}],"collection":[{"href":"https:\/\/eltrabajo.cl\/portal\/wp-json\/wp\/v2\/posts"}],"about":[{"href":"https:\/\/eltrabajo.cl\/portal\/wp-json\/wp\/v2\/types\/post"}],"author":[{"embeddable":true,"href":"https:\/\/eltrabajo.cl\/portal\/wp-json\/wp\/v2\/users\/1"}],"replies":[{"embeddable":true,"href":"https:\/\/eltrabajo.cl\/portal\/wp-json\/wp\/v2\/comments?post=80480"}],"version-history":[{"count":0,"href":"https:\/\/eltrabajo.cl\/portal\/wp-json\/wp\/v2\/posts\/80480\/revisions"}],"wp:featuredmedia":[{"embeddable":true,"href":"https:\/\/eltrabajo.cl\/portal\/wp-json\/wp\/v2\/media\/80481"}],"wp:attachment":[{"href":"https:\/\/eltrabajo.cl\/portal\/wp-json\/wp\/v2\/media?parent=80480"}],"wp:term":[{"taxonomy":"category","embeddable":true,"href":"https:\/\/eltrabajo.cl\/portal\/wp-json\/wp\/v2\/categories?post=80480"},{"taxonomy":"post_tag","embeddable":true,"href":"https:\/\/eltrabajo.cl\/portal\/wp-json\/wp\/v2\/tags?post=80480"}],"curies":[{"name":"wp","href":"https:\/\/api.w.org\/{rel}","templated":true}]}}