{"id":80531,"date":"2017-07-27T06:05:59","date_gmt":"2017-07-27T10:05:59","guid":{"rendered":"http:\/\/www.eltrabajo.cl\/2017\/?p=80531"},"modified":"2017-07-27T06:05:59","modified_gmt":"2017-07-27T10:05:59","slug":"amantes-rally-y-contrareloj-tienen-todo-listo-para-11a-copa-don-piri-2017","status":"publish","type":"post","link":"https:\/\/eltrabajo.cl\/portal\/amantes-rally-y-contrareloj-tienen-todo-listo-para-11a-copa-don-piri-2017\/","title":{"rendered":"Amantes Rally y Contrareloj tienen todo listo para 11\u00aa Copa Don Piri 2017"},"content":{"rendered":"<figure id=\"attachment_80533\" aria-describedby=\"caption-attachment-80533\" style=\"width: 580px\" class=\"wp-caption alignnone\"><img data-recalc-dims=\"1\" loading=\"lazy\" decoding=\"async\" class=\"size-full wp-image-80533\" src=\"https:\/\/i0.wp.com\/www.eltrabajo.cl\/2017\/wp-content\/uploads\/2017\/07\/Piri2.jpg?resize=580%2C349\" alt=\"El s\u00e1bado 19 y domingo 20 de agosto, en el Cruce Calle Placilla con Tocornal, sector El Llano, Santa Mar\u00eda, se correr\u00e1 la \u2018Copa Don Pir\u00ed 2017\u2019.\" width=\"580\" height=\"349\" srcset=\"https:\/\/i0.wp.com\/eltrabajo.cl\/portal\/wp-content\/uploads\/2017\/07\/Piri2.jpg?w=580&amp;ssl=1 580w, https:\/\/i0.wp.com\/eltrabajo.cl\/portal\/wp-content\/uploads\/2017\/07\/Piri2.jpg?resize=200%2C120&amp;ssl=1 200w, https:\/\/i0.wp.com\/eltrabajo.cl\/portal\/wp-content\/uploads\/2017\/07\/Piri2.jpg?resize=300%2C181&amp;ssl=1 300w, https:\/\/i0.wp.com\/eltrabajo.cl\/portal\/wp-content\/uploads\/2017\/07\/Piri2.jpg?resize=249%2C150&amp;ssl=1 249w, https:\/\/i0.wp.com\/eltrabajo.cl\/portal\/wp-content\/uploads\/2017\/07\/Piri2.jpg?resize=400%2C241&amp;ssl=1 400w\" sizes=\"auto, (max-width: 580px) 100vw, 580px\" \/><figcaption id=\"caption-attachment-80533\" class=\"wp-caption-text\">El s\u00e1bado 19 y domingo 20 de agosto, en el Cruce Calle Placilla con Tocornal, sector El Llano, Santa Mar\u00eda, se correr\u00e1 la \u2018Copa Don Pir\u00ed 2017\u2019.<\/figcaption><\/figure>\n<ul>\n<li><span style=\"color: #ff0000;\"><strong>Cruce Calle Placilla con Tocornal, sector El Llano, a beneficio Bomberos:<\/strong><\/span><\/li>\n<\/ul>\n<p><strong>SANTA MAR\u00cdA.-<\/strong> Para los amantes de las competencias todo terreno, hoy en Diario El Trabajo les informamos que el s\u00e1bado 19 y domingo 20 de agosto, en el Cruce Calle Placilla con Tocornal, sector El Llano, Santa Mar\u00eda, se correr\u00e1 la \u2018Copa Don Pir\u00ed 2017\u2019, tras once a\u00f1os de aventuras del Team Bike Track, con la colaboraci\u00f3n de la brigada de Bomba Tocornal, en donde diversos clubes 4\u00d74 se re\u00fanen a competir en Circuito de Endurans y Circuito Contrareloj.<br \/>\n\u00abQuiero tambi\u00e9n informar a los lectores de Diario El Trabajo, que nada har\u00e1 que se suspenda la competencia, se correr\u00e1 con lluvia, viento o sol. Esperamos que el p\u00fablico nos pueda cooperar y disfrutar de esta entretenida actividad. Como Bomba Tocornal nos interesa hacer publicidad a este evento, porque todos los fondos recaudados en el casino van en directo beneficio de nuestra Compa\u00f1\u00eda, y un porcentaje de las entradas tambi\u00e9n va en favor de nosotros. Recordemos que a contar del 10 de julio se comenz\u00f3 a construir nuestro futuro cuartel, el que estar\u00e1 ubicado en Villa Los Bosques de Tocornal, en sector El Pino. Es por eso que necesitamos la mayor cooperaci\u00f3n de la comunidad para empezar a juntar recursos para poner en marcha nuestra Compa\u00f1\u00eda, es como equipar una casa, junto con comprar materiales de trabajo que van en directo beneficio de la comunidad\u00bb, inform\u00f3 a nuestro medio Carolina Gonz\u00e1lez Lazcano, secretaria de Brigada Bomba Tocornal.<br \/>\nSeg\u00fan inform\u00f3 esta funcionaria a Diario El Trabajo, la de Brigada Bomba Tocornal, futura Tercera Compa\u00f1\u00eda, estar\u00e1 a cargo de la seguridad de la carrera (Primeros Auxilios en caso de volcamiento) y adem\u00e1s estar\u00e1n a cargo del cobro de las entradas del evento.<\/p>\n<figure id=\"attachment_80532\" aria-describedby=\"caption-attachment-80532\" style=\"width: 580px\" class=\"wp-caption alignnone\"><img data-recalc-dims=\"1\" loading=\"lazy\" decoding=\"async\" class=\"size-full wp-image-80532\" src=\"https:\/\/i0.wp.com\/www.eltrabajo.cl\/2017\/wp-content\/uploads\/2017\/07\/Piri1.jpg?resize=580%2C349\" alt=\"LA JORNADA.- S\u00e1bado 19: Prueba Especial de Rally 10:00 horas; domingo 20: Circuito Contrareloj a las 10:00 horas.\" width=\"580\" height=\"349\" srcset=\"https:\/\/i0.wp.com\/eltrabajo.cl\/portal\/wp-content\/uploads\/2017\/07\/Piri1.jpg?w=580&amp;ssl=1 580w, https:\/\/i0.wp.com\/eltrabajo.cl\/portal\/wp-content\/uploads\/2017\/07\/Piri1.jpg?resize=200%2C120&amp;ssl=1 200w, https:\/\/i0.wp.com\/eltrabajo.cl\/portal\/wp-content\/uploads\/2017\/07\/Piri1.jpg?resize=300%2C181&amp;ssl=1 300w, https:\/\/i0.wp.com\/eltrabajo.cl\/portal\/wp-content\/uploads\/2017\/07\/Piri1.jpg?resize=249%2C150&amp;ssl=1 249w, https:\/\/i0.wp.com\/eltrabajo.cl\/portal\/wp-content\/uploads\/2017\/07\/Piri1.jpg?resize=400%2C241&amp;ssl=1 400w\" sizes=\"auto, (max-width: 580px) 100vw, 580px\" \/><figcaption id=\"caption-attachment-80532\" class=\"wp-caption-text\">LA JORNADA.- S\u00e1bado 19: Prueba Especial de Rally 10:00 horas; domingo 20: Circuito Contrareloj a las 10:00 horas.<\/figcaption><\/figure>\n<figure id=\"attachment_80534\" aria-describedby=\"caption-attachment-80534\" style=\"width: 580px\" class=\"wp-caption alignnone\"><img data-recalc-dims=\"1\" loading=\"lazy\" decoding=\"async\" class=\"size-full wp-image-80534\" src=\"https:\/\/i0.wp.com\/www.eltrabajo.cl\/2017\/wp-content\/uploads\/2017\/07\/Piri3.jpg?resize=580%2C350\" alt=\"As\u00ed van las obras de construcci\u00f3n del nuevo cuartel de la 3\u00aa Compa\u00f1\u00eda de Bomberos de Santa Mar\u00eda.\" width=\"580\" height=\"350\" srcset=\"https:\/\/i0.wp.com\/eltrabajo.cl\/portal\/wp-content\/uploads\/2017\/07\/Piri3.jpg?w=580&amp;ssl=1 580w, https:\/\/i0.wp.com\/eltrabajo.cl\/portal\/wp-content\/uploads\/2017\/07\/Piri3.jpg?resize=200%2C121&amp;ssl=1 200w, https:\/\/i0.wp.com\/eltrabajo.cl\/portal\/wp-content\/uploads\/2017\/07\/Piri3.jpg?resize=300%2C181&amp;ssl=1 300w, https:\/\/i0.wp.com\/eltrabajo.cl\/portal\/wp-content\/uploads\/2017\/07\/Piri3.jpg?resize=249%2C150&amp;ssl=1 249w, https:\/\/i0.wp.com\/eltrabajo.cl\/portal\/wp-content\/uploads\/2017\/07\/Piri3.jpg?resize=400%2C241&amp;ssl=1 400w\" sizes=\"auto, (max-width: 580px) 100vw, 580px\" \/><figcaption id=\"caption-attachment-80534\" class=\"wp-caption-text\">As\u00ed van las obras de construcci\u00f3n del nuevo cuartel de la 3\u00aa Compa\u00f1\u00eda de Bomberos de Santa Mar\u00eda.<\/figcaption><\/figure>\n","protected":false},"excerpt":{"rendered":"<p>Cruce Calle Placilla con Tocornal, sector El Llano, a beneficio Bomberos: SANTA MAR\u00cdA.- Para los amantes de las competencias todo terreno, hoy en Diario El Trabajo les informamos que el s\u00e1bado 19&#8230;<\/p>\n","protected":false},"author":1,"featured_media":80532,"comment_status":"open","ping_status":"open","sticky":false,"template":"","format":"standard","meta":{"advanced_seo_description":"","jetpack_seo_html_title":"","jetpack_seo_noindex":false,"_jetpack_memberships_contains_paid_content":false,"footnotes":""},"categories":[15],"tags":[],"class_list":["post-80531","post","type-post","status-publish","format-standard","has-post-thumbnail","hentry","category-comunidad"],"jetpack_featured_media_url":"https:\/\/i0.wp.com\/eltrabajo.cl\/portal\/wp-content\/uploads\/2017\/07\/Piri1.jpg?fit=580%2C349&ssl=1","jetpack_sharing_enabled":true,"jetpack_likes_enabled":true,"jetpack-related-posts":[],"_links":{"self":[{"href":"https:\/\/eltrabajo.cl\/portal\/wp-json\/wp\/v2\/posts\/80531","targetHints":{"allow":["GET"]}}],"collection":[{"href":"https:\/\/eltrabajo.cl\/portal\/wp-json\/wp\/v2\/posts"}],"about":[{"href":"https:\/\/eltrabajo.cl\/portal\/wp-json\/wp\/v2\/types\/post"}],"author":[{"embeddable":true,"href":"https:\/\/eltrabajo.cl\/portal\/wp-json\/wp\/v2\/users\/1"}],"replies":[{"embeddable":true,"href":"https:\/\/eltrabajo.cl\/portal\/wp-json\/wp\/v2\/comments?post=80531"}],"version-history":[{"count":0,"href":"https:\/\/eltrabajo.cl\/portal\/wp-json\/wp\/v2\/posts\/80531\/revisions"}],"wp:featuredmedia":[{"embeddable":true,"href":"https:\/\/eltrabajo.cl\/portal\/wp-json\/wp\/v2\/media\/80532"}],"wp:attachment":[{"href":"https:\/\/eltrabajo.cl\/portal\/wp-json\/wp\/v2\/media?parent=80531"}],"wp:term":[{"taxonomy":"category","embeddable":true,"href":"https:\/\/eltrabajo.cl\/portal\/wp-json\/wp\/v2\/categories?post=80531"},{"taxonomy":"post_tag","embeddable":true,"href":"https:\/\/eltrabajo.cl\/portal\/wp-json\/wp\/v2\/tags?post=80531"}],"curies":[{"name":"wp","href":"https:\/\/api.w.org\/{rel}","templated":true}]}}