{"id":80551,"date":"2017-07-28T06:01:30","date_gmt":"2017-07-28T10:01:30","guid":{"rendered":"http:\/\/www.eltrabajo.cl\/2017\/?p=80551"},"modified":"2017-07-28T06:01:30","modified_gmt":"2017-07-28T10:01:30","slug":"autoridades-de-putaendo-en-estado-de-alerta-por-agresiva-amenaza-minera","status":"publish","type":"post","link":"https:\/\/eltrabajo.cl\/portal\/autoridades-de-putaendo-en-estado-de-alerta-por-agresiva-amenaza-minera\/","title":{"rendered":"Autoridades de Putaendo en estado de alerta por \u00abagresiva amenaza minera\u00bb"},"content":{"rendered":"<figure id=\"attachment_80552\" aria-describedby=\"caption-attachment-80552\" style=\"width: 580px\" class=\"wp-caption alignnone\"><img data-recalc-dims=\"1\" loading=\"lazy\" decoding=\"async\" class=\"size-full wp-image-80552\" src=\"https:\/\/i0.wp.com\/www.eltrabajo.cl\/2017\/wp-content\/uploads\/2017\/07\/Alcalde-y-Concejo-Ministro-MedioAmbiente.jpg?resize=580%2C380\" alt=\"Autoridades y dirigentes putaendinos se reunieron con el Ministro de Medio Ambiente, Marcelo Mena, para darle a conocer el oscuro panorama que enfrente la comuna.\" width=\"580\" height=\"380\" srcset=\"https:\/\/i0.wp.com\/eltrabajo.cl\/portal\/wp-content\/uploads\/2017\/07\/Alcalde-y-Concejo-Ministro-MedioAmbiente.jpg?w=580&amp;ssl=1 580w, https:\/\/i0.wp.com\/eltrabajo.cl\/portal\/wp-content\/uploads\/2017\/07\/Alcalde-y-Concejo-Ministro-MedioAmbiente.jpg?resize=200%2C131&amp;ssl=1 200w, https:\/\/i0.wp.com\/eltrabajo.cl\/portal\/wp-content\/uploads\/2017\/07\/Alcalde-y-Concejo-Ministro-MedioAmbiente.jpg?resize=300%2C197&amp;ssl=1 300w, https:\/\/i0.wp.com\/eltrabajo.cl\/portal\/wp-content\/uploads\/2017\/07\/Alcalde-y-Concejo-Ministro-MedioAmbiente.jpg?resize=229%2C150&amp;ssl=1 229w, https:\/\/i0.wp.com\/eltrabajo.cl\/portal\/wp-content\/uploads\/2017\/07\/Alcalde-y-Concejo-Ministro-MedioAmbiente.jpg?resize=400%2C262&amp;ssl=1 400w\" sizes=\"auto, (max-width: 580px) 100vw, 580px\" \/><figcaption id=\"caption-attachment-80552\" class=\"wp-caption-text\">Autoridades y dirigentes putaendinos se reunieron con el Ministro de Medio Ambiente, Marcelo Mena, para darle a conocer el oscuro panorama que enfrente la comuna.<\/figcaption><\/figure>\n<ul>\n<li><span style=\"color: #ff0000;\"><strong>Alcalde y Concejales se re\u00fanen con Ministro de Medio Ambiente: <span style=\"color: #000000;\">Preocupados por proyectos en la cuenca del Roc\u00edn y en la alta cordillera de la comuna, rechazan tajantemente toda actividad minera que afecte el medioambiente, la biodiversidad y morfolog\u00eda cordillerana de Putaendo.<\/span><\/strong><\/span><\/li>\n<\/ul>\n<p><span style=\"color: #000000;\"><strong>PUTAENDO.-<\/strong> La tarde de este mi\u00e9rcoles, autoridades putaendinas, junto a repr<\/span>esentantes de la Junta de Vigilancia del R\u00edo Putaendo y el diputado Marcelo Schilling, se reunieron con el Ministro de Medio Ambiente, Marcelo Mena, para dar a conocer la compleja situaci\u00f3n que vive la comuna a causa de dos proyectos mineros que amenazan con instalarse definitivamente en la zona, da\u00f1ando irremediablemente el fr\u00e1gil ecosistema de Putaendo.<br \/>\nSeg\u00fan coment\u00f3 el Alcalde Guillermo Reyes, como Concejo Municipal \u00abnos pareci\u00f3 pertinente y necesario que la primera autoridad en materia medioambiental del pa\u00eds, escuchara el dif\u00edcil escenario que enfrenta la comuna. Ten\u00edamos la decisi\u00f3n como Concejo de sostener esta audiencia con el Ministro y darle a conocer toda la informaci\u00f3n que tenemos respecto a las amenazas mineras que, actualmente, hay en Putaendo\u00bb, inform\u00f3 el edil.<br \/>\nComplementariamente, el jefe comunal anunci\u00f3 que \u00abse realizar\u00e1n todos los actos administrativos y judiciales tendientes a impedir el deterioro del medio ambiente que ha ocasionado y que podr\u00edan ocasionar faenas mineras en la cordillera y cuenca de nuestros r\u00edos\u00bb.<br \/>\nRecordemos que, hace pocos meses, la Superintendencia del Medio Ambiente sancion\u00f3 al proyecto minero Vizcachitas Holding por infringir la normativa medioambiental vigente.<\/p>\n<p><span style=\"color: #ff0000;\"><strong>COMUNA M\u00c1S VULNERABLE AL CAMBIO CLIM\u00c1TICO<\/strong><\/span><br \/>\nPor su parte, el Ministro Mena, junto con recibir los antecedentes aportados por el Municipio, entreg\u00f3 informaci\u00f3n que podr\u00eda resultar clave para el futuro de la comuna, indicando que seg\u00fan informes del Ministerio de Medio Ambiente, Putaendo es una de las comunas m\u00e1s vulnerables del pa\u00eds respecto al cambio clim\u00e1tico. Indicador que demostrar\u00eda la fragilidad del ecosistema local e inviabilidad para ejecutar proyectos mineros que ser\u00edan extremadamente peligrosos por sus impactos negativos en la zona.<br \/>\n\u00abEl propio Ministerio de Medio Ambiente tiene claridad que el lugar donde se har\u00edan estas faenas de extracci\u00f3n es extremadamente peligroso para Putaendo, donde existe una riqueza importante en materia de flora y fauna, generando un da\u00f1o permanente en nuestra Cordillera\u00bb, indic\u00f3 la autoridad putaendina, preocupada por el gran impacto que provocar\u00eda la miner\u00eda en la biodiversidad de la comuna.<br \/>\n\u00abLa gran miner\u00eda ya ha generado da\u00f1o ambiental y por eso seguiremos trabajando como Concejo Municipal unidos con toda la comunidad, de tal manera que podamos lograr que, en ese lugar, que es tan sensible, nunca se desarrollen proyectos mineros, porque irremediablemente dichas faenas contaminar\u00edan nuestros r\u00edos, el agua del Embalse Chacrillas y destruir\u00edan los glaciares de roca en la Cordillera de Putaendo. Es un desaf\u00edo en el que esperamos contar con el apoyo del Seremi de Medio Ambiente, el Gobierno Regional y el Gobierno Central,\u00bb, concluy\u00f3 el alcalde Reyes.<\/p>\n","protected":false},"excerpt":{"rendered":"<p>Alcalde y Concejales se re\u00fanen con Ministro de Medio Ambiente: Preocupados por proyectos en la cuenca del Roc\u00edn y en la alta cordillera de la comuna, rechazan tajantemente toda actividad minera que&#8230;<\/p>\n","protected":false},"author":1,"featured_media":80552,"comment_status":"open","ping_status":"open","sticky":false,"template":"","format":"standard","meta":{"advanced_seo_description":"","jetpack_seo_html_title":"","jetpack_seo_noindex":false,"_jetpack_memberships_contains_paid_content":false,"footnotes":""},"categories":[1],"tags":[],"class_list":["post-80551","post","type-post","status-publish","format-standard","has-post-thumbnail","hentry","category-cronica"],"jetpack_featured_media_url":"https:\/\/i0.wp.com\/eltrabajo.cl\/portal\/wp-content\/uploads\/2017\/07\/Alcalde-y-Concejo-Ministro-MedioAmbiente.jpg?fit=580%2C380&ssl=1","jetpack_sharing_enabled":true,"jetpack_likes_enabled":true,"jetpack-related-posts":[],"_links":{"self":[{"href":"https:\/\/eltrabajo.cl\/portal\/wp-json\/wp\/v2\/posts\/80551","targetHints":{"allow":["GET"]}}],"collection":[{"href":"https:\/\/eltrabajo.cl\/portal\/wp-json\/wp\/v2\/posts"}],"about":[{"href":"https:\/\/eltrabajo.cl\/portal\/wp-json\/wp\/v2\/types\/post"}],"author":[{"embeddable":true,"href":"https:\/\/eltrabajo.cl\/portal\/wp-json\/wp\/v2\/users\/1"}],"replies":[{"embeddable":true,"href":"https:\/\/eltrabajo.cl\/portal\/wp-json\/wp\/v2\/comments?post=80551"}],"version-history":[{"count":0,"href":"https:\/\/eltrabajo.cl\/portal\/wp-json\/wp\/v2\/posts\/80551\/revisions"}],"wp:featuredmedia":[{"embeddable":true,"href":"https:\/\/eltrabajo.cl\/portal\/wp-json\/wp\/v2\/media\/80552"}],"wp:attachment":[{"href":"https:\/\/eltrabajo.cl\/portal\/wp-json\/wp\/v2\/media?parent=80551"}],"wp:term":[{"taxonomy":"category","embeddable":true,"href":"https:\/\/eltrabajo.cl\/portal\/wp-json\/wp\/v2\/categories?post=80551"},{"taxonomy":"post_tag","embeddable":true,"href":"https:\/\/eltrabajo.cl\/portal\/wp-json\/wp\/v2\/tags?post=80551"}],"curies":[{"name":"wp","href":"https:\/\/api.w.org\/{rel}","templated":true}]}}