{"id":80554,"date":"2017-07-28T06:02:56","date_gmt":"2017-07-28T10:02:56","guid":{"rendered":"http:\/\/www.eltrabajo.cl\/2017\/?p=80554"},"modified":"2017-07-28T06:02:56","modified_gmt":"2017-07-28T10:02:56","slug":"parte-construccion-del-jardin-mas-grande-de-la-provincia-de-san-felipe","status":"publish","type":"post","link":"https:\/\/eltrabajo.cl\/portal\/parte-construccion-del-jardin-mas-grande-de-la-provincia-de-san-felipe\/","title":{"rendered":"Parte construcci\u00f3n del jard\u00edn m\u00e1s grande de la provincia de San Felipe"},"content":{"rendered":"<figure id=\"attachment_80555\" aria-describedby=\"caption-attachment-80555\" style=\"width: 580px\" class=\"wp-caption alignnone\"><img data-recalc-dims=\"1\" loading=\"lazy\" decoding=\"async\" class=\"size-full wp-image-80555\" src=\"https:\/\/i0.wp.com\/www.eltrabajo.cl\/2017\/wp-content\/uploads\/2017\/07\/Escuela-Hogar_2.jpg?resize=580%2C380\" alt=\"Vecinos de las villas Sol Naciente, Renacer, Industrial y 250 A\u00f1os, felices junto a las autoridades durante la entrega del terreno donde se levantar\u00e1 el jard\u00edn m\u00e1s grande de la provincia.\" width=\"580\" height=\"380\" srcset=\"https:\/\/i0.wp.com\/eltrabajo.cl\/portal\/wp-content\/uploads\/2017\/07\/Escuela-Hogar_2.jpg?w=580&amp;ssl=1 580w, https:\/\/i0.wp.com\/eltrabajo.cl\/portal\/wp-content\/uploads\/2017\/07\/Escuela-Hogar_2.jpg?resize=200%2C131&amp;ssl=1 200w, https:\/\/i0.wp.com\/eltrabajo.cl\/portal\/wp-content\/uploads\/2017\/07\/Escuela-Hogar_2.jpg?resize=300%2C197&amp;ssl=1 300w, https:\/\/i0.wp.com\/eltrabajo.cl\/portal\/wp-content\/uploads\/2017\/07\/Escuela-Hogar_2.jpg?resize=229%2C150&amp;ssl=1 229w, https:\/\/i0.wp.com\/eltrabajo.cl\/portal\/wp-content\/uploads\/2017\/07\/Escuela-Hogar_2.jpg?resize=400%2C262&amp;ssl=1 400w\" sizes=\"auto, (max-width: 580px) 100vw, 580px\" \/><figcaption id=\"caption-attachment-80555\" class=\"wp-caption-text\">Vecinos de las villas Sol Naciente, Renacer, Industrial y 250 A\u00f1os, felices junto a las autoridades durante la entrega del terreno donde se levantar\u00e1 el jard\u00edn m\u00e1s grande de la provincia.<\/figcaption><\/figure>\n<ul>\n<li><strong><span style=\"color: #ff0000;\">Inversi\u00f3n superior a los mil millones de pesos:<\/span>\u00a0Recinto, ubicado en el sector Las Cuatro Villas, contar\u00e1 con dos salas cuna y tres niveles medios para brindar educaci\u00f3n gratuita y de calidad a 124 ni\u00f1os y ni\u00f1as de este sector que hab\u00eda estado postergado de inversiones de estas caracter\u00edsticas.<\/strong><\/li>\n<\/ul>\n<p>Con el acto administrativo de entrega de terreno se dio el vamos a la construcci\u00f3n del jard\u00edn infantil m\u00e1s grande de la Provincia de San Felipe. Este recinto, que atender\u00e1 a 124 ni\u00f1os y ni\u00f1as, est\u00e1 ubicado en el sector Las Cuatro Villas y promete una arquitectura y dise\u00f1o de primer nivel, de acuerdo al compromiso adquirido por el gobierno de la presidenta Michelle Bachelet.<br \/>\nLa comunidad de las villas Sol Naciente, Renacer, Industrial y 250 A\u00f1os, se mostraron felices ya que en alrededor de ocho meses m\u00e1s sus hijos e hijas podr\u00e1n acceder a educaci\u00f3n parvularia gratuita y de calidad, lo que se suma tambi\u00e9n al trabajo que realiza en este sector el Programa Quiero Mi Barrio, el que est\u00e1 interviniendo y mejorando la calidad de vida de los pobladores.<br \/>\n\u201cVer que se va a construir el jard\u00edn infantil m\u00e1s grande de Aconcagua ac\u00e1 es muy importante para nosotros, para el tema de la gratuidad de los ni\u00f1os y ni\u00f1as que van a venir ac\u00e1, y tambi\u00e9n para ver que nosotros estamos siendo incorporados nuevamente a San Felipe y seguir trabajando por sacar adelante a nuestro barrio y que nuestros ni\u00f1os tengan la oportunidad y facilidad de estudiar en cualquier lado a pesar de vivir en las Cuatro Villas\u201d, manifest\u00f3 Iv\u00e1n Irarr\u00e1zaval, dirigente vecinal del sector.<br \/>\nEn la actividad, la Junji entreg\u00f3 el terreno a la empresa constructora que se adjudic\u00f3 el proyecto denominado \u2018Escuela Hogar\u2019, con la presencia del Gobernador Eduardo Le\u00f3n, el Alcalde Patricio Freire y la Directora regional Junji Valpara\u00edso, Carolina Morales, quienes destacaron el aumento de cobertura en establecimientos de educaci\u00f3n parvularia para m\u00e1s de 500 ni\u00f1os y ni\u00f1as de la provincia.<br \/>\n\u201cEste proyecto Escuela Hogar es el proyecto m\u00e1s grande de la provincia de San Felipe, y se une a los otros nueve proyectos que hoy d\u00eda est\u00e1n en construcci\u00f3n en la provincia, donde vamos a atender a m\u00e1s de 550 ni\u00f1os y ni\u00f1as con una inversi\u00f3n aproximada de 7 mil millones de pesos. Pero m\u00e1s que la cifra, como le dec\u00eda a los vecinos y vecinas, aqu\u00ed estamos como Gobierno, aqu\u00ed est\u00e1 cumpliendo la presidenta Michelle Bachelet porque estamos entregando educaci\u00f3n p\u00fablica gratuita y de calidad, entregando espacios educativos dignos para la comunidad de la provincia de San Felipe\u201d, indic\u00f3 Carolina Morales.<br \/>\nEn tanto, el Gobernador Le\u00f3n, indic\u00f3 que el gobierno de la presidenta Bachelet se comprometi\u00f3 en sacar adelante al sector de las Cuatro Villas, el que hab\u00eda sido postergado en administraciones anteriores y que hoy comienza a cambiarle la cara para los miles de sanfelipe\u00f1os que residen en este barrio.<br \/>\n\u201cHoy empieza la empresa a construir el jard\u00edn m\u00e1s grande y bonito de la provincia de San Felipe y pocas cuadras de ac\u00e1 se est\u00e1 dise\u00f1ando el mejor estadio de Aconcagua. Nosotros vamos a seguir con ese compromiso, lo tomamos desde el primer hasta el \u00faltimo d\u00eda: creemos que la educaci\u00f3n es un derecho, la gratuidad de la educaci\u00f3n es la puerta para hacer de Chile un pa\u00eds m\u00e1s justo y eso es un reflejo concreto de lo que estamos haciendo ac\u00e1 en este jard\u00edn\u201d, precis\u00f3 la m\u00e1xima autoridad provincial.<br \/>\nEl proyecto tiene una inversi\u00f3n superior a los mil millones de pesos, y posee alto est\u00e1ndar de control t\u00e9rmico mediante ventanas con sistema termopanel. Los principales recintos cuentan con climatizaci\u00f3n mediante radiadores. Posee sala de expansi\u00f3n para cada sala de actividades, aumentando el \u00e1rea disponible para cada ni\u00f1o y ni\u00f1a.<br \/>\nPosee zona de paisajismo, espacios cien por ciento accesibles para personas con movilidad reducida, junto a instalaciones accesibles y huerto para actividades educativas, adem\u00e1s circuito cerrado de TV para mayor seguridad, y se espera que se entregue a la comunidad en un plazo m\u00e1ximo de 8 meses.<br \/>\nQUIERO MI BARRIO<br \/>\nEl Programa Quiero Mi Barrio del Ministerio de Vivienda y Urbanismo, desarrolla acciones complementarias orientadas a fomentar la participaci\u00f3n de ni\u00f1os y ni\u00f1as. Es por ello que en el trabajo de recuperaci\u00f3n de las Cuatro Villas han desarrollado actividades como cine vecinal para ni\u00f1os, pasant\u00edas socioeducativas, talleres deportivos, teatro y pintura de murales. Incluso, un total de 41 ni\u00f1os ya fueron certificados como Mini Reporteros, luego de participar de un taller de periodismo barrial.<\/p>\n","protected":false},"excerpt":{"rendered":"<p>Inversi\u00f3n superior a los mil millones de pesos:\u00a0Recinto, ubicado en el sector Las Cuatro Villas, contar\u00e1 con dos salas cuna y tres niveles medios para brindar educaci\u00f3n gratuita y de calidad a&#8230;<\/p>\n","protected":false},"author":1,"featured_media":80555,"comment_status":"open","ping_status":"open","sticky":false,"template":"","format":"standard","meta":{"advanced_seo_description":"","jetpack_seo_html_title":"","jetpack_seo_noindex":false,"_jetpack_memberships_contains_paid_content":false,"footnotes":""},"categories":[1],"tags":[],"class_list":["post-80554","post","type-post","status-publish","format-standard","has-post-thumbnail","hentry","category-cronica"],"jetpack_featured_media_url":"https:\/\/i0.wp.com\/eltrabajo.cl\/portal\/wp-content\/uploads\/2017\/07\/Escuela-Hogar_2.jpg?fit=580%2C380&ssl=1","jetpack_sharing_enabled":true,"jetpack_likes_enabled":true,"jetpack-related-posts":[],"_links":{"self":[{"href":"https:\/\/eltrabajo.cl\/portal\/wp-json\/wp\/v2\/posts\/80554","targetHints":{"allow":["GET"]}}],"collection":[{"href":"https:\/\/eltrabajo.cl\/portal\/wp-json\/wp\/v2\/posts"}],"about":[{"href":"https:\/\/eltrabajo.cl\/portal\/wp-json\/wp\/v2\/types\/post"}],"author":[{"embeddable":true,"href":"https:\/\/eltrabajo.cl\/portal\/wp-json\/wp\/v2\/users\/1"}],"replies":[{"embeddable":true,"href":"https:\/\/eltrabajo.cl\/portal\/wp-json\/wp\/v2\/comments?post=80554"}],"version-history":[{"count":0,"href":"https:\/\/eltrabajo.cl\/portal\/wp-json\/wp\/v2\/posts\/80554\/revisions"}],"wp:featuredmedia":[{"embeddable":true,"href":"https:\/\/eltrabajo.cl\/portal\/wp-json\/wp\/v2\/media\/80555"}],"wp:attachment":[{"href":"https:\/\/eltrabajo.cl\/portal\/wp-json\/wp\/v2\/media?parent=80554"}],"wp:term":[{"taxonomy":"category","embeddable":true,"href":"https:\/\/eltrabajo.cl\/portal\/wp-json\/wp\/v2\/categories?post=80554"},{"taxonomy":"post_tag","embeddable":true,"href":"https:\/\/eltrabajo.cl\/portal\/wp-json\/wp\/v2\/tags?post=80554"}],"curies":[{"name":"wp","href":"https:\/\/api.w.org\/{rel}","templated":true}]}}