{"id":80565,"date":"2017-07-28T06:05:10","date_gmt":"2017-07-28T10:05:10","guid":{"rendered":"http:\/\/www.eltrabajo.cl\/2017\/?p=80565"},"modified":"2017-07-28T06:05:10","modified_gmt":"2017-07-28T10:05:10","slug":"jugueteros-del-pais-en-la-cuarta-expotoys-sanfelipena-de-2017","status":"publish","type":"post","link":"https:\/\/eltrabajo.cl\/portal\/jugueteros-del-pais-en-la-cuarta-expotoys-sanfelipena-de-2017\/","title":{"rendered":"Jugueteros del pa\u00eds en la cuarta ExpoToys sanfelipe\u00f1a de 2017"},"content":{"rendered":"<figure id=\"attachment_80567\" aria-describedby=\"caption-attachment-80567\" style=\"width: 580px\" class=\"wp-caption alignnone\"><img data-recalc-dims=\"1\" loading=\"lazy\" decoding=\"async\" class=\"size-full wp-image-80567\" src=\"https:\/\/i0.wp.com\/www.eltrabajo.cl\/2017\/wp-content\/uploads\/2017\/07\/Toys2.jpg?resize=580%2C379\" alt=\"DE PEL\u00cdCULA.- Este es uno de los admiradores del personaje \u2018Predator\u2019, ojala lo podamos ver en San Felipe este a\u00f1o.\" width=\"580\" height=\"379\" srcset=\"https:\/\/i0.wp.com\/eltrabajo.cl\/portal\/wp-content\/uploads\/2017\/07\/Toys2.jpg?w=580&amp;ssl=1 580w, https:\/\/i0.wp.com\/eltrabajo.cl\/portal\/wp-content\/uploads\/2017\/07\/Toys2.jpg?resize=200%2C131&amp;ssl=1 200w, https:\/\/i0.wp.com\/eltrabajo.cl\/portal\/wp-content\/uploads\/2017\/07\/Toys2.jpg?resize=300%2C196&amp;ssl=1 300w, https:\/\/i0.wp.com\/eltrabajo.cl\/portal\/wp-content\/uploads\/2017\/07\/Toys2.jpg?resize=230%2C150&amp;ssl=1 230w, https:\/\/i0.wp.com\/eltrabajo.cl\/portal\/wp-content\/uploads\/2017\/07\/Toys2.jpg?resize=400%2C261&amp;ssl=1 400w\" sizes=\"auto, (max-width: 580px) 100vw, 580px\" \/><figcaption id=\"caption-attachment-80567\" class=\"wp-caption-text\">DE PEL\u00cdCULA.- Este es uno de los admiradores del personaje \u2018Predator\u2019, ojala lo podamos ver en San Felipe este a\u00f1o.<\/figcaption><\/figure>\n<ul>\n<li><span style=\"color: #ff0000;\"><strong>S\u00e1bado 5 de agosto desde las 11:00 hasta las 19:00 horas:<\/strong><\/span><\/li>\n<\/ul>\n<p>Este domingo se realizar\u00e1 en el Complejo Cultural Buen Pastor, la IV ExpoToys San Felipe 2017. Esta jornada de entretenidos pasajes al pasado, a trav\u00e9s de los juguetes de personajes que nos hicieron so\u00f1ar durante las d\u00e9cadas de los ochenta, noventa y 2000, simplemente promete un inolvidable paseo a nuestros a\u00f1os de infancia.<br \/>\nLa ExpoToys 2017 iniciar\u00e1 el s\u00e1bado 5 de agosto desde las 11:00 hasta las 19:00 horas, tambi\u00e9n habr\u00e1 r\u00e9plicas de Transformers, He-Man, mu\u00f1ecas, autos a escala, Papercraft, Tortugas Ninja, Starwars, Lego, Condorito, Playmovil, Caballeros del Zodiaco y Superman, entre otros. Tambi\u00e9n se realizar\u00e1 el concurso Cosplay, en el que los m\u00e1s fieles a sus h\u00e9roes protagonizar\u00e1n en carne propia a estas figuras del m\u00e1gico mundo de los juguetes y personajes de pel\u00edcula. En total ser\u00e1n unos 21 exponentes los que participar\u00e1n, la entrada es liberada.<br \/>\n<strong>Roberto Gonz\u00e1lez Short<\/strong><\/p>\n<figure id=\"attachment_80566\" aria-describedby=\"caption-attachment-80566\" style=\"width: 580px\" class=\"wp-caption alignnone\"><img data-recalc-dims=\"1\" loading=\"lazy\" decoding=\"async\" class=\"size-full wp-image-80566\" src=\"https:\/\/i0.wp.com\/www.eltrabajo.cl\/2017\/wp-content\/uploads\/2017\/07\/Toys1.jpg?resize=580%2C380\" alt=\"VIENE LA IV EXPOTOYS.- Ellos son parte de los exponentes que en 2016 dieron vida a la ExpoToys en el Teatro Municipal, este a\u00f1o estar\u00e1n en el Complejo Patrimonial Bien Pastor.\" width=\"580\" height=\"380\" srcset=\"https:\/\/i0.wp.com\/eltrabajo.cl\/portal\/wp-content\/uploads\/2017\/07\/Toys1.jpg?w=580&amp;ssl=1 580w, https:\/\/i0.wp.com\/eltrabajo.cl\/portal\/wp-content\/uploads\/2017\/07\/Toys1.jpg?resize=200%2C131&amp;ssl=1 200w, https:\/\/i0.wp.com\/eltrabajo.cl\/portal\/wp-content\/uploads\/2017\/07\/Toys1.jpg?resize=300%2C197&amp;ssl=1 300w, https:\/\/i0.wp.com\/eltrabajo.cl\/portal\/wp-content\/uploads\/2017\/07\/Toys1.jpg?resize=229%2C150&amp;ssl=1 229w, https:\/\/i0.wp.com\/eltrabajo.cl\/portal\/wp-content\/uploads\/2017\/07\/Toys1.jpg?resize=400%2C262&amp;ssl=1 400w\" sizes=\"auto, (max-width: 580px) 100vw, 580px\" \/><figcaption id=\"caption-attachment-80566\" class=\"wp-caption-text\">VIENE LA IV EXPOTOYS.- Ellos son parte de los exponentes que en 2016 dieron vida a la ExpoToys en el Teatro Municipal, este a\u00f1o estar\u00e1n en el Complejo Patrimonial Bien Pastor.<\/figcaption><\/figure>\n<figure id=\"attachment_80568\" aria-describedby=\"caption-attachment-80568\" style=\"width: 580px\" class=\"wp-caption alignnone\"><img data-recalc-dims=\"1\" loading=\"lazy\" decoding=\"async\" class=\"size-full wp-image-80568\" src=\"https:\/\/i0.wp.com\/www.eltrabajo.cl\/2017\/wp-content\/uploads\/2017\/07\/Toys3.jpg?resize=580%2C379\" alt=\"A DISFRUTAR.- Peques y grandes podr\u00e1n disfrutar de esta puesta en escena, m\u00e1s de 20 exponentes nos traer\u00e1n los juguetes el s\u00e1bado 5 de agosto.\" width=\"580\" height=\"379\" srcset=\"https:\/\/i0.wp.com\/eltrabajo.cl\/portal\/wp-content\/uploads\/2017\/07\/Toys3.jpg?w=580&amp;ssl=1 580w, https:\/\/i0.wp.com\/eltrabajo.cl\/portal\/wp-content\/uploads\/2017\/07\/Toys3.jpg?resize=200%2C131&amp;ssl=1 200w, https:\/\/i0.wp.com\/eltrabajo.cl\/portal\/wp-content\/uploads\/2017\/07\/Toys3.jpg?resize=300%2C196&amp;ssl=1 300w, https:\/\/i0.wp.com\/eltrabajo.cl\/portal\/wp-content\/uploads\/2017\/07\/Toys3.jpg?resize=230%2C150&amp;ssl=1 230w, https:\/\/i0.wp.com\/eltrabajo.cl\/portal\/wp-content\/uploads\/2017\/07\/Toys3.jpg?resize=400%2C261&amp;ssl=1 400w\" sizes=\"auto, (max-width: 580px) 100vw, 580px\" \/><figcaption id=\"caption-attachment-80568\" class=\"wp-caption-text\">A DISFRUTAR.- Peques y grandes podr\u00e1n disfrutar de esta puesta en escena, m\u00e1s de 20 exponentes nos traer\u00e1n los juguetes el s\u00e1bado 5 de agosto.<\/figcaption><\/figure>\n","protected":false},"excerpt":{"rendered":"<p>S\u00e1bado 5 de agosto desde las 11:00 hasta las 19:00 horas: Este domingo se realizar\u00e1 en el Complejo Cultural Buen Pastor, la IV ExpoToys San Felipe 2017. Esta jornada de entretenidos pasajes&#8230;<\/p>\n","protected":false},"author":1,"featured_media":80566,"comment_status":"open","ping_status":"open","sticky":false,"template":"","format":"standard","meta":{"advanced_seo_description":"","jetpack_seo_html_title":"","jetpack_seo_noindex":false,"_jetpack_memberships_contains_paid_content":false,"footnotes":""},"categories":[15],"tags":[],"class_list":["post-80565","post","type-post","status-publish","format-standard","has-post-thumbnail","hentry","category-comunidad"],"jetpack_featured_media_url":"https:\/\/i0.wp.com\/eltrabajo.cl\/portal\/wp-content\/uploads\/2017\/07\/Toys1.jpg?fit=580%2C380&ssl=1","jetpack_sharing_enabled":true,"jetpack_likes_enabled":true,"jetpack-related-posts":[],"_links":{"self":[{"href":"https:\/\/eltrabajo.cl\/portal\/wp-json\/wp\/v2\/posts\/80565","targetHints":{"allow":["GET"]}}],"collection":[{"href":"https:\/\/eltrabajo.cl\/portal\/wp-json\/wp\/v2\/posts"}],"about":[{"href":"https:\/\/eltrabajo.cl\/portal\/wp-json\/wp\/v2\/types\/post"}],"author":[{"embeddable":true,"href":"https:\/\/eltrabajo.cl\/portal\/wp-json\/wp\/v2\/users\/1"}],"replies":[{"embeddable":true,"href":"https:\/\/eltrabajo.cl\/portal\/wp-json\/wp\/v2\/comments?post=80565"}],"version-history":[{"count":0,"href":"https:\/\/eltrabajo.cl\/portal\/wp-json\/wp\/v2\/posts\/80565\/revisions"}],"wp:featuredmedia":[{"embeddable":true,"href":"https:\/\/eltrabajo.cl\/portal\/wp-json\/wp\/v2\/media\/80566"}],"wp:attachment":[{"href":"https:\/\/eltrabajo.cl\/portal\/wp-json\/wp\/v2\/media?parent=80565"}],"wp:term":[{"taxonomy":"category","embeddable":true,"href":"https:\/\/eltrabajo.cl\/portal\/wp-json\/wp\/v2\/categories?post=80565"},{"taxonomy":"post_tag","embeddable":true,"href":"https:\/\/eltrabajo.cl\/portal\/wp-json\/wp\/v2\/tags?post=80565"}],"curies":[{"name":"wp","href":"https:\/\/api.w.org\/{rel}","templated":true}]}}