{"id":80570,"date":"2017-07-28T06:06:29","date_gmt":"2017-07-28T10:06:29","guid":{"rendered":"http:\/\/www.eltrabajo.cl\/2017\/?p=80570"},"modified":"2017-07-28T06:06:29","modified_gmt":"2017-07-28T10:06:29","slug":"tres-karatecas-de-catemu-viajan-a-mexico-en-busca-de-la-gloria","status":"publish","type":"post","link":"https:\/\/eltrabajo.cl\/portal\/tres-karatecas-de-catemu-viajan-a-mexico-en-busca-de-la-gloria\/","title":{"rendered":"Tres karatecas de Catemu viajan a M\u00e9xico en busca de la gloria"},"content":{"rendered":"<figure id=\"attachment_80572\" aria-describedby=\"caption-attachment-80572\" style=\"width: 580px\" class=\"wp-caption alignnone\"><img data-recalc-dims=\"1\" loading=\"lazy\" decoding=\"async\" class=\"size-full wp-image-80572\" src=\"https:\/\/i0.wp.com\/www.eltrabajo.cl\/2017\/wp-content\/uploads\/2017\/07\/Karate1.jpg?resize=580%2C379\" alt=\"VA POR EL ORO.- \u00c9l es Daniel Arias (cintur\u00f3n negro) de 36 a\u00f1os de edad, quien enfrentar\u00e1 a los mejores del mundo en su categor\u00eda.\" width=\"580\" height=\"379\" srcset=\"https:\/\/i0.wp.com\/eltrabajo.cl\/portal\/wp-content\/uploads\/2017\/07\/Karate1.jpg?w=580&amp;ssl=1 580w, https:\/\/i0.wp.com\/eltrabajo.cl\/portal\/wp-content\/uploads\/2017\/07\/Karate1.jpg?resize=200%2C131&amp;ssl=1 200w, https:\/\/i0.wp.com\/eltrabajo.cl\/portal\/wp-content\/uploads\/2017\/07\/Karate1.jpg?resize=300%2C196&amp;ssl=1 300w, https:\/\/i0.wp.com\/eltrabajo.cl\/portal\/wp-content\/uploads\/2017\/07\/Karate1.jpg?resize=230%2C150&amp;ssl=1 230w, https:\/\/i0.wp.com\/eltrabajo.cl\/portal\/wp-content\/uploads\/2017\/07\/Karate1.jpg?resize=400%2C261&amp;ssl=1 400w\" sizes=\"auto, (max-width: 580px) 100vw, 580px\" \/><figcaption id=\"caption-attachment-80572\" class=\"wp-caption-text\">VA POR EL ORO.- \u00c9l es Daniel Arias (cintur\u00f3n negro) de 36 a\u00f1os de edad, quien enfrentar\u00e1 a los mejores del mundo en su categor\u00eda.<\/figcaption><\/figure>\n<ul>\n<li><span style=\"color: #ff0000;\"><strong>Pr\u00f3ximo viernes realizar\u00e1n Bingo para reunir fondos:<\/strong><\/span><\/li>\n<\/ul>\n<p>El pr\u00f3ximo viernes 4 de agosto se estar\u00e1 desarrollando un colosal Bingo a beneficio del Club Deportivo Karate Catemu en la sede vecinal de Baquedano de Catemu, lo que compromete una pila de jugosos premios a partir de las 19:00 horas. Seg\u00fan inform\u00f3 a Diario El Trabajo la presidenta del club, Roxana Cepeda, los recursos que se recauden en esta actividad ser\u00e1n usados para financiar los boletos de los tres deportistas cateminos que viajar\u00e1n a M\u00e9xico pr\u00f3ximamente a representar a Chile en Artes Marciales.<br \/>\n\u00abCada cart\u00f3n vale $1.000, los premios son muchos y muy variados, habr\u00e1 electrodom\u00e9sticos, juguetes, ropa de cama y art\u00edculos para el hogar. Este es un torneo a desarrollarse en la ciudad de Oaxaca, M\u00e9xico, los d\u00edas 12 y 13 de agosto y est\u00e1 siendo organizado por la Confederaci\u00f3n Internacional de Artes Marciales (Ciam), en este campeonato nos disputaremos las copas y medallas karatecas de Uruguay, EE.UU., Chile, Argentina, M\u00e9xico, Costa Rica, Cuba, Rep\u00fablica Dominicana, Guatemala, Honduras y Per\u00fa\u00bb, dijo Cepeda.<br \/>\nLos tres guerreros aconcag\u00fcinos que viajan a M\u00e9xico son Daniel Arias (cintur\u00f3n negro), de 36 a\u00f1os de edad; Camila Salazar Cepeda (cintur\u00f3n verde), de 14 a\u00f1os y la peque\u00f1a Ameli Contreras (cintur\u00f3n salm\u00f3n), de apenas 10 a\u00f1os de edad. Los karatecas luchar\u00e1n en categor\u00edas de Formas, Point Fighting, Combate continuo, Fullcontact, Kick Boxing, MMA, Defensa personal, Combate con cuchillo, 15 peleas en jaula y ocho cinturones en disputa.<br \/>\n<strong>Roberto Gonz\u00e1lez Short<\/strong><\/p>\n<figure id=\"attachment_80571\" aria-describedby=\"caption-attachment-80571\" style=\"width: 580px\" class=\"wp-caption alignnone\"><img data-recalc-dims=\"1\" loading=\"lazy\" decoding=\"async\" class=\"size-full wp-image-80571\" src=\"https:\/\/i0.wp.com\/www.eltrabajo.cl\/2017\/wp-content\/uploads\/2017\/07\/Karate_Roxana-Cepeda.jpg?resize=580%2C379\" alt=\"Presidenta del Club Deportivo Karate Catemu, Roxana Cepeda.\" width=\"580\" height=\"379\" srcset=\"https:\/\/i0.wp.com\/eltrabajo.cl\/portal\/wp-content\/uploads\/2017\/07\/Karate_Roxana-Cepeda.jpg?w=580&amp;ssl=1 580w, https:\/\/i0.wp.com\/eltrabajo.cl\/portal\/wp-content\/uploads\/2017\/07\/Karate_Roxana-Cepeda.jpg?resize=200%2C131&amp;ssl=1 200w, https:\/\/i0.wp.com\/eltrabajo.cl\/portal\/wp-content\/uploads\/2017\/07\/Karate_Roxana-Cepeda.jpg?resize=300%2C196&amp;ssl=1 300w, https:\/\/i0.wp.com\/eltrabajo.cl\/portal\/wp-content\/uploads\/2017\/07\/Karate_Roxana-Cepeda.jpg?resize=230%2C150&amp;ssl=1 230w, https:\/\/i0.wp.com\/eltrabajo.cl\/portal\/wp-content\/uploads\/2017\/07\/Karate_Roxana-Cepeda.jpg?resize=400%2C261&amp;ssl=1 400w\" sizes=\"auto, (max-width: 580px) 100vw, 580px\" \/><figcaption id=\"caption-attachment-80571\" class=\"wp-caption-text\">Presidenta del Club Deportivo Karate Catemu, Roxana Cepeda.<\/figcaption><\/figure>\n<figure id=\"attachment_80573\" aria-describedby=\"caption-attachment-80573\" style=\"width: 580px\" class=\"wp-caption alignnone\"><img data-recalc-dims=\"1\" loading=\"lazy\" decoding=\"async\" class=\"size-full wp-image-80573\" src=\"https:\/\/i0.wp.com\/www.eltrabajo.cl\/2017\/wp-content\/uploads\/2017\/07\/Karate2.jpg?resize=580%2C380\" alt=\"CHICAS EXPLOSIVAS.- Ellas son las karatecas cateminas Camila Salazar Cepeda (cintur\u00f3n verde) de 14 a\u00f1os y la peque\u00f1a Ameli Contreras (cintur\u00f3n salm\u00f3n) de apenas 10 a\u00f1os de edad.\" width=\"580\" height=\"380\" srcset=\"https:\/\/i0.wp.com\/eltrabajo.cl\/portal\/wp-content\/uploads\/2017\/07\/Karate2.jpg?w=580&amp;ssl=1 580w, https:\/\/i0.wp.com\/eltrabajo.cl\/portal\/wp-content\/uploads\/2017\/07\/Karate2.jpg?resize=200%2C131&amp;ssl=1 200w, https:\/\/i0.wp.com\/eltrabajo.cl\/portal\/wp-content\/uploads\/2017\/07\/Karate2.jpg?resize=300%2C197&amp;ssl=1 300w, https:\/\/i0.wp.com\/eltrabajo.cl\/portal\/wp-content\/uploads\/2017\/07\/Karate2.jpg?resize=229%2C150&amp;ssl=1 229w, https:\/\/i0.wp.com\/eltrabajo.cl\/portal\/wp-content\/uploads\/2017\/07\/Karate2.jpg?resize=400%2C262&amp;ssl=1 400w\" sizes=\"auto, (max-width: 580px) 100vw, 580px\" \/><figcaption id=\"caption-attachment-80573\" class=\"wp-caption-text\">CHICAS EXPLOSIVAS.- Ellas son las karatecas cateminas Camila Salazar Cepeda (cintur\u00f3n verde) de 14 a\u00f1os y la peque\u00f1a Ameli Contreras (cintur\u00f3n salm\u00f3n) de apenas 10 a\u00f1os de edad.<\/figcaption><\/figure>\n","protected":false},"excerpt":{"rendered":"<p>Pr\u00f3ximo viernes realizar\u00e1n Bingo para reunir fondos: El pr\u00f3ximo viernes 4 de agosto se estar\u00e1 desarrollando un colosal Bingo a beneficio del Club Deportivo Karate Catemu en la sede vecinal de Baquedano&#8230;<\/p>\n","protected":false},"author":1,"featured_media":80573,"comment_status":"open","ping_status":"open","sticky":false,"template":"","format":"standard","meta":{"advanced_seo_description":"","jetpack_seo_html_title":"","jetpack_seo_noindex":false,"_jetpack_memberships_contains_paid_content":false,"footnotes":""},"categories":[15],"tags":[],"class_list":["post-80570","post","type-post","status-publish","format-standard","has-post-thumbnail","hentry","category-comunidad"],"jetpack_featured_media_url":"https:\/\/i0.wp.com\/eltrabajo.cl\/portal\/wp-content\/uploads\/2017\/07\/Karate2.jpg?fit=580%2C380&ssl=1","jetpack_sharing_enabled":true,"jetpack_likes_enabled":true,"jetpack-related-posts":[],"_links":{"self":[{"href":"https:\/\/eltrabajo.cl\/portal\/wp-json\/wp\/v2\/posts\/80570","targetHints":{"allow":["GET"]}}],"collection":[{"href":"https:\/\/eltrabajo.cl\/portal\/wp-json\/wp\/v2\/posts"}],"about":[{"href":"https:\/\/eltrabajo.cl\/portal\/wp-json\/wp\/v2\/types\/post"}],"author":[{"embeddable":true,"href":"https:\/\/eltrabajo.cl\/portal\/wp-json\/wp\/v2\/users\/1"}],"replies":[{"embeddable":true,"href":"https:\/\/eltrabajo.cl\/portal\/wp-json\/wp\/v2\/comments?post=80570"}],"version-history":[{"count":0,"href":"https:\/\/eltrabajo.cl\/portal\/wp-json\/wp\/v2\/posts\/80570\/revisions"}],"wp:featuredmedia":[{"embeddable":true,"href":"https:\/\/eltrabajo.cl\/portal\/wp-json\/wp\/v2\/media\/80573"}],"wp:attachment":[{"href":"https:\/\/eltrabajo.cl\/portal\/wp-json\/wp\/v2\/media?parent=80570"}],"wp:term":[{"taxonomy":"category","embeddable":true,"href":"https:\/\/eltrabajo.cl\/portal\/wp-json\/wp\/v2\/categories?post=80570"},{"taxonomy":"post_tag","embeddable":true,"href":"https:\/\/eltrabajo.cl\/portal\/wp-json\/wp\/v2\/tags?post=80570"}],"curies":[{"name":"wp","href":"https:\/\/api.w.org\/{rel}","templated":true}]}}