{"id":80575,"date":"2017-07-28T06:07:09","date_gmt":"2017-07-28T10:07:09","guid":{"rendered":"http:\/\/www.eltrabajo.cl\/2017\/?p=80575"},"modified":"2017-07-28T06:07:09","modified_gmt":"2017-07-28T10:07:09","slug":"cinco-nuevas-patrullas-dodge-durango-reforzaran-labor-de-carabineros","status":"publish","type":"post","link":"https:\/\/eltrabajo.cl\/portal\/cinco-nuevas-patrullas-dodge-durango-reforzaran-labor-de-carabineros\/","title":{"rendered":"Cinco nuevas patrullas Dodge Durango reforzar\u00e1n labor de Carabineros"},"content":{"rendered":"<figure id=\"attachment_80577\" aria-describedby=\"caption-attachment-80577\" style=\"width: 580px\" class=\"wp-caption alignnone\"><img data-recalc-dims=\"1\" loading=\"lazy\" decoding=\"async\" class=\"size-full wp-image-80577\" src=\"https:\/\/i0.wp.com\/www.eltrabajo.cl\/2017\/wp-content\/uploads\/2017\/07\/nuevas-patrullas-6.jpg?resize=580%2C378\" alt=\"El prefecto de Aconcagua, coronel Pablo Salgado, con algunos menores presentes en la ceremonia de entrega de las nuevas patrullas.\" width=\"580\" height=\"378\" srcset=\"https:\/\/i0.wp.com\/eltrabajo.cl\/portal\/wp-content\/uploads\/2017\/07\/nuevas-patrullas-6.jpg?w=580&amp;ssl=1 580w, https:\/\/i0.wp.com\/eltrabajo.cl\/portal\/wp-content\/uploads\/2017\/07\/nuevas-patrullas-6.jpg?resize=200%2C130&amp;ssl=1 200w, https:\/\/i0.wp.com\/eltrabajo.cl\/portal\/wp-content\/uploads\/2017\/07\/nuevas-patrullas-6.jpg?resize=300%2C196&amp;ssl=1 300w, https:\/\/i0.wp.com\/eltrabajo.cl\/portal\/wp-content\/uploads\/2017\/07\/nuevas-patrullas-6.jpg?resize=230%2C150&amp;ssl=1 230w, https:\/\/i0.wp.com\/eltrabajo.cl\/portal\/wp-content\/uploads\/2017\/07\/nuevas-patrullas-6.jpg?resize=400%2C261&amp;ssl=1 400w\" sizes=\"auto, (max-width: 580px) 100vw, 580px\" \/><figcaption id=\"caption-attachment-80577\" class=\"wp-caption-text\">El prefecto de Aconcagua, coronel Pablo Salgado, con algunos menores presentes en la ceremonia de entrega de las nuevas patrullas.<\/figcaption><\/figure>\n<p>Cinco nuevas patrullas Dodge Durango puso en operaciones la Prefectura de Carabineros Aconcagua, para reforzar los diversos servicios policiales que desarrolla en las provincias de Los Andes, San Felipe y Petorca.<br \/>\nLos modernos veh\u00edculos, que fueron entregados a los uniformados durante una solemne ceremonia p\u00fablica que se desarroll\u00f3 en la Plaza C\u00edvica de San Felipe, iniciar\u00e1n sus operaciones desde esta semana en unidades policiales de San Felipe, Llay Llay, Putaendo, Los Andes y Zapallar.<br \/>\nAl respecto, el prefecto de Aconcagua, coronel Pablo Salgado, sostuvo que estas patrullas \u201cser\u00e1n un significativo apoyo a las labores diarias que realizan los Carabineros en la prevenci\u00f3n del delito, la mantenci\u00f3n del orden p\u00fablico y el combate contra la delincuencia\u201d.<br \/>\nPor otra parte, seg\u00fan inform\u00f3 la repartici\u00f3n policial aconcag\u00fcina, esta adquisici\u00f3n se enmarca en un plan desarrollado por la Direcci\u00f3n Nacional de Log\u00edstica de la instituci\u00f3n uniformada, que busca dotar a Carabineros de Chile, de un parque vehicular de vanguardia y moderna tecnolog\u00eda.<\/p>\n<figure id=\"attachment_80576\" aria-describedby=\"caption-attachment-80576\" style=\"width: 580px\" class=\"wp-caption alignnone\"><img data-recalc-dims=\"1\" loading=\"lazy\" decoding=\"async\" class=\"size-full wp-image-80576\" src=\"https:\/\/i0.wp.com\/www.eltrabajo.cl\/2017\/wp-content\/uploads\/2017\/07\/nuevas-patrullas-1.jpg?resize=580%2C380\" alt=\"Los nuevos veh\u00edculos fueron bendecidos en ceremonia realizada en pleno centro de San Felipe.\" width=\"580\" height=\"380\" srcset=\"https:\/\/i0.wp.com\/eltrabajo.cl\/portal\/wp-content\/uploads\/2017\/07\/nuevas-patrullas-1.jpg?w=580&amp;ssl=1 580w, https:\/\/i0.wp.com\/eltrabajo.cl\/portal\/wp-content\/uploads\/2017\/07\/nuevas-patrullas-1.jpg?resize=200%2C131&amp;ssl=1 200w, https:\/\/i0.wp.com\/eltrabajo.cl\/portal\/wp-content\/uploads\/2017\/07\/nuevas-patrullas-1.jpg?resize=300%2C197&amp;ssl=1 300w, https:\/\/i0.wp.com\/eltrabajo.cl\/portal\/wp-content\/uploads\/2017\/07\/nuevas-patrullas-1.jpg?resize=229%2C150&amp;ssl=1 229w, https:\/\/i0.wp.com\/eltrabajo.cl\/portal\/wp-content\/uploads\/2017\/07\/nuevas-patrullas-1.jpg?resize=400%2C262&amp;ssl=1 400w\" sizes=\"auto, (max-width: 580px) 100vw, 580px\" \/><figcaption id=\"caption-attachment-80576\" class=\"wp-caption-text\">Los nuevos veh\u00edculos fueron bendecidos en ceremonia realizada en pleno centro de San Felipe.<\/figcaption><\/figure>\n","protected":false},"excerpt":{"rendered":"<p>Cinco nuevas patrullas Dodge Durango puso en operaciones la Prefectura de Carabineros Aconcagua, para reforzar los diversos servicios policiales que desarrolla en las provincias de Los Andes, San Felipe y Petorca. Los&#8230;<\/p>\n","protected":false},"author":1,"featured_media":80576,"comment_status":"open","ping_status":"open","sticky":false,"template":"","format":"standard","meta":{"advanced_seo_description":"","jetpack_seo_html_title":"","jetpack_seo_noindex":false,"_jetpack_memberships_contains_paid_content":false,"footnotes":""},"categories":[1],"tags":[],"class_list":["post-80575","post","type-post","status-publish","format-standard","has-post-thumbnail","hentry","category-cronica"],"jetpack_featured_media_url":"https:\/\/i0.wp.com\/eltrabajo.cl\/portal\/wp-content\/uploads\/2017\/07\/nuevas-patrullas-1.jpg?fit=580%2C380&ssl=1","jetpack_sharing_enabled":true,"jetpack_likes_enabled":true,"jetpack-related-posts":[],"_links":{"self":[{"href":"https:\/\/eltrabajo.cl\/portal\/wp-json\/wp\/v2\/posts\/80575","targetHints":{"allow":["GET"]}}],"collection":[{"href":"https:\/\/eltrabajo.cl\/portal\/wp-json\/wp\/v2\/posts"}],"about":[{"href":"https:\/\/eltrabajo.cl\/portal\/wp-json\/wp\/v2\/types\/post"}],"author":[{"embeddable":true,"href":"https:\/\/eltrabajo.cl\/portal\/wp-json\/wp\/v2\/users\/1"}],"replies":[{"embeddable":true,"href":"https:\/\/eltrabajo.cl\/portal\/wp-json\/wp\/v2\/comments?post=80575"}],"version-history":[{"count":0,"href":"https:\/\/eltrabajo.cl\/portal\/wp-json\/wp\/v2\/posts\/80575\/revisions"}],"wp:featuredmedia":[{"embeddable":true,"href":"https:\/\/eltrabajo.cl\/portal\/wp-json\/wp\/v2\/media\/80576"}],"wp:attachment":[{"href":"https:\/\/eltrabajo.cl\/portal\/wp-json\/wp\/v2\/media?parent=80575"}],"wp:term":[{"taxonomy":"category","embeddable":true,"href":"https:\/\/eltrabajo.cl\/portal\/wp-json\/wp\/v2\/categories?post=80575"},{"taxonomy":"post_tag","embeddable":true,"href":"https:\/\/eltrabajo.cl\/portal\/wp-json\/wp\/v2\/tags?post=80575"}],"curies":[{"name":"wp","href":"https:\/\/api.w.org\/{rel}","templated":true}]}}