{"id":80588,"date":"2017-07-31T06:00:26","date_gmt":"2017-07-31T10:00:26","guid":{"rendered":"http:\/\/www.eltrabajo.cl\/2017\/?p=80588"},"modified":"2017-07-31T06:00:26","modified_gmt":"2017-07-31T10:00:26","slug":"industrialinos-ganan-competencia-regional-con-el-medidor-multivariable-var-3","status":"publish","type":"post","link":"https:\/\/eltrabajo.cl\/portal\/industrialinos-ganan-competencia-regional-con-el-medidor-multivariable-var-3\/","title":{"rendered":"Industrialinos ganan competencia regional con el Medidor Multivariable VAR 3"},"content":{"rendered":"<figure id=\"attachment_80593\" aria-describedby=\"caption-attachment-80593\" style=\"width: 580px\" class=\"wp-caption alignnone\"><img data-recalc-dims=\"1\" loading=\"lazy\" decoding=\"async\" class=\"size-full wp-image-80593\" src=\"https:\/\/i0.wp.com\/www.eltrabajo.cl\/2017\/wp-content\/uploads\/2017\/07\/Industrial3.jpg?resize=580%2C348\" alt=\"LOS GANADORES.- Y este es el invento ganador, el Medidor multivariable, que hace la funci\u00f3n de varios aparatos en un solo m\u00f3dulo operativo.\" width=\"580\" height=\"348\" srcset=\"https:\/\/i0.wp.com\/eltrabajo.cl\/portal\/wp-content\/uploads\/2017\/07\/Industrial3.jpg?w=580&amp;ssl=1 580w, https:\/\/i0.wp.com\/eltrabajo.cl\/portal\/wp-content\/uploads\/2017\/07\/Industrial3.jpg?resize=200%2C120&amp;ssl=1 200w, https:\/\/i0.wp.com\/eltrabajo.cl\/portal\/wp-content\/uploads\/2017\/07\/Industrial3.jpg?resize=300%2C180&amp;ssl=1 300w, https:\/\/i0.wp.com\/eltrabajo.cl\/portal\/wp-content\/uploads\/2017\/07\/Industrial3.jpg?resize=250%2C150&amp;ssl=1 250w, https:\/\/i0.wp.com\/eltrabajo.cl\/portal\/wp-content\/uploads\/2017\/07\/Industrial3.jpg?resize=400%2C240&amp;ssl=1 400w\" sizes=\"auto, (max-width: 580px) 100vw, 580px\" \/><figcaption id=\"caption-attachment-80593\" class=\"wp-caption-text\">LOS GANADORES.- Y este es el invento ganador, el Medidor multivariable, que hace la funci\u00f3n de varios aparatos en un solo m\u00f3dulo operativo.<\/figcaption><\/figure>\n<ul>\n<li><span style=\"color: #ff0000;\"><strong>Los mejores inventos en la Competencia Despega el Aula 2017:<\/strong><\/span><\/li>\n<\/ul>\n<p>Cuando el trabajo se hace con dedicaci\u00f3n y con esfuerzo, los resultados siempre son los esperados, m\u00e1s a\u00fan cuando estas capacidades se combinan con la innovaci\u00f3n. Esto lo pueden comprobar con certeza los estudiantes de 4\u00ba Medio E de la especialidad de Instalaciones Sanitarias, Crist\u00f3bal Acevedo, V\u00edctor Olave, Mat\u00edas Montenegro y Sebasti\u00e1n Zamora, qui\u00e9nes junto a su profesor Daniel Delgado fueron destacados con el primer lugar del proyecto de innovaci\u00f3n Despega el Aula 2017, perteneciente a la vicerrector\u00eda acad\u00e9mica de la Universidad Cat\u00f3lica de Valpara\u00edso.<br \/>\nEl proyecto ganador desarrollado por los estudiantes sanfelipe\u00f1os consiste en un Medidor multivariable llamado VAR 3, un equipo electr\u00f3nico para medir caudal, temperatura y presi\u00f3n de agua en cualquier tipo de instalaci\u00f3n. As\u00ed y luego de dar a conocer esta importante innovaci\u00f3n de su disciplina en la feria tecnol\u00f3gica organizada por la PUCV, fueron galardonados como el mejor de la competencia en la ciudad de Valpara\u00edso, destac\u00e1ndose dentro de un grupo de diez competidores.<br \/>\nFinalmente, el premio consisti\u00f3 en realizar una gira en la ciudad de Valdivia, con el fin de ser part\u00edcipe de la visita a distintos lugares destinados a la innovaci\u00f3n tecnol\u00f3gica y al emprendimiento, tales como La Nube (Coworks); el Centro de Estudios Cient\u00edficos de Valdivia (CEC) y el Jard\u00edn Bot\u00e1nico de la misma ciudad.<\/p>\n<p><span style=\"color: #ff0000;\"><strong>GANARON UNA GIRA<\/strong><\/span><br \/>\nDaniel Delgado, docente de instalaciones sanitarias de la Escuela Industrial de San Felipe, explic\u00f3 a Diario El Trabajo que \u00abnosotros participamos con nuestro medidor multivariable, dirigido a trabajo agr\u00edcola, si bien existen sensores, cada uno por separado, nuestro medidor tiene todas las cualidades de sensores en un solo dispositivo, ganamos la competencia y desarrollamos una amplia gira los chicos y profesores a Valdivia, ah\u00ed visitamos lugares de inter\u00e9s educativo y tur\u00edstico, en realidad la pasamos muy vienen el sur\u00bb.<\/p>\n<p><span style=\"color: #ff0000;\"><strong>OTRO PROYECTO<\/strong><\/span><br \/>\nPero no se crea que s\u00f3lo estos chicos de la Industrial participaron en Despega el Aula 2017, pues otro grupo de estudiantes de 3\u00ba Medio tambi\u00e9n se incorporaron a los equipos de trabajo con el invento, Melissa Su\u00e1rez, profesora de Biolog\u00eda y Ciencias, nos explic\u00f3 detalles del proyecto de electro-plantas, un proyecto que ya se est\u00e1 desarrollando en toda Am\u00e9rica de forma experimental, \u00abnosotros postulamos en octubre de 2016, logramos pasar a la segunda etapa de entre 50 proyectos. Nosotros creamos un aparato que canaliza energ\u00eda de las plantas, el sistema el\u00e9ctrico va conectado a la tierra y las ra\u00edces, conectamos 24 plantas en serie, de ah\u00ed nos gener\u00f3 10 a 12 voltios, con lo que prendimos un foco LED, ahora buscamos cargar un celular\u00bb, dijo Su\u00e1rez.<br \/>\n<strong>Roberto Gonz\u00e1lez Short<\/strong><\/p>\n<figure id=\"attachment_80589\" aria-describedby=\"caption-attachment-80589\" style=\"width: 580px\" class=\"wp-caption alignnone\"><img data-recalc-dims=\"1\" loading=\"lazy\" decoding=\"async\" class=\"size-full wp-image-80589\" src=\"https:\/\/i0.wp.com\/www.eltrabajo.cl\/2017\/wp-content\/uploads\/2017\/07\/Industrial_Daniel-Delgado.jpg?resize=580%2C544\" alt=\"Daniel Delgado, docente de instalaciones sanitarias de la Escuela Industrial de San Felipe.\" width=\"580\" height=\"544\" srcset=\"https:\/\/i0.wp.com\/eltrabajo.cl\/portal\/wp-content\/uploads\/2017\/07\/Industrial_Daniel-Delgado.jpg?w=580&amp;ssl=1 580w, https:\/\/i0.wp.com\/eltrabajo.cl\/portal\/wp-content\/uploads\/2017\/07\/Industrial_Daniel-Delgado.jpg?resize=160%2C150&amp;ssl=1 160w, https:\/\/i0.wp.com\/eltrabajo.cl\/portal\/wp-content\/uploads\/2017\/07\/Industrial_Daniel-Delgado.jpg?resize=300%2C281&amp;ssl=1 300w, https:\/\/i0.wp.com\/eltrabajo.cl\/portal\/wp-content\/uploads\/2017\/07\/Industrial_Daniel-Delgado.jpg?resize=400%2C375&amp;ssl=1 400w\" sizes=\"auto, (max-width: 580px) 100vw, 580px\" \/><figcaption id=\"caption-attachment-80589\" class=\"wp-caption-text\">Daniel Delgado, docente de instalaciones sanitarias de la Escuela Industrial de San Felipe.<\/figcaption><\/figure>\n<figure id=\"attachment_80590\" aria-describedby=\"caption-attachment-80590\" style=\"width: 580px\" class=\"wp-caption alignnone\"><img data-recalc-dims=\"1\" loading=\"lazy\" decoding=\"async\" class=\"size-full wp-image-80590\" src=\"https:\/\/i0.wp.com\/www.eltrabajo.cl\/2017\/wp-content\/uploads\/2017\/07\/Industrial_Melissa-Suarez.jpg?resize=580%2C549\" alt=\"Melissa Su\u00e1rez, profesora de Biolog\u00eda y Ciencias de la Escuela Industrial de Sanm Felipe.\" width=\"580\" height=\"549\" srcset=\"https:\/\/i0.wp.com\/eltrabajo.cl\/portal\/wp-content\/uploads\/2017\/07\/Industrial_Melissa-Suarez.jpg?w=580&amp;ssl=1 580w, https:\/\/i0.wp.com\/eltrabajo.cl\/portal\/wp-content\/uploads\/2017\/07\/Industrial_Melissa-Suarez.jpg?resize=158%2C150&amp;ssl=1 158w, https:\/\/i0.wp.com\/eltrabajo.cl\/portal\/wp-content\/uploads\/2017\/07\/Industrial_Melissa-Suarez.jpg?resize=300%2C284&amp;ssl=1 300w, https:\/\/i0.wp.com\/eltrabajo.cl\/portal\/wp-content\/uploads\/2017\/07\/Industrial_Melissa-Suarez.jpg?resize=400%2C379&amp;ssl=1 400w\" sizes=\"auto, (max-width: 580px) 100vw, 580px\" \/><figcaption id=\"caption-attachment-80590\" class=\"wp-caption-text\">Melissa Su\u00e1rez, profesora de Biolog\u00eda y Ciencias de la Escuela Industrial de Sanm Felipe.<\/figcaption><\/figure>\n<figure id=\"attachment_80591\" aria-describedby=\"caption-attachment-80591\" style=\"width: 580px\" class=\"wp-caption alignnone\"><img data-recalc-dims=\"1\" loading=\"lazy\" decoding=\"async\" class=\"size-full wp-image-80591\" src=\"https:\/\/i0.wp.com\/www.eltrabajo.cl\/2017\/wp-content\/uploads\/2017\/07\/Industrial1.jpg?resize=580%2C349\" alt=\"PREMIADOS EN VALPARA\u00cdSO.- Ellos son los insdustrialinos que participaron con dos proyectos en la competencia Despega el Aula 2017, representando a la Escuela Industrial de San Felipe.\" width=\"580\" height=\"349\" srcset=\"https:\/\/i0.wp.com\/eltrabajo.cl\/portal\/wp-content\/uploads\/2017\/07\/Industrial1.jpg?w=580&amp;ssl=1 580w, https:\/\/i0.wp.com\/eltrabajo.cl\/portal\/wp-content\/uploads\/2017\/07\/Industrial1.jpg?resize=200%2C120&amp;ssl=1 200w, https:\/\/i0.wp.com\/eltrabajo.cl\/portal\/wp-content\/uploads\/2017\/07\/Industrial1.jpg?resize=300%2C181&amp;ssl=1 300w, https:\/\/i0.wp.com\/eltrabajo.cl\/portal\/wp-content\/uploads\/2017\/07\/Industrial1.jpg?resize=249%2C150&amp;ssl=1 249w, https:\/\/i0.wp.com\/eltrabajo.cl\/portal\/wp-content\/uploads\/2017\/07\/Industrial1.jpg?resize=400%2C241&amp;ssl=1 400w\" sizes=\"auto, (max-width: 580px) 100vw, 580px\" \/><figcaption id=\"caption-attachment-80591\" class=\"wp-caption-text\">PREMIADOS EN VALPARA\u00cdSO.- Ellos son los insdustrialinos que participaron con dos proyectos en la competencia Despega el Aula 2017, representando a la Escuela Industrial de San Felipe.<\/figcaption><\/figure>\n<figure id=\"attachment_80592\" aria-describedby=\"caption-attachment-80592\" style=\"width: 580px\" class=\"wp-caption alignnone\"><img data-recalc-dims=\"1\" loading=\"lazy\" decoding=\"async\" class=\"size-full wp-image-80592\" src=\"https:\/\/i0.wp.com\/www.eltrabajo.cl\/2017\/wp-content\/uploads\/2017\/07\/Industrial2.jpg?resize=580%2C348\" alt=\"ELECTRICIDAD DE LAS PLANTAS.- Aqu\u00ed tenemos el proyecto Electro-plantas, desarrollados por chicos de 3\u00ba Medio de la Escuela Industrial.\" width=\"580\" height=\"348\" srcset=\"https:\/\/i0.wp.com\/eltrabajo.cl\/portal\/wp-content\/uploads\/2017\/07\/Industrial2.jpg?w=580&amp;ssl=1 580w, https:\/\/i0.wp.com\/eltrabajo.cl\/portal\/wp-content\/uploads\/2017\/07\/Industrial2.jpg?resize=200%2C120&amp;ssl=1 200w, https:\/\/i0.wp.com\/eltrabajo.cl\/portal\/wp-content\/uploads\/2017\/07\/Industrial2.jpg?resize=300%2C180&amp;ssl=1 300w, https:\/\/i0.wp.com\/eltrabajo.cl\/portal\/wp-content\/uploads\/2017\/07\/Industrial2.jpg?resize=250%2C150&amp;ssl=1 250w, https:\/\/i0.wp.com\/eltrabajo.cl\/portal\/wp-content\/uploads\/2017\/07\/Industrial2.jpg?resize=400%2C240&amp;ssl=1 400w\" sizes=\"auto, (max-width: 580px) 100vw, 580px\" \/><figcaption id=\"caption-attachment-80592\" class=\"wp-caption-text\">ELECTRICIDAD DE LAS PLANTAS.- Aqu\u00ed tenemos el proyecto Electro-plantas, desarrollados por chicos de 3\u00ba Medio de la Escuela Industrial.<\/figcaption><\/figure>\n","protected":false},"excerpt":{"rendered":"<p>Los mejores inventos en la Competencia Despega el Aula 2017: Cuando el trabajo se hace con dedicaci\u00f3n y con esfuerzo, los resultados siempre son los esperados, m\u00e1s a\u00fan cuando estas capacidades se&#8230;<\/p>\n","protected":false},"author":1,"featured_media":80591,"comment_status":"open","ping_status":"open","sticky":false,"template":"","format":"standard","meta":{"advanced_seo_description":"","jetpack_seo_html_title":"","jetpack_seo_noindex":false,"_jetpack_memberships_contains_paid_content":false,"footnotes":""},"categories":[15],"tags":[],"class_list":["post-80588","post","type-post","status-publish","format-standard","has-post-thumbnail","hentry","category-comunidad"],"jetpack_featured_media_url":"https:\/\/i0.wp.com\/eltrabajo.cl\/portal\/wp-content\/uploads\/2017\/07\/Industrial1.jpg?fit=580%2C349&ssl=1","jetpack_sharing_enabled":true,"jetpack_likes_enabled":true,"jetpack-related-posts":[],"_links":{"self":[{"href":"https:\/\/eltrabajo.cl\/portal\/wp-json\/wp\/v2\/posts\/80588","targetHints":{"allow":["GET"]}}],"collection":[{"href":"https:\/\/eltrabajo.cl\/portal\/wp-json\/wp\/v2\/posts"}],"about":[{"href":"https:\/\/eltrabajo.cl\/portal\/wp-json\/wp\/v2\/types\/post"}],"author":[{"embeddable":true,"href":"https:\/\/eltrabajo.cl\/portal\/wp-json\/wp\/v2\/users\/1"}],"replies":[{"embeddable":true,"href":"https:\/\/eltrabajo.cl\/portal\/wp-json\/wp\/v2\/comments?post=80588"}],"version-history":[{"count":0,"href":"https:\/\/eltrabajo.cl\/portal\/wp-json\/wp\/v2\/posts\/80588\/revisions"}],"wp:featuredmedia":[{"embeddable":true,"href":"https:\/\/eltrabajo.cl\/portal\/wp-json\/wp\/v2\/media\/80591"}],"wp:attachment":[{"href":"https:\/\/eltrabajo.cl\/portal\/wp-json\/wp\/v2\/media?parent=80588"}],"wp:term":[{"taxonomy":"category","embeddable":true,"href":"https:\/\/eltrabajo.cl\/portal\/wp-json\/wp\/v2\/categories?post=80588"},{"taxonomy":"post_tag","embeddable":true,"href":"https:\/\/eltrabajo.cl\/portal\/wp-json\/wp\/v2\/tags?post=80588"}],"curies":[{"name":"wp","href":"https:\/\/api.w.org\/{rel}","templated":true}]}}