{"id":80598,"date":"2017-07-31T06:02:26","date_gmt":"2017-07-31T10:02:26","guid":{"rendered":"http:\/\/www.eltrabajo.cl\/2017\/?p=80598"},"modified":"2017-07-31T06:02:26","modified_gmt":"2017-07-31T10:02:26","slug":"mas-de-200-tramites-y-consultas-en-la-dideco-en-terreno-del-open-plaza","status":"publish","type":"post","link":"https:\/\/eltrabajo.cl\/portal\/mas-de-200-tramites-y-consultas-en-la-dideco-en-terreno-del-open-plaza\/","title":{"rendered":"M\u00e1s de 200 tr\u00e1mites y consultas en la Dideco en Terreno del Open Plaza"},"content":{"rendered":"<figure id=\"attachment_80600\" aria-describedby=\"caption-attachment-80600\" style=\"width: 580px\" class=\"wp-caption alignnone\"><img data-recalc-dims=\"1\" loading=\"lazy\" decoding=\"async\" class=\"size-full wp-image-80600\" src=\"https:\/\/i0.wp.com\/www.eltrabajo.cl\/2017\/wp-content\/uploads\/2017\/07\/Open2.jpg?resize=580%2C348\" alt=\"MUCHOS TR\u00c1MITES.- En los stands que fueron instalados los sanfelipe\u00f1os pudieron hacer tr\u00e1mites con la biblioteca, cultura, Senda Previene, Registro Social, Centro de la Mujer, Discapacidad, Asistencia Social y Pensi\u00f3n B\u00e1sica Solidaria entre otros.\" width=\"580\" height=\"348\" srcset=\"https:\/\/i0.wp.com\/eltrabajo.cl\/portal\/wp-content\/uploads\/2017\/07\/Open2.jpg?w=580&amp;ssl=1 580w, https:\/\/i0.wp.com\/eltrabajo.cl\/portal\/wp-content\/uploads\/2017\/07\/Open2.jpg?resize=200%2C120&amp;ssl=1 200w, https:\/\/i0.wp.com\/eltrabajo.cl\/portal\/wp-content\/uploads\/2017\/07\/Open2.jpg?resize=300%2C180&amp;ssl=1 300w, https:\/\/i0.wp.com\/eltrabajo.cl\/portal\/wp-content\/uploads\/2017\/07\/Open2.jpg?resize=250%2C150&amp;ssl=1 250w, https:\/\/i0.wp.com\/eltrabajo.cl\/portal\/wp-content\/uploads\/2017\/07\/Open2.jpg?resize=400%2C240&amp;ssl=1 400w\" sizes=\"auto, (max-width: 580px) 100vw, 580px\" \/><figcaption id=\"caption-attachment-80600\" class=\"wp-caption-text\">MUCHOS TR\u00c1MITES.- En los stands que fueron instalados los sanfelipe\u00f1os pudieron hacer tr\u00e1mites con la biblioteca, cultura, Senda Previene, Registro Social, Centro de la Mujer, Discapacidad, Asistencia Social y Pensi\u00f3n B\u00e1sica Solidaria entre otros.<\/figcaption><\/figure>\n<ul>\n<li><span style=\"color: #ff0000;\"><strong>Pensi\u00f3n, Cultura, Biblioteca y Subsidios se atendieron el s\u00e1bado:<\/strong><\/span><\/li>\n<\/ul>\n<p>Una jornada en la que m\u00e1s de 200 sanfelipe\u00f1os pudieron realizar sus consultas y tr\u00e1mites en la Direcci\u00f3n de Desarrollo Comunitario, pero sin tener que ir a pedir Hora para ser atendidos, es la que se desarroll\u00f3 desde las 9:00 hasta las 14:00 horas en el Open Plaza de San Felipe, gracias a Dideco en Terreno que esta oficina municipal ofreci\u00f3 este s\u00e1bado.<br \/>\nEn los stands que fueron instalados los sanfelipe\u00f1os pudieron hacer tr\u00e1mites con la biblioteca, cultura, Senda Previene, Registro Social, Centro de la Mujer, Discapacidad, Asistencia Social, Pensi\u00f3n B\u00e1sica Solidaria, Subsidios, Centro del Adulto Mayor y organizaciones comunitarias entre otros.<br \/>\n\u00abFueron m\u00e1s de 200 personas las que fueron atendidas en este Dideco en Terreno, son servicios que el Municipio presta a los sanfelipe\u00f1os y desde hace cuatro a\u00f1os venimos haciendo este trabajo en diferentes zonas de la provincia, ahora lo estamos haciendo en el Open Plaza gracias a un convenio con este bloque empresarial. Tambi\u00e9n estuvimos repartiendo los programas de aniversario de nuestra comuna. La pr\u00f3xima intervenci\u00f3n ser\u00e1 el 7 de octubre en ese mismo lugar, ya lo hemos hecho en El Asiento y en otros sectores de de San Felipe\u00bb, inform\u00f3 a Diario El Trabajo el Dideco Pablo Silva.<br \/>\n<strong>Roberto Gonz\u00e1lez Short<\/strong><\/p>\n<figure id=\"attachment_80599\" aria-describedby=\"caption-attachment-80599\" style=\"width: 580px\" class=\"wp-caption alignnone\"><img data-recalc-dims=\"1\" loading=\"lazy\" decoding=\"async\" class=\"size-full wp-image-80599\" src=\"https:\/\/i0.wp.com\/www.eltrabajo.cl\/2017\/wp-content\/uploads\/2017\/07\/Open1.jpg?resize=580%2C350\" alt=\"EQUIPO DIDECO.- Ellos son los funcionarios que participaron en esta jornada de trabajo extraordinaria, para que los sanfelipe\u00f1os hicieran sus consultas y tr\u00e1mites de manera expedita.\" width=\"580\" height=\"350\" srcset=\"https:\/\/i0.wp.com\/eltrabajo.cl\/portal\/wp-content\/uploads\/2017\/07\/Open1.jpg?w=580&amp;ssl=1 580w, https:\/\/i0.wp.com\/eltrabajo.cl\/portal\/wp-content\/uploads\/2017\/07\/Open1.jpg?resize=200%2C121&amp;ssl=1 200w, https:\/\/i0.wp.com\/eltrabajo.cl\/portal\/wp-content\/uploads\/2017\/07\/Open1.jpg?resize=300%2C181&amp;ssl=1 300w, https:\/\/i0.wp.com\/eltrabajo.cl\/portal\/wp-content\/uploads\/2017\/07\/Open1.jpg?resize=249%2C150&amp;ssl=1 249w, https:\/\/i0.wp.com\/eltrabajo.cl\/portal\/wp-content\/uploads\/2017\/07\/Open1.jpg?resize=400%2C241&amp;ssl=1 400w\" sizes=\"auto, (max-width: 580px) 100vw, 580px\" \/><figcaption id=\"caption-attachment-80599\" class=\"wp-caption-text\">EQUIPO DIDECO.- Ellos son los funcionarios que participaron en esta jornada de trabajo extraordinaria, para que los sanfelipe\u00f1os hicieran sus consultas y tr\u00e1mites de manera expedita.<\/figcaption><\/figure>\n<figure id=\"attachment_80601\" aria-describedby=\"caption-attachment-80601\" style=\"width: 580px\" class=\"wp-caption alignnone\"><img data-recalc-dims=\"1\" loading=\"lazy\" decoding=\"async\" class=\"size-full wp-image-80601\" src=\"https:\/\/i0.wp.com\/www.eltrabajo.cl\/2017\/wp-content\/uploads\/2017\/07\/Open3.jpg?resize=580%2C348\" alt=\"DIDECO EN TERRENO.- Cientos de sanfelipe\u00f1os aprovecharon los stands de la Dideco en Terreno para realizar m\u00faltiples tr\u00e1mites de forma expedita en el Open Plaza.\" width=\"580\" height=\"348\" srcset=\"https:\/\/i0.wp.com\/eltrabajo.cl\/portal\/wp-content\/uploads\/2017\/07\/Open3.jpg?w=580&amp;ssl=1 580w, https:\/\/i0.wp.com\/eltrabajo.cl\/portal\/wp-content\/uploads\/2017\/07\/Open3.jpg?resize=200%2C120&amp;ssl=1 200w, https:\/\/i0.wp.com\/eltrabajo.cl\/portal\/wp-content\/uploads\/2017\/07\/Open3.jpg?resize=300%2C180&amp;ssl=1 300w, https:\/\/i0.wp.com\/eltrabajo.cl\/portal\/wp-content\/uploads\/2017\/07\/Open3.jpg?resize=250%2C150&amp;ssl=1 250w, https:\/\/i0.wp.com\/eltrabajo.cl\/portal\/wp-content\/uploads\/2017\/07\/Open3.jpg?resize=400%2C240&amp;ssl=1 400w\" sizes=\"auto, (max-width: 580px) 100vw, 580px\" \/><figcaption id=\"caption-attachment-80601\" class=\"wp-caption-text\">DIDECO EN TERRENO.- Cientos de sanfelipe\u00f1os aprovecharon los stands de la Dideco en Terreno para realizar m\u00faltiples tr\u00e1mites de forma expedita en el Open Plaza.<\/figcaption><\/figure>\n","protected":false},"excerpt":{"rendered":"<p>Pensi\u00f3n, Cultura, Biblioteca y Subsidios se atendieron el s\u00e1bado: Una jornada en la que m\u00e1s de 200 sanfelipe\u00f1os pudieron realizar sus consultas y tr\u00e1mites en la Direcci\u00f3n de Desarrollo Comunitario, pero sin&#8230;<\/p>\n","protected":false},"author":1,"featured_media":80599,"comment_status":"open","ping_status":"open","sticky":false,"template":"","format":"standard","meta":{"advanced_seo_description":"","jetpack_seo_html_title":"","jetpack_seo_noindex":false,"_jetpack_memberships_contains_paid_content":false,"footnotes":""},"categories":[1],"tags":[],"class_list":["post-80598","post","type-post","status-publish","format-standard","has-post-thumbnail","hentry","category-cronica"],"jetpack_featured_media_url":"https:\/\/i0.wp.com\/eltrabajo.cl\/portal\/wp-content\/uploads\/2017\/07\/Open1.jpg?fit=580%2C350&ssl=1","jetpack_sharing_enabled":true,"jetpack_likes_enabled":true,"jetpack-related-posts":[],"_links":{"self":[{"href":"https:\/\/eltrabajo.cl\/portal\/wp-json\/wp\/v2\/posts\/80598","targetHints":{"allow":["GET"]}}],"collection":[{"href":"https:\/\/eltrabajo.cl\/portal\/wp-json\/wp\/v2\/posts"}],"about":[{"href":"https:\/\/eltrabajo.cl\/portal\/wp-json\/wp\/v2\/types\/post"}],"author":[{"embeddable":true,"href":"https:\/\/eltrabajo.cl\/portal\/wp-json\/wp\/v2\/users\/1"}],"replies":[{"embeddable":true,"href":"https:\/\/eltrabajo.cl\/portal\/wp-json\/wp\/v2\/comments?post=80598"}],"version-history":[{"count":0,"href":"https:\/\/eltrabajo.cl\/portal\/wp-json\/wp\/v2\/posts\/80598\/revisions"}],"wp:featuredmedia":[{"embeddable":true,"href":"https:\/\/eltrabajo.cl\/portal\/wp-json\/wp\/v2\/media\/80599"}],"wp:attachment":[{"href":"https:\/\/eltrabajo.cl\/portal\/wp-json\/wp\/v2\/media?parent=80598"}],"wp:term":[{"taxonomy":"category","embeddable":true,"href":"https:\/\/eltrabajo.cl\/portal\/wp-json\/wp\/v2\/categories?post=80598"},{"taxonomy":"post_tag","embeddable":true,"href":"https:\/\/eltrabajo.cl\/portal\/wp-json\/wp\/v2\/tags?post=80598"}],"curies":[{"name":"wp","href":"https:\/\/api.w.org\/{rel}","templated":true}]}}