{"id":80613,"date":"2017-08-01T06:00:45","date_gmt":"2017-08-01T10:00:45","guid":{"rendered":"http:\/\/www.eltrabajo.cl\/2017\/?p=80613"},"modified":"2017-08-01T06:00:45","modified_gmt":"2017-08-01T10:00:45","slug":"un-notable-medico-que-supo-ser-cercano-a-todos-en-san-felipe","status":"publish","type":"post","link":"https:\/\/eltrabajo.cl\/portal\/un-notable-medico-que-supo-ser-cercano-a-todos-en-san-felipe\/","title":{"rendered":"Un notable m\u00e9dico que supo ser cercano a todos en San Felipe"},"content":{"rendered":"<figure id=\"attachment_80615\" aria-describedby=\"caption-attachment-80615\" style=\"width: 580px\" class=\"wp-caption alignnone\"><img data-recalc-dims=\"1\" loading=\"lazy\" decoding=\"async\" class=\"size-full wp-image-80615\" src=\"https:\/\/i0.wp.com\/www.eltrabajo.cl\/2017\/wp-content\/uploads\/2017\/07\/Ponce-2.jpg?resize=580%2C348\" alt=\"Doctor Jorge Ponce, m\u00e9dico sanfelipe\u00f1o fallecido recientemente.\" width=\"580\" height=\"348\" srcset=\"https:\/\/i0.wp.com\/eltrabajo.cl\/portal\/wp-content\/uploads\/2017\/07\/Ponce-2.jpg?w=580&amp;ssl=1 580w, https:\/\/i0.wp.com\/eltrabajo.cl\/portal\/wp-content\/uploads\/2017\/07\/Ponce-2.jpg?resize=200%2C120&amp;ssl=1 200w, https:\/\/i0.wp.com\/eltrabajo.cl\/portal\/wp-content\/uploads\/2017\/07\/Ponce-2.jpg?resize=300%2C180&amp;ssl=1 300w, https:\/\/i0.wp.com\/eltrabajo.cl\/portal\/wp-content\/uploads\/2017\/07\/Ponce-2.jpg?resize=250%2C150&amp;ssl=1 250w, https:\/\/i0.wp.com\/eltrabajo.cl\/portal\/wp-content\/uploads\/2017\/07\/Ponce-2.jpg?resize=400%2C240&amp;ssl=1 400w\" sizes=\"auto, (max-width: 580px) 100vw, 580px\" \/><figcaption id=\"caption-attachment-80615\" class=\"wp-caption-text\">Doctor Jorge Ponce, m\u00e9dico sanfelipe\u00f1o fallecido recientemente.<\/figcaption><\/figure>\n<ul>\n<li><span style=\"color: #ff0000;\"><strong>Rese\u00f1a especial del Dr. Jorge Fernando Ponce Veas:<\/strong><\/span><\/li>\n<\/ul>\n<p>Hace pocos d\u00edas la ciudad de San Felipe perdi\u00f3 a uno de sus m\u00e1s queridos hijos y eminentes m\u00e9dicos cirujanos de todo el Valle de Aconcagua, nos referimos al querido y conocido Dr. Jorge Fernando Ponce Veas, nacido en San Felipe el 14 de diciembre de 1947. Don Jorge falleci\u00f3 la madrugada del 16 de julio en el Hospital San Camilo, a causa de una enfermedad hep\u00e1tica de larga data, luego de sufrir una crisis aproximadamente unos diez d\u00edas antes de su muerte.<\/p>\n<p><span style=\"color: #ff0000;\"><strong>UNA BREVE RESE\u00d1A<\/strong><\/span><br \/>\nHoy en Diario El Trabajo queremos compartir con nuestros lectores una rese\u00f1a especial sobre la vida de don Jorge Ponce, quien era hijo de do\u00f1a Margot Veas Laguna y don Jorge Lautaro Ponce, curs\u00f3 su educaci\u00f3n primaria y secundaria en el Instituto Abd\u00f3n Cifuentes y luego en el Liceo de Hombres de San Felipe, desde donde egres\u00f3 como Alumno Destacado.<br \/>\nEste m\u00e9dico aconcag\u00fcino estudi\u00f3 Medicina en la Universidad de Chile, egresando como M\u00e9dico Cirujano, obteniendo la especialidad de Ginecolog\u00eda y Obstetricia. Durante su \u00e9poca universitaria vivi\u00f3 en el Pensionado Belisario Torres, en donde era conocido cari\u00f1osamente como \u2018El Chicharra\u2019 y destacaba adem\u00e1s como excelente alumno, como un buen amigo, aficionado al baby-f\u00fatbol y al taca-taca.<br \/>\nEjerci\u00f3 sus primeros a\u00f1os como m\u00e9dico en el Hospital F\u00e9lix Bulnes y en la Cl\u00ednica Vicu\u00f1a Mackenna. En 1981 regres\u00f3 a San Felipe, integr\u00e1ndose al Hospital San Camilo y al Centro M\u00e9dico San Felipe, lugares en los cuales cumpli\u00f3 sus labores hasta pocos d\u00edas antes de su muerte.<br \/>\nEn el Hospital San Camilo el Dr. Ponce fue m\u00e9dico residente; jefe de la residencia y en los \u00faltimos a\u00f1os, su Auditor. Don Jorge fue tambi\u00e9n presidente del Cap\u00edtulo Local del Colegio M\u00e9dico. De pocos, pero buenos amigos, era tambi\u00e9n Alguacil de Carabineros y socio del Club Social San Felipe. Tuvo tres hijos, dos de su primer matrimonio: Jorge (39 a\u00f1os, abogado) y Mar\u00eda Jos\u00e9 (35 a\u00f1os, psic\u00f3loga) y una de su segundo matrimonio: Isidora (13 a\u00f1os, alumna del Colegio Alem\u00e1n). Aficionado a la lectura y la buena mesa, sus hobbies principales eran los l\u00e1pices, relojes y cuchillos y cortaplumas.<br \/>\nDon Jorge fue sepultado en el Parque El Almendral, previa Misa en la Iglesia de Andacollo. Todos quienes laboramos en Diario El Trabajo hoy queremos hacer p\u00fablico nuestro fraternal abrazo a la familia de don Jorge, sabiendo que la fortaleza heredada de este valiente les obliga a seguir adelante como familia.<br \/>\n<strong>Roberto Gonz\u00e1lez Short<\/strong><\/p>\n<figure id=\"attachment_80614\" aria-describedby=\"caption-attachment-80614\" style=\"width: 580px\" class=\"wp-caption alignnone\"><img data-recalc-dims=\"1\" loading=\"lazy\" decoding=\"async\" class=\"size-full wp-image-80614\" src=\"https:\/\/i0.wp.com\/www.eltrabajo.cl\/2017\/wp-content\/uploads\/2017\/07\/Ponce-1.jpg?resize=580%2C348\" alt=\"UN PAP\u00c1 MUY REGAL\u00d3N.- Aqu\u00ed tenemos a don Jorge Ponce durante la celebraci\u00f3n del \u00faltimo D\u00eda del Padre 2017, junto a sus tres hijos: Mar\u00eda Jos\u00e9, Jorge e Isidora (de izquierda a derecha).\" width=\"580\" height=\"348\" srcset=\"https:\/\/i0.wp.com\/eltrabajo.cl\/portal\/wp-content\/uploads\/2017\/07\/Ponce-1.jpg?w=580&amp;ssl=1 580w, https:\/\/i0.wp.com\/eltrabajo.cl\/portal\/wp-content\/uploads\/2017\/07\/Ponce-1.jpg?resize=200%2C120&amp;ssl=1 200w, https:\/\/i0.wp.com\/eltrabajo.cl\/portal\/wp-content\/uploads\/2017\/07\/Ponce-1.jpg?resize=300%2C180&amp;ssl=1 300w, https:\/\/i0.wp.com\/eltrabajo.cl\/portal\/wp-content\/uploads\/2017\/07\/Ponce-1.jpg?resize=250%2C150&amp;ssl=1 250w, https:\/\/i0.wp.com\/eltrabajo.cl\/portal\/wp-content\/uploads\/2017\/07\/Ponce-1.jpg?resize=400%2C240&amp;ssl=1 400w\" sizes=\"auto, (max-width: 580px) 100vw, 580px\" \/><figcaption id=\"caption-attachment-80614\" class=\"wp-caption-text\">UN PAP\u00c1 MUY REGAL\u00d3N.- Aqu\u00ed tenemos a don Jorge Ponce durante la celebraci\u00f3n del \u00faltimo D\u00eda del Padre 2017, junto a sus tres hijos: Mar\u00eda Jos\u00e9, Jorge e Isidora (de izquierda a derecha).<\/figcaption><\/figure>\n<figure id=\"attachment_80616\" aria-describedby=\"caption-attachment-80616\" style=\"width: 580px\" class=\"wp-caption alignnone\"><img data-recalc-dims=\"1\" loading=\"lazy\" decoding=\"async\" class=\"size-full wp-image-80616\" src=\"https:\/\/i0.wp.com\/www.eltrabajo.cl\/2017\/wp-content\/uploads\/2017\/07\/Ponce-3.jpg?resize=580%2C349\" alt=\"UN PADRE CERCANO.- En 2001, aqu\u00ed vemos a Jorge, su padre el Doctor Ponce, y su hermana Mar\u00eda Jos\u00e9, cuando el primero terminaba sus estudios de abogado.\" width=\"580\" height=\"349\" srcset=\"https:\/\/i0.wp.com\/eltrabajo.cl\/portal\/wp-content\/uploads\/2017\/07\/Ponce-3.jpg?w=580&amp;ssl=1 580w, https:\/\/i0.wp.com\/eltrabajo.cl\/portal\/wp-content\/uploads\/2017\/07\/Ponce-3.jpg?resize=200%2C120&amp;ssl=1 200w, https:\/\/i0.wp.com\/eltrabajo.cl\/portal\/wp-content\/uploads\/2017\/07\/Ponce-3.jpg?resize=300%2C181&amp;ssl=1 300w, https:\/\/i0.wp.com\/eltrabajo.cl\/portal\/wp-content\/uploads\/2017\/07\/Ponce-3.jpg?resize=249%2C150&amp;ssl=1 249w, https:\/\/i0.wp.com\/eltrabajo.cl\/portal\/wp-content\/uploads\/2017\/07\/Ponce-3.jpg?resize=400%2C241&amp;ssl=1 400w\" sizes=\"auto, (max-width: 580px) 100vw, 580px\" \/><figcaption id=\"caption-attachment-80616\" class=\"wp-caption-text\">UN PADRE CERCANO.- En 2001, aqu\u00ed vemos a Jorge, su padre el Doctor Ponce, y su hermana Mar\u00eda Jos\u00e9, cuando el primero terminaba sus estudios de abogado.<\/figcaption><\/figure>\n","protected":false},"excerpt":{"rendered":"<p>Rese\u00f1a especial del Dr. Jorge Fernando Ponce Veas: Hace pocos d\u00edas la ciudad de San Felipe perdi\u00f3 a uno de sus m\u00e1s queridos hijos y eminentes m\u00e9dicos cirujanos de todo el Valle&#8230;<\/p>\n","protected":false},"author":1,"featured_media":80614,"comment_status":"open","ping_status":"open","sticky":false,"template":"","format":"standard","meta":{"advanced_seo_description":"","jetpack_seo_html_title":"","jetpack_seo_noindex":false,"_jetpack_memberships_contains_paid_content":false,"footnotes":""},"categories":[15],"tags":[],"class_list":["post-80613","post","type-post","status-publish","format-standard","has-post-thumbnail","hentry","category-comunidad"],"jetpack_featured_media_url":"https:\/\/i0.wp.com\/eltrabajo.cl\/portal\/wp-content\/uploads\/2017\/07\/Ponce-1.jpg?fit=580%2C348&ssl=1","jetpack_sharing_enabled":true,"jetpack_likes_enabled":true,"jetpack-related-posts":[],"_links":{"self":[{"href":"https:\/\/eltrabajo.cl\/portal\/wp-json\/wp\/v2\/posts\/80613","targetHints":{"allow":["GET"]}}],"collection":[{"href":"https:\/\/eltrabajo.cl\/portal\/wp-json\/wp\/v2\/posts"}],"about":[{"href":"https:\/\/eltrabajo.cl\/portal\/wp-json\/wp\/v2\/types\/post"}],"author":[{"embeddable":true,"href":"https:\/\/eltrabajo.cl\/portal\/wp-json\/wp\/v2\/users\/1"}],"replies":[{"embeddable":true,"href":"https:\/\/eltrabajo.cl\/portal\/wp-json\/wp\/v2\/comments?post=80613"}],"version-history":[{"count":0,"href":"https:\/\/eltrabajo.cl\/portal\/wp-json\/wp\/v2\/posts\/80613\/revisions"}],"wp:featuredmedia":[{"embeddable":true,"href":"https:\/\/eltrabajo.cl\/portal\/wp-json\/wp\/v2\/media\/80614"}],"wp:attachment":[{"href":"https:\/\/eltrabajo.cl\/portal\/wp-json\/wp\/v2\/media?parent=80613"}],"wp:term":[{"taxonomy":"category","embeddable":true,"href":"https:\/\/eltrabajo.cl\/portal\/wp-json\/wp\/v2\/categories?post=80613"},{"taxonomy":"post_tag","embeddable":true,"href":"https:\/\/eltrabajo.cl\/portal\/wp-json\/wp\/v2\/tags?post=80613"}],"curies":[{"name":"wp","href":"https:\/\/api.w.org\/{rel}","templated":true}]}}