{"id":80618,"date":"2017-08-01T06:01:32","date_gmt":"2017-08-01T10:01:32","guid":{"rendered":"http:\/\/www.eltrabajo.cl\/2017\/?p=80618"},"modified":"2017-08-01T06:01:32","modified_gmt":"2017-08-01T10:01:32","slug":"club-de-ciclismo-integra-a-jovenes-deportistas-con-vulnerabilidad-social","status":"publish","type":"post","link":"https:\/\/eltrabajo.cl\/portal\/club-de-ciclismo-integra-a-jovenes-deportistas-con-vulnerabilidad-social\/","title":{"rendered":"Club de Ciclismo integra a j\u00f3venes deportistas con vulnerabilidad social"},"content":{"rendered":"<figure id=\"attachment_80619\" aria-describedby=\"caption-attachment-80619\" style=\"width: 580px\" class=\"wp-caption alignnone\"><img data-recalc-dims=\"1\" loading=\"lazy\" decoding=\"async\" class=\"size-full wp-image-80619\" src=\"https:\/\/i0.wp.com\/www.eltrabajo.cl\/2017\/wp-content\/uploads\/2017\/07\/marcos-tapia-benjamin-silva.jpg?resize=580%2C348\" alt=\"Marcos Tapia (14 a\u00f1os, a la izquierda) y Benjam\u00edn Silva (12 a\u00f1os, a la derecha), son dos de las futuras promesas del ciclismo sanfelipe\u00f1o.\" width=\"580\" height=\"348\" srcset=\"https:\/\/i0.wp.com\/eltrabajo.cl\/portal\/wp-content\/uploads\/2017\/07\/marcos-tapia-benjamin-silva.jpg?w=580&amp;ssl=1 580w, https:\/\/i0.wp.com\/eltrabajo.cl\/portal\/wp-content\/uploads\/2017\/07\/marcos-tapia-benjamin-silva.jpg?resize=200%2C120&amp;ssl=1 200w, https:\/\/i0.wp.com\/eltrabajo.cl\/portal\/wp-content\/uploads\/2017\/07\/marcos-tapia-benjamin-silva.jpg?resize=300%2C180&amp;ssl=1 300w, https:\/\/i0.wp.com\/eltrabajo.cl\/portal\/wp-content\/uploads\/2017\/07\/marcos-tapia-benjamin-silva.jpg?resize=250%2C150&amp;ssl=1 250w, https:\/\/i0.wp.com\/eltrabajo.cl\/portal\/wp-content\/uploads\/2017\/07\/marcos-tapia-benjamin-silva.jpg?resize=400%2C240&amp;ssl=1 400w\" sizes=\"auto, (max-width: 580px) 100vw, 580px\" \/><figcaption id=\"caption-attachment-80619\" class=\"wp-caption-text\">Marcos Tapia (14 a\u00f1os, a la izquierda) y Benjam\u00edn Silva (12 a\u00f1os, a la derecha), son dos de las futuras promesas del ciclismo sanfelipe\u00f1o.<\/figcaption><\/figure>\n<ul>\n<li><span style=\"color: #ff0000;\"><strong>Ciclismo en ruta: Una disciplina que pedalea en favor de los ni\u00f1os de San Felipe:<\/strong><\/span><\/li>\n<\/ul>\n<p>Tratar de romper barreras sociales y econ\u00f3micas en el deporte, no suele ser una tarea f\u00e1cil. Disciplinas como el ciclismo, a nivel competitivo, requieren de implementaci\u00f3n, preparaci\u00f3n y una alimentaci\u00f3n que demanda una importante cantidad de recursos, condici\u00f3n que en Chile, limita la posibilidad de tener exponentes de renombre internacional.<br \/>\nEn Aconcagua, el Club de Ciclismo San Felipe est\u00e1 trabajando duro para transformarse en la excepci\u00f3n a la regla. Apuestan por la transversalidad social del ciclismo en ruta y seg\u00fan su presidente, V\u00edctor Catal\u00e1n, sus objetivos traspasan el plano deportivo, asumiendo por naturaleza una labor social con los ni\u00f1os m\u00e1s vulnerables de la comuna.<br \/>\n\u201cSiempre hay objetivos deportivos como alcanzar un podio en las distintas categor\u00edas y en las distintas competencias en las que participamos a nivel regional, pero adem\u00e1s queremos contribuir en sacar a los muchachos de las esquinas y de los malos h\u00e1bitos\u201d, expuso Catal\u00e1n.<br \/>\nActualmente, tanto el objetivo deportivo como el social de este novel club, se han materializado en los nombres de Marcos Tapia (14 a\u00f1os) y Benjam\u00edn Silva (12 a\u00f1os), estudiantes de las Escuelas Buen Pastor y John Kennedy, respectivamente, quienes han destacado por su compromiso y perseverancia en el Taller de Ciclismo de la Municipalidad de San Felipe (impartido por el instructor Alejandro Silva), y que han obtenido excelentes resultados en las \u00faltimas competencias en que participaron.<br \/>\nEn el \u2018Open Menores\u2019 realizado este domingo 30 de julio en la ciudad de La Ligua, Marcos obtuvo un valioso tercer lugar en la categor\u00eda juvenil, mientras que Benjam\u00edn cruz\u00f3 la meta en quinta posici\u00f3n en la serie infantil. Ambos hab\u00edan destacado en la carrera de Aniversario de la ciudad de Los Andes, desarrollada el pasado 23 de julio, con un segundo y quinto puesto respectivamente.<br \/>\nSeg\u00fan cuenta Catal\u00e1n, \u201cMarcos vive en el sector de las Cuatro Villas y Benjam\u00edn en El Casta\u00f1o, y aunque no tienen todos los recursos que se necesitan, muchas de las cosas que ellos ocupan \u2013bicicletas, cascos, etc.- son prestadas o donadas por los socios del club, porque son chicos que est\u00e1n llenos de talento, son diamantes en bruto que estamos puliendo y que no queremos que se vean determinados por su entorno\u201d, argument\u00f3 el presidente del Club de Ciclismo San Felipe.<br \/>\nSin duda, la idea de este club deportivo sanfelipe\u00f1o es digna de imitar. Romper barreras sociales, equilibrar la balanza y abrir la competencia entre pares, privilegiando el talento por encima de las diferencias sociales, contribuir\u00e1 para que el Valle de Aconcagua cuente, no s\u00f3lo con mejores deportistas, sino tambi\u00e9n con mejores personas. As\u00ed, los resultados deportivos llegar\u00e1n m\u00e1s temprano que tarde.<\/p>\n","protected":false},"excerpt":{"rendered":"<p>Ciclismo en ruta: Una disciplina que pedalea en favor de los ni\u00f1os de San Felipe: Tratar de romper barreras sociales y econ\u00f3micas en el deporte, no suele ser una tarea f\u00e1cil. Disciplinas&#8230;<\/p>\n","protected":false},"author":1,"featured_media":80619,"comment_status":"open","ping_status":"open","sticky":false,"template":"","format":"standard","meta":{"advanced_seo_description":"","jetpack_seo_html_title":"","jetpack_seo_noindex":false,"_jetpack_memberships_contains_paid_content":false,"footnotes":""},"categories":[15],"tags":[],"class_list":["post-80618","post","type-post","status-publish","format-standard","has-post-thumbnail","hentry","category-comunidad"],"jetpack_featured_media_url":"https:\/\/i0.wp.com\/eltrabajo.cl\/portal\/wp-content\/uploads\/2017\/07\/marcos-tapia-benjamin-silva.jpg?fit=580%2C348&ssl=1","jetpack_sharing_enabled":true,"jetpack_likes_enabled":true,"jetpack-related-posts":[],"_links":{"self":[{"href":"https:\/\/eltrabajo.cl\/portal\/wp-json\/wp\/v2\/posts\/80618","targetHints":{"allow":["GET"]}}],"collection":[{"href":"https:\/\/eltrabajo.cl\/portal\/wp-json\/wp\/v2\/posts"}],"about":[{"href":"https:\/\/eltrabajo.cl\/portal\/wp-json\/wp\/v2\/types\/post"}],"author":[{"embeddable":true,"href":"https:\/\/eltrabajo.cl\/portal\/wp-json\/wp\/v2\/users\/1"}],"replies":[{"embeddable":true,"href":"https:\/\/eltrabajo.cl\/portal\/wp-json\/wp\/v2\/comments?post=80618"}],"version-history":[{"count":0,"href":"https:\/\/eltrabajo.cl\/portal\/wp-json\/wp\/v2\/posts\/80618\/revisions"}],"wp:featuredmedia":[{"embeddable":true,"href":"https:\/\/eltrabajo.cl\/portal\/wp-json\/wp\/v2\/media\/80619"}],"wp:attachment":[{"href":"https:\/\/eltrabajo.cl\/portal\/wp-json\/wp\/v2\/media?parent=80618"}],"wp:term":[{"taxonomy":"category","embeddable":true,"href":"https:\/\/eltrabajo.cl\/portal\/wp-json\/wp\/v2\/categories?post=80618"},{"taxonomy":"post_tag","embeddable":true,"href":"https:\/\/eltrabajo.cl\/portal\/wp-json\/wp\/v2\/tags?post=80618"}],"curies":[{"name":"wp","href":"https:\/\/api.w.org\/{rel}","templated":true}]}}