{"id":80621,"date":"2017-08-01T06:02:11","date_gmt":"2017-08-01T10:02:11","guid":{"rendered":"http:\/\/www.eltrabajo.cl\/2017\/?p=80621"},"modified":"2017-08-01T06:02:11","modified_gmt":"2017-08-01T10:02:11","slug":"arranco-el-food-truck-aconcagua-2017-y-terminara-el-31-de-agosto","status":"publish","type":"post","link":"https:\/\/eltrabajo.cl\/portal\/arranco-el-food-truck-aconcagua-2017-y-terminara-el-31-de-agosto\/","title":{"rendered":"Arranc\u00f3 el Food Truck Aconcagua 2017 y terminar\u00e1 el 31 de agosto"},"content":{"rendered":"<figure id=\"attachment_80628\" aria-describedby=\"caption-attachment-80628\" style=\"width: 580px\" class=\"wp-caption alignnone\"><img data-recalc-dims=\"1\" loading=\"lazy\" decoding=\"async\" class=\"size-full wp-image-80628\" src=\"https:\/\/i0.wp.com\/www.eltrabajo.cl\/2017\/wp-content\/uploads\/2017\/07\/Carritos6.jpg?resize=580%2C349\" alt=\"LOS FAVORITOS DE MUCHOS.- La demanda de tacos de carne es enorme, peques y grandes los piden en este lugar.\" width=\"580\" height=\"349\" srcset=\"https:\/\/i0.wp.com\/eltrabajo.cl\/portal\/wp-content\/uploads\/2017\/07\/Carritos6.jpg?w=580&amp;ssl=1 580w, https:\/\/i0.wp.com\/eltrabajo.cl\/portal\/wp-content\/uploads\/2017\/07\/Carritos6.jpg?resize=200%2C120&amp;ssl=1 200w, https:\/\/i0.wp.com\/eltrabajo.cl\/portal\/wp-content\/uploads\/2017\/07\/Carritos6.jpg?resize=300%2C181&amp;ssl=1 300w, https:\/\/i0.wp.com\/eltrabajo.cl\/portal\/wp-content\/uploads\/2017\/07\/Carritos6.jpg?resize=249%2C150&amp;ssl=1 249w, https:\/\/i0.wp.com\/eltrabajo.cl\/portal\/wp-content\/uploads\/2017\/07\/Carritos6.jpg?resize=400%2C241&amp;ssl=1 400w\" sizes=\"auto, (max-width: 580px) 100vw, 580px\" \/><figcaption id=\"caption-attachment-80628\" class=\"wp-caption-text\">LOS FAVORITOS DE MUCHOS.- La demanda de tacos de carne es enorme, peques y grandes los piden en este lugar.<\/figcaption><\/figure>\n<ul>\n<li><span style=\"color: #ff0000;\"><strong>Juegos, comidas, jugos, pizzas y muchos eventos:<\/strong><\/span><\/li>\n<\/ul>\n<p>Un nuevo estilo para disfrutar en grande un paseo por el centro de San Felipe, es al que todos los sanfelipe\u00f1os, durante todo el mes de agosto, tienen acceso si visitan el Food Truck Aconcagua 2017, una compleja feria de carros con comidas r\u00e1pidas justo para complacer a los m\u00e1s exigentes.<br \/>\nEsta Plaza de Bolsillo, como tambi\u00e9n la llaman sus organizadores, es una propuesta urbana en la que varios comerciantes de la zona instalan sus carro-cocina y ofrecen a sus clientes cervezas, pizza, jugos naturales y mil cosas para que los sanfelipe\u00f1os puedan comer de todo y divertirse en un solo lugar al aire libre.<br \/>\nDiario El Trabajo habl\u00f3 con Gabriel Castillo, comerciante sanfelipe\u00f1o que nos explic\u00f3 que \u00abesta es una feria que organizamos ocho familias de San Felipe con nuestros carros para desarrollar esta Plaza de Bolsillo, en esta actividad estamos ofreciendo pizza, t\u00e9, taquitos, wafles, juegos inflables, m\u00fasica, pintura para ni\u00f1os, tenemos regularmente premios sorpresa para los presentes, los precios son bajos y los fines de semana tendremos shows y payasos\u00bb.<br \/>\nNuestro medio hizo un recorrido por el complejo ubicado en Merced 220, en donde pudimos encontrarnos con muchos ni\u00f1os haci\u00e9ndola de pintores; familias enteras comiendo muchas frituras y ricas pizzas de hasta 65 cm de di\u00e1metro. El horario del Food Truck Aconcagua es de las 11:00 a las 21:00 horas todos los d\u00edas hasta el 31 de agosto.<br \/>\n<strong>Roberto Gonz\u00e1lez Short<\/strong><\/p>\n<figure id=\"attachment_80622\" aria-describedby=\"caption-attachment-80622\" style=\"width: 580px\" class=\"wp-caption alignnone\"><img data-recalc-dims=\"1\" loading=\"lazy\" decoding=\"async\" class=\"size-full wp-image-80622\" src=\"https:\/\/i0.wp.com\/www.eltrabajo.cl\/2017\/wp-content\/uploads\/2017\/07\/Carritos_Gabriel-Castillo.jpg?resize=580%2C520\" alt=\"Gabriel Castillo, comerciante sanfelipe\u00f1o.\" width=\"580\" height=\"520\" srcset=\"https:\/\/i0.wp.com\/eltrabajo.cl\/portal\/wp-content\/uploads\/2017\/07\/Carritos_Gabriel-Castillo.jpg?w=580&amp;ssl=1 580w, https:\/\/i0.wp.com\/eltrabajo.cl\/portal\/wp-content\/uploads\/2017\/07\/Carritos_Gabriel-Castillo.jpg?resize=167%2C150&amp;ssl=1 167w, https:\/\/i0.wp.com\/eltrabajo.cl\/portal\/wp-content\/uploads\/2017\/07\/Carritos_Gabriel-Castillo.jpg?resize=300%2C269&amp;ssl=1 300w, https:\/\/i0.wp.com\/eltrabajo.cl\/portal\/wp-content\/uploads\/2017\/07\/Carritos_Gabriel-Castillo.jpg?resize=400%2C359&amp;ssl=1 400w\" sizes=\"auto, (max-width: 580px) 100vw, 580px\" \/><figcaption id=\"caption-attachment-80622\" class=\"wp-caption-text\">Gabriel Castillo, comerciante sanfelipe\u00f1o.<\/figcaption><\/figure>\n<figure id=\"attachment_80623\" aria-describedby=\"caption-attachment-80623\" style=\"width: 580px\" class=\"wp-caption alignnone\"><img data-recalc-dims=\"1\" loading=\"lazy\" decoding=\"async\" class=\"size-full wp-image-80623\" src=\"https:\/\/i0.wp.com\/www.eltrabajo.cl\/2017\/wp-content\/uploads\/2017\/07\/Carritos1.jpg?resize=580%2C349\" alt=\"SABOR EN FAMILIA.- Familias enteras est\u00e1n disfrutando a lo grande de esta opci\u00f3n urbana para disfrutar con sus hijos comidas r\u00e1pidas y sana diversi\u00f3n en el centro de San Felipe.\" width=\"580\" height=\"349\" srcset=\"https:\/\/i0.wp.com\/eltrabajo.cl\/portal\/wp-content\/uploads\/2017\/07\/Carritos1.jpg?w=580&amp;ssl=1 580w, https:\/\/i0.wp.com\/eltrabajo.cl\/portal\/wp-content\/uploads\/2017\/07\/Carritos1.jpg?resize=200%2C120&amp;ssl=1 200w, https:\/\/i0.wp.com\/eltrabajo.cl\/portal\/wp-content\/uploads\/2017\/07\/Carritos1.jpg?resize=300%2C181&amp;ssl=1 300w, https:\/\/i0.wp.com\/eltrabajo.cl\/portal\/wp-content\/uploads\/2017\/07\/Carritos1.jpg?resize=249%2C150&amp;ssl=1 249w, https:\/\/i0.wp.com\/eltrabajo.cl\/portal\/wp-content\/uploads\/2017\/07\/Carritos1.jpg?resize=400%2C241&amp;ssl=1 400w\" sizes=\"auto, (max-width: 580px) 100vw, 580px\" \/><figcaption id=\"caption-attachment-80623\" class=\"wp-caption-text\">SABOR EN FAMILIA.- Familias enteras est\u00e1n disfrutando a lo grande de esta opci\u00f3n urbana para disfrutar con sus hijos comidas r\u00e1pidas y sana diversi\u00f3n en el centro de San Felipe.<\/figcaption><\/figure>\n<figure id=\"attachment_80624\" aria-describedby=\"caption-attachment-80624\" style=\"width: 580px\" class=\"wp-caption alignnone\"><img data-recalc-dims=\"1\" loading=\"lazy\" decoding=\"async\" class=\"size-full wp-image-80624\" src=\"https:\/\/i0.wp.com\/www.eltrabajo.cl\/2017\/wp-content\/uploads\/2017\/07\/Carritos2.jpg?resize=580%2C349\" alt=\"PIZZA GIGANTE.- Gabriel Castillo (padre e hijo) muestran a Diario El Trabajo una de las enormes pizzas que ellos preparan para sus clientes.\" width=\"580\" height=\"349\" srcset=\"https:\/\/i0.wp.com\/eltrabajo.cl\/portal\/wp-content\/uploads\/2017\/07\/Carritos2.jpg?w=580&amp;ssl=1 580w, https:\/\/i0.wp.com\/eltrabajo.cl\/portal\/wp-content\/uploads\/2017\/07\/Carritos2.jpg?resize=200%2C120&amp;ssl=1 200w, https:\/\/i0.wp.com\/eltrabajo.cl\/portal\/wp-content\/uploads\/2017\/07\/Carritos2.jpg?resize=300%2C181&amp;ssl=1 300w, https:\/\/i0.wp.com\/eltrabajo.cl\/portal\/wp-content\/uploads\/2017\/07\/Carritos2.jpg?resize=249%2C150&amp;ssl=1 249w, https:\/\/i0.wp.com\/eltrabajo.cl\/portal\/wp-content\/uploads\/2017\/07\/Carritos2.jpg?resize=400%2C241&amp;ssl=1 400w\" sizes=\"auto, (max-width: 580px) 100vw, 580px\" \/><figcaption id=\"caption-attachment-80624\" class=\"wp-caption-text\">PIZZA GIGANTE.- Gabriel Castillo (padre e hijo) muestran a Diario El Trabajo una de las enormes pizzas que ellos preparan para sus clientes.<\/figcaption><\/figure>\n<figure id=\"attachment_80626\" aria-describedby=\"caption-attachment-80626\" style=\"width: 579px\" class=\"wp-caption alignnone\"><img data-recalc-dims=\"1\" loading=\"lazy\" decoding=\"async\" class=\"size-full wp-image-80626\" src=\"https:\/\/i0.wp.com\/www.eltrabajo.cl\/2017\/wp-content\/uploads\/2017\/07\/Carritos4.jpg?resize=579%2C371\" alt=\"DIVERSI\u00d3N INFANTIL.- El peque\u00f1o Nicol\u00e1s Aravena tambi\u00e9n disfrut\u00f3 colorear su dibujo favorito en el Food Truck Aconcagua 2017.\" width=\"579\" height=\"371\" srcset=\"https:\/\/i0.wp.com\/eltrabajo.cl\/portal\/wp-content\/uploads\/2017\/07\/Carritos4.jpg?w=579&amp;ssl=1 579w, https:\/\/i0.wp.com\/eltrabajo.cl\/portal\/wp-content\/uploads\/2017\/07\/Carritos4.jpg?resize=200%2C128&amp;ssl=1 200w, https:\/\/i0.wp.com\/eltrabajo.cl\/portal\/wp-content\/uploads\/2017\/07\/Carritos4.jpg?resize=300%2C192&amp;ssl=1 300w, https:\/\/i0.wp.com\/eltrabajo.cl\/portal\/wp-content\/uploads\/2017\/07\/Carritos4.jpg?resize=234%2C150&amp;ssl=1 234w, https:\/\/i0.wp.com\/eltrabajo.cl\/portal\/wp-content\/uploads\/2017\/07\/Carritos4.jpg?resize=400%2C256&amp;ssl=1 400w\" sizes=\"auto, (max-width: 579px) 100vw, 579px\" \/><figcaption id=\"caption-attachment-80626\" class=\"wp-caption-text\">DIVERSI\u00d3N INFANTIL.- El peque\u00f1o Nicol\u00e1s Aravena tambi\u00e9n disfrut\u00f3 colorear su dibujo favorito en el Food Truck Aconcagua 2017.<\/figcaption><\/figure>\n<figure id=\"attachment_80627\" aria-describedby=\"caption-attachment-80627\" style=\"width: 580px\" class=\"wp-caption alignnone\"><img data-recalc-dims=\"1\" loading=\"lazy\" decoding=\"async\" class=\"size-full wp-image-80627\" src=\"https:\/\/i0.wp.com\/www.eltrabajo.cl\/2017\/wp-content\/uploads\/2017\/07\/Carritos5.jpg?resize=580%2C653\" alt=\"PEQUE\u00d1AS ARTISTAS.- Estas peque\u00f1itas tambi\u00e9n son parte de la nueva cosecha de pintores infantiles sanfelipe\u00f1os.\" width=\"580\" height=\"653\" srcset=\"https:\/\/i0.wp.com\/eltrabajo.cl\/portal\/wp-content\/uploads\/2017\/07\/Carritos5.jpg?w=580&amp;ssl=1 580w, https:\/\/i0.wp.com\/eltrabajo.cl\/portal\/wp-content\/uploads\/2017\/07\/Carritos5.jpg?resize=133%2C150&amp;ssl=1 133w, https:\/\/i0.wp.com\/eltrabajo.cl\/portal\/wp-content\/uploads\/2017\/07\/Carritos5.jpg?resize=266%2C300&amp;ssl=1 266w, https:\/\/i0.wp.com\/eltrabajo.cl\/portal\/wp-content\/uploads\/2017\/07\/Carritos5.jpg?resize=400%2C450&amp;ssl=1 400w\" sizes=\"auto, (max-width: 580px) 100vw, 580px\" \/><figcaption id=\"caption-attachment-80627\" class=\"wp-caption-text\">PEQUE\u00d1AS ARTISTAS.- Estas peque\u00f1itas tambi\u00e9n son parte de la nueva cosecha de pintores infantiles sanfelipe\u00f1os.<\/figcaption><\/figure>\n","protected":false},"excerpt":{"rendered":"<p>Juegos, comidas, jugos, pizzas y muchos eventos: Un nuevo estilo para disfrutar en grande un paseo por el centro de San Felipe, es al que todos los sanfelipe\u00f1os, durante todo el mes&#8230;<\/p>\n","protected":false},"author":1,"featured_media":80623,"comment_status":"open","ping_status":"open","sticky":false,"template":"","format":"standard","meta":{"advanced_seo_description":"","jetpack_seo_html_title":"","jetpack_seo_noindex":false,"_jetpack_memberships_contains_paid_content":false,"footnotes":""},"categories":[15],"tags":[],"class_list":["post-80621","post","type-post","status-publish","format-standard","has-post-thumbnail","hentry","category-comunidad"],"jetpack_featured_media_url":"https:\/\/i0.wp.com\/eltrabajo.cl\/portal\/wp-content\/uploads\/2017\/07\/Carritos1.jpg?fit=580%2C349&ssl=1","jetpack_sharing_enabled":true,"jetpack_likes_enabled":true,"jetpack-related-posts":[],"_links":{"self":[{"href":"https:\/\/eltrabajo.cl\/portal\/wp-json\/wp\/v2\/posts\/80621","targetHints":{"allow":["GET"]}}],"collection":[{"href":"https:\/\/eltrabajo.cl\/portal\/wp-json\/wp\/v2\/posts"}],"about":[{"href":"https:\/\/eltrabajo.cl\/portal\/wp-json\/wp\/v2\/types\/post"}],"author":[{"embeddable":true,"href":"https:\/\/eltrabajo.cl\/portal\/wp-json\/wp\/v2\/users\/1"}],"replies":[{"embeddable":true,"href":"https:\/\/eltrabajo.cl\/portal\/wp-json\/wp\/v2\/comments?post=80621"}],"version-history":[{"count":0,"href":"https:\/\/eltrabajo.cl\/portal\/wp-json\/wp\/v2\/posts\/80621\/revisions"}],"wp:featuredmedia":[{"embeddable":true,"href":"https:\/\/eltrabajo.cl\/portal\/wp-json\/wp\/v2\/media\/80623"}],"wp:attachment":[{"href":"https:\/\/eltrabajo.cl\/portal\/wp-json\/wp\/v2\/media?parent=80621"}],"wp:term":[{"taxonomy":"category","embeddable":true,"href":"https:\/\/eltrabajo.cl\/portal\/wp-json\/wp\/v2\/categories?post=80621"},{"taxonomy":"post_tag","embeddable":true,"href":"https:\/\/eltrabajo.cl\/portal\/wp-json\/wp\/v2\/tags?post=80621"}],"curies":[{"name":"wp","href":"https:\/\/api.w.org\/{rel}","templated":true}]}}