{"id":80630,"date":"2017-08-01T06:03:50","date_gmt":"2017-08-01T10:03:50","guid":{"rendered":"http:\/\/www.eltrabajo.cl\/2017\/?p=80630"},"modified":"2017-08-01T06:03:50","modified_gmt":"2017-08-01T10:03:50","slug":"andronico-luksic-regala-juguetes-al-jardin-infantil-conejitos-saltarines","status":"publish","type":"post","link":"https:\/\/eltrabajo.cl\/portal\/andronico-luksic-regala-juguetes-al-jardin-infantil-conejitos-saltarines\/","title":{"rendered":"Andr\u00f3nico Luksic regala juguetes al Jard\u00edn Infantil Conejitos Saltarines"},"content":{"rendered":"<figure id=\"attachment_80634\" aria-describedby=\"caption-attachment-80634\" style=\"width: 580px\" class=\"wp-caption alignnone\"><img data-recalc-dims=\"1\" loading=\"lazy\" decoding=\"async\" class=\"size-full wp-image-80634\" src=\"https:\/\/i0.wp.com\/www.eltrabajo.cl\/2017\/wp-content\/uploads\/2017\/07\/Conejitos3.jpg?resize=580%2C349\" alt=\"PEQUES COMO LOCOS.- Apenas los juguetes fueron sacados de sus cajas, los peque\u00f1ines nada t\u00edmidos se dispusieron a disfrutarlos en el patio.\" width=\"580\" height=\"349\" srcset=\"https:\/\/i0.wp.com\/eltrabajo.cl\/portal\/wp-content\/uploads\/2017\/07\/Conejitos3.jpg?w=580&amp;ssl=1 580w, https:\/\/i0.wp.com\/eltrabajo.cl\/portal\/wp-content\/uploads\/2017\/07\/Conejitos3.jpg?resize=200%2C120&amp;ssl=1 200w, https:\/\/i0.wp.com\/eltrabajo.cl\/portal\/wp-content\/uploads\/2017\/07\/Conejitos3.jpg?resize=300%2C181&amp;ssl=1 300w, https:\/\/i0.wp.com\/eltrabajo.cl\/portal\/wp-content\/uploads\/2017\/07\/Conejitos3.jpg?resize=249%2C150&amp;ssl=1 249w, https:\/\/i0.wp.com\/eltrabajo.cl\/portal\/wp-content\/uploads\/2017\/07\/Conejitos3.jpg?resize=400%2C241&amp;ssl=1 400w\" sizes=\"auto, (max-width: 580px) 100vw, 580px\" \/><figcaption id=\"caption-attachment-80634\" class=\"wp-caption-text\">PEQUES COMO LOCOS.- Apenas los juguetes fueron sacados de sus cajas, los peque\u00f1ines nada t\u00edmidos se dispusieron a disfrutarlos en el patio.<\/figcaption><\/figure>\n<ul>\n<li><strong><span style=\"color: #ff0000;\">Donaci\u00f3n lleg\u00f3 al mill\u00f3n de pesos:<\/span>\u00a0A iniciativa de apoderados del jard\u00edn se gestion\u00f3 aporte del empresario.<\/strong><\/li>\n<\/ul>\n<p>Muy contentos est\u00e1n los 104 peque\u00f1itos del Jard\u00edn Infantil y Salacuna Conejitos Saltarines, ubicado en Villa Curim\u00f3n Calle 2 N\u00ba380, quienes a partir de esta semana ya cuentan con cientos de juguetes para poder jugar, ya que gracias al Centro de Padres hizo los contactos para solicitar al empresario Andr\u00f3nico Luksic una donaci\u00f3n de juguetes.<br \/>\n\u00abHace algunas semanas en una reuni\u00f3n del Centro de Padres, la directiva acordamos buscar apoyo de alg\u00fan empresario chileno para tener juguetes para nuestros ni\u00f1os, ya que tenemos mucho patio, pero nada de juegos, as\u00ed, contactamos a don Andr\u00f3nico Luksic, le explicamos nuestra situaci\u00f3n y hasta le enviamos fotograf\u00edas del patio; al d\u00eda siguiente \u00e9l nos respondi\u00f3, nos dijo que estar\u00eda gustoso apoyando nuestra inquietud, que eligi\u00e9ramos nosotros los juguetes y que le envi\u00e1ramos un presupuesto, finalmente como a las dos semanas, gente de su equipo de trabajo lleg\u00f3 con el cargamento de juegos para nuestro jard\u00edn, por esto es que p\u00fablicamente queremos dar las gracias a este empresario, los ni\u00f1os est\u00e1n muy contentos con sus juegos nuevos, este donativo tiene un valor aproximado al mill\u00f3n de pesos, el Centro de Padres, conformado por su presidenta Joceline Berr\u00edos, el tesorero V\u00edctor Acu\u00f1a y la secretaria Yasna Videla, agredecen tambi\u00e9n esta donaci\u00f3n\u00bb, coment\u00f3 a Diario El Trabajo la coordinadora del Centro de Padres del Jard\u00edn Infantil Conejitos Saltarines, Camila Leiva R\u00edos.<br \/>\nEste centro parvulario atiende a 104 ni\u00f1os desde los 84 d\u00edas hasta las 4 a\u00f1os 11 meses 29 d\u00edas, divididos en cuatro niveles, es un jard\u00edn VTF (V\u00eda Transferencia de Fondos) funciona desde el 10 de diciembre del 2010, la directora es Alejandra Cordero, y cuenta actualmente con cinco cupos para sala cuna menor.<br \/>\n<strong>Roberto Gonz\u00e1lez Short<\/strong><\/p>\n<figure id=\"attachment_80631\" aria-describedby=\"caption-attachment-80631\" style=\"width: 580px\" class=\"wp-caption alignnone\"><img data-recalc-dims=\"1\" loading=\"lazy\" decoding=\"async\" class=\"size-full wp-image-80631\" src=\"https:\/\/i0.wp.com\/www.eltrabajo.cl\/2017\/wp-content\/uploads\/2017\/07\/Conejitos_Camila-Leiva.jpg?resize=580%2C589\" alt=\"Coordinadora del Centro de Padres del Jard\u00edn Infantil Conejitos Saltarines, Camila Leiva R\u00edos.\" width=\"580\" height=\"589\" srcset=\"https:\/\/i0.wp.com\/eltrabajo.cl\/portal\/wp-content\/uploads\/2017\/07\/Conejitos_Camila-Leiva.jpg?w=580&amp;ssl=1 580w, https:\/\/i0.wp.com\/eltrabajo.cl\/portal\/wp-content\/uploads\/2017\/07\/Conejitos_Camila-Leiva.jpg?resize=148%2C150&amp;ssl=1 148w, https:\/\/i0.wp.com\/eltrabajo.cl\/portal\/wp-content\/uploads\/2017\/07\/Conejitos_Camila-Leiva.jpg?resize=295%2C300&amp;ssl=1 295w, https:\/\/i0.wp.com\/eltrabajo.cl\/portal\/wp-content\/uploads\/2017\/07\/Conejitos_Camila-Leiva.jpg?resize=400%2C406&amp;ssl=1 400w\" sizes=\"auto, (max-width: 580px) 100vw, 580px\" \/><figcaption id=\"caption-attachment-80631\" class=\"wp-caption-text\">Coordinadora del Centro de Padres del Jard\u00edn Infantil Conejitos Saltarines, Camila Leiva R\u00edos.<\/figcaption><\/figure>\n<figure id=\"attachment_80632\" aria-describedby=\"caption-attachment-80632\" style=\"width: 580px\" class=\"wp-caption alignnone\"><img data-recalc-dims=\"1\" loading=\"lazy\" decoding=\"async\" class=\"size-full wp-image-80632\" src=\"https:\/\/i0.wp.com\/www.eltrabajo.cl\/2017\/wp-content\/uploads\/2017\/07\/Conejitos1.jpg?resize=580%2C349\" alt=\"JUGUETES NUEVOS.- Aqu\u00ed tenemos a los ni\u00f1os de Conejitos Saltarines en compa\u00f1\u00eda de funcionarias del establecimiento, junto a Humberto y Amaro, personas encargadas de entregar los regalos al jard\u00edn infantil. \" width=\"580\" height=\"349\" srcset=\"https:\/\/i0.wp.com\/eltrabajo.cl\/portal\/wp-content\/uploads\/2017\/07\/Conejitos1.jpg?w=580&amp;ssl=1 580w, https:\/\/i0.wp.com\/eltrabajo.cl\/portal\/wp-content\/uploads\/2017\/07\/Conejitos1.jpg?resize=200%2C120&amp;ssl=1 200w, https:\/\/i0.wp.com\/eltrabajo.cl\/portal\/wp-content\/uploads\/2017\/07\/Conejitos1.jpg?resize=300%2C181&amp;ssl=1 300w, https:\/\/i0.wp.com\/eltrabajo.cl\/portal\/wp-content\/uploads\/2017\/07\/Conejitos1.jpg?resize=249%2C150&amp;ssl=1 249w, https:\/\/i0.wp.com\/eltrabajo.cl\/portal\/wp-content\/uploads\/2017\/07\/Conejitos1.jpg?resize=400%2C241&amp;ssl=1 400w\" sizes=\"auto, (max-width: 580px) 100vw, 580px\" \/><figcaption id=\"caption-attachment-80632\" class=\"wp-caption-text\">JUGUETES NUEVOS.- Aqu\u00ed tenemos a los ni\u00f1os de Conejitos Saltarines en compa\u00f1\u00eda de funcionarias del establecimiento, junto a Humberto y Amaro, personas encargadas de entregar los regalos al jard\u00edn infantil.<\/figcaption><\/figure>\n<figure id=\"attachment_80633\" aria-describedby=\"caption-attachment-80633\" style=\"width: 580px\" class=\"wp-caption alignnone\"><img data-recalc-dims=\"1\" loading=\"lazy\" decoding=\"async\" class=\"size-full wp-image-80633\" src=\"https:\/\/i0.wp.com\/www.eltrabajo.cl\/2017\/wp-content\/uploads\/2017\/07\/Conejitos2.jpg?resize=580%2C350\" alt=\"A JUGAR NI\u00d1OS.- Este es el donativo que el empresario chileno Andr\u00f3nico Luksic hizo llegar a los peque\u00f1itos de este jard\u00edn infantil sanfelipe\u00f1o.\" width=\"580\" height=\"350\" srcset=\"https:\/\/i0.wp.com\/eltrabajo.cl\/portal\/wp-content\/uploads\/2017\/07\/Conejitos2.jpg?w=580&amp;ssl=1 580w, https:\/\/i0.wp.com\/eltrabajo.cl\/portal\/wp-content\/uploads\/2017\/07\/Conejitos2.jpg?resize=200%2C121&amp;ssl=1 200w, https:\/\/i0.wp.com\/eltrabajo.cl\/portal\/wp-content\/uploads\/2017\/07\/Conejitos2.jpg?resize=300%2C181&amp;ssl=1 300w, https:\/\/i0.wp.com\/eltrabajo.cl\/portal\/wp-content\/uploads\/2017\/07\/Conejitos2.jpg?resize=249%2C150&amp;ssl=1 249w, https:\/\/i0.wp.com\/eltrabajo.cl\/portal\/wp-content\/uploads\/2017\/07\/Conejitos2.jpg?resize=400%2C241&amp;ssl=1 400w\" sizes=\"auto, (max-width: 580px) 100vw, 580px\" \/><figcaption id=\"caption-attachment-80633\" class=\"wp-caption-text\">A JUGAR NI\u00d1OS.- Este es el donativo que el empresario chileno Andr\u00f3nico Luksic hizo llegar a los peque\u00f1itos de este jard\u00edn infantil sanfelipe\u00f1o.<\/figcaption><\/figure>\n<figure id=\"attachment_80635\" aria-describedby=\"caption-attachment-80635\" style=\"width: 580px\" class=\"wp-caption alignnone\"><img data-recalc-dims=\"1\" loading=\"lazy\" decoding=\"async\" class=\"size-full wp-image-80635\" src=\"https:\/\/i0.wp.com\/www.eltrabajo.cl\/2017\/wp-content\/uploads\/2017\/07\/Conejitos4.jpg?resize=580%2C627\" alt=\"SU FELICIDAD NO TIENE PRECIO.- Es tanta la alegr\u00eda de estos ni\u00f1os, que hasta hacen fila sin llorar, esperando su turno para poder jugar en estos juguetes ahora instalados.\" width=\"580\" height=\"627\" srcset=\"https:\/\/i0.wp.com\/eltrabajo.cl\/portal\/wp-content\/uploads\/2017\/07\/Conejitos4.jpg?w=580&amp;ssl=1 580w, https:\/\/i0.wp.com\/eltrabajo.cl\/portal\/wp-content\/uploads\/2017\/07\/Conejitos4.jpg?resize=139%2C150&amp;ssl=1 139w, https:\/\/i0.wp.com\/eltrabajo.cl\/portal\/wp-content\/uploads\/2017\/07\/Conejitos4.jpg?resize=278%2C300&amp;ssl=1 278w, https:\/\/i0.wp.com\/eltrabajo.cl\/portal\/wp-content\/uploads\/2017\/07\/Conejitos4.jpg?resize=400%2C432&amp;ssl=1 400w\" sizes=\"auto, (max-width: 580px) 100vw, 580px\" \/><figcaption id=\"caption-attachment-80635\" class=\"wp-caption-text\">SU FELICIDAD NO TIENE PRECIO.- Es tanta la alegr\u00eda de estos ni\u00f1os, que hasta hacen fila sin llorar, esperando su turno para poder jugar en estos juguetes ahora instalados.<\/figcaption><\/figure>\n","protected":false},"excerpt":{"rendered":"<p>Donaci\u00f3n lleg\u00f3 al mill\u00f3n de pesos:\u00a0A iniciativa de apoderados del jard\u00edn se gestion\u00f3 aporte del empresario. Muy contentos est\u00e1n los 104 peque\u00f1itos del Jard\u00edn Infantil y Salacuna Conejitos Saltarines, ubicado en Villa&#8230;<\/p>\n","protected":false},"author":1,"featured_media":80632,"comment_status":"open","ping_status":"open","sticky":false,"template":"","format":"standard","meta":{"advanced_seo_description":"","jetpack_seo_html_title":"","jetpack_seo_noindex":false,"_jetpack_memberships_contains_paid_content":false,"footnotes":""},"categories":[15],"tags":[],"class_list":["post-80630","post","type-post","status-publish","format-standard","has-post-thumbnail","hentry","category-comunidad"],"jetpack_featured_media_url":"https:\/\/i0.wp.com\/eltrabajo.cl\/portal\/wp-content\/uploads\/2017\/07\/Conejitos1.jpg?fit=580%2C349&ssl=1","jetpack_sharing_enabled":true,"jetpack_likes_enabled":true,"jetpack-related-posts":[],"_links":{"self":[{"href":"https:\/\/eltrabajo.cl\/portal\/wp-json\/wp\/v2\/posts\/80630","targetHints":{"allow":["GET"]}}],"collection":[{"href":"https:\/\/eltrabajo.cl\/portal\/wp-json\/wp\/v2\/posts"}],"about":[{"href":"https:\/\/eltrabajo.cl\/portal\/wp-json\/wp\/v2\/types\/post"}],"author":[{"embeddable":true,"href":"https:\/\/eltrabajo.cl\/portal\/wp-json\/wp\/v2\/users\/1"}],"replies":[{"embeddable":true,"href":"https:\/\/eltrabajo.cl\/portal\/wp-json\/wp\/v2\/comments?post=80630"}],"version-history":[{"count":0,"href":"https:\/\/eltrabajo.cl\/portal\/wp-json\/wp\/v2\/posts\/80630\/revisions"}],"wp:featuredmedia":[{"embeddable":true,"href":"https:\/\/eltrabajo.cl\/portal\/wp-json\/wp\/v2\/media\/80632"}],"wp:attachment":[{"href":"https:\/\/eltrabajo.cl\/portal\/wp-json\/wp\/v2\/media?parent=80630"}],"wp:term":[{"taxonomy":"category","embeddable":true,"href":"https:\/\/eltrabajo.cl\/portal\/wp-json\/wp\/v2\/categories?post=80630"},{"taxonomy":"post_tag","embeddable":true,"href":"https:\/\/eltrabajo.cl\/portal\/wp-json\/wp\/v2\/tags?post=80630"}],"curies":[{"name":"wp","href":"https:\/\/api.w.org\/{rel}","templated":true}]}}