{"id":80640,"date":"2017-08-01T06:05:40","date_gmt":"2017-08-01T10:05:40","guid":{"rendered":"http:\/\/www.eltrabajo.cl\/2017\/?p=80640"},"modified":"2017-08-01T06:05:40","modified_gmt":"2017-08-01T10:05:40","slug":"vecinos-indignados-por-no-poder-estacionar-vehiculos-frente-a-sus-casas","status":"publish","type":"post","link":"https:\/\/eltrabajo.cl\/portal\/vecinos-indignados-por-no-poder-estacionar-vehiculos-frente-a-sus-casas\/","title":{"rendered":"Vecinos indignados por no poder estacionar veh\u00edculos frente a sus casas"},"content":{"rendered":"<figure id=\"attachment_80642\" aria-describedby=\"caption-attachment-80642\" style=\"width: 580px\" class=\"wp-caption alignnone\"><img data-recalc-dims=\"1\" loading=\"lazy\" decoding=\"async\" class=\"size-full wp-image-80642\" src=\"https:\/\/i0.wp.com\/www.eltrabajo.cl\/2017\/wp-content\/uploads\/2017\/07\/santa-brigida-Pintado.jpg?resize=580%2C350\" alt=\"Ac\u00e1 se aprecia la solera pintada de amarillo, lo que impide estacionarse.\" width=\"580\" height=\"350\" srcset=\"https:\/\/i0.wp.com\/eltrabajo.cl\/portal\/wp-content\/uploads\/2017\/07\/santa-brigida-Pintado.jpg?w=580&amp;ssl=1 580w, https:\/\/i0.wp.com\/eltrabajo.cl\/portal\/wp-content\/uploads\/2017\/07\/santa-brigida-Pintado.jpg?resize=200%2C121&amp;ssl=1 200w, https:\/\/i0.wp.com\/eltrabajo.cl\/portal\/wp-content\/uploads\/2017\/07\/santa-brigida-Pintado.jpg?resize=300%2C181&amp;ssl=1 300w, https:\/\/i0.wp.com\/eltrabajo.cl\/portal\/wp-content\/uploads\/2017\/07\/santa-brigida-Pintado.jpg?resize=249%2C150&amp;ssl=1 249w, https:\/\/i0.wp.com\/eltrabajo.cl\/portal\/wp-content\/uploads\/2017\/07\/santa-brigida-Pintado.jpg?resize=400%2C241&amp;ssl=1 400w\" sizes=\"auto, (max-width: 580px) 100vw, 580px\" \/><figcaption id=\"caption-attachment-80642\" class=\"wp-caption-text\">Ac\u00e1 se aprecia la solera pintada de amarillo, lo que impide estacionarse.<\/figcaption><\/figure>\n<ul>\n<li><strong><span style=\"color: #ff0000;\">Debido al nuevo trazado de Buses Puma:<\/span>\u00a0Malestar generalizado expresan quienes viven en calle Abd\u00f3n Cifuentes en Poblaci\u00f3n Sta. Br\u00edgida.<\/strong><\/li>\n<\/ul>\n<p>Los vecinos de la calle Abd\u00f3n Cifuentes en la Poblaci\u00f3n Santa Br\u00edgida de San Felipe, est\u00e1n molestos porque consideran que no fueron informados ni menos consultados sobre el nuevo trazado que tendr\u00e1n los buses Puma por el sector a contar de hoy 01 de Agosto, que en la pr\u00e1ctica significa que no podr\u00e1n estacionar sus veh\u00edculos en ambos costados debido a que ayer la arteria apareci\u00f3 pintada de amarillo, color que se\u00f1ala la prohibici\u00f3n de estacionarse.<br \/>\nUno de los vecinos, Narciso Escobar, dijo: \u201cDesde ma\u00f1ana (hoy) van a sacar partes, eso est\u00e1 malo porque debieran haber dejado para un solo lado la calle, aqu\u00ed se ha pedido lomo de toro para esto y no lo hicieron y ahora que van a pasar las micros s\u00ed los hacen; no puede ser donde metimos los veh\u00edculos y no soy yo solamente hay mas vecinos, debieran haber dejado un lado para estacionar\u2026 justamente\u201d, dijo.<br \/>\nOtras de las quejas es que no fueron informados debidamente. As\u00ed lo se\u00f1ala la vecina Maribel Soto: \u201cNo nada, yo aqu\u00ed por lo menos sent\u00ed bulla a las seis y media de la ma\u00f1ana que andaban pasando palitos, me asom\u00e9 y me di cuenta que eran los caballeros del aseo que andaban con sus implementos, me pregunt\u00e9: \u00bftan temprano?, y como a eso de las diez de la ma\u00f1ana estaba todo pintado, sin darle aviso a nadie; al menos nosotros no supimos nada. Nosotros tenemos un furg\u00f3n y tenemos problemas para entrarlo porque las casas son demasiado chicas ac\u00e1, varios vecinos tienen que dejar sus veh\u00edculos afuera, para evitar los robos le sacamos todas las cosas porque no tenemos d\u00f3nde dejarlo, ese el problema, por \u00faltimo debieran haber hecho a un solo lado, un solo costado\u201d, dice Maribel Soto.<br \/>\nOtra vecina, Miriam Gonz\u00e1lez, tambi\u00e9n opina lo mismo: \u201cYo vivo en una esquina, llegan los autos de mis hijos, uno estaciona el auto en un pasaje y el otro a la vuelta, imag\u00ednese d\u00f3nde vamos a estacionar los veh\u00edculos, yo no tengo entrada de auto, el m\u00edo mi hijo se lo lleva y lo guarda en Putaendo, entonces por qu\u00e9 no dejan un lado para estacionarse a los propietarios, somos todos due\u00f1os, imag\u00ednese, c\u00f3mo lo vamos a hacer con los veh\u00edculos cuando vengan a almorzar, los van a tapar a partes, ojala Dios quiera que escuchen o lean esto y que las autoridades dejen ese lado para estacionar, porque as\u00ed no se puede\u201d, finaliza.<br \/>\nOtro vecino que est\u00e1 molesto con esta determinaci\u00f3n que implica que no podr\u00e1n estacionar sus veh\u00edculos en toda la calle Abd\u00f3n Cifuentes, es Eduardo Castro: \u201cMolesto porque yo vivo aqu\u00ed y tengo veh\u00edculo y estas personas que est\u00e1n ac\u00e1 tambi\u00e9n tienen veh\u00edculo, lo malo que esto lo hicieron a puerta cerrada, no le tomaron el parecer a nadie, llegaron y lo hicieron, por lo menos debieran haber preguntado; el presidente de la poblaci\u00f3n pr\u00e1cticamente qued\u00f3 con las manos cortadas, porque no le tomaron ni a \u00e9l el parecer, \u00e9l como representante de la poblaci\u00f3n nos podr\u00eda haber defendido algo, lamentablemente no tenemos voz ni voto\u201d, dice.<br \/>\nPor su parte el presidente de la Junta de Vecinos de la Poblaci\u00f3n Santa Br\u00edgida, Ram\u00f3n Astudillo, reconoci\u00f3 el beneficio que les trae el transporte mayor a los vecinos, porque los domingos tanto las micros como los colectivos dejan a todo el sector abandonado: \u201cEso mismo llev\u00f3 la inquietud a los buses Puma (para que) cambiaran de recorrido, pero nunca pensamos que lo cambiaran por el coraz\u00f3n de la poblaci\u00f3n, donde el 15% de nuestros vecinos dan para Abd\u00f3n Cifuentes, m\u00e1s encima tienen veh\u00edculo, pero no tienen donde guardarlo, eso significa que tienen que ocupar los pasajes, con eso van a achicar los pasajes, no puede pasar el cami\u00f3n de la basura, en caso de una emergencia los vecinos est\u00e1n trabajando, quienes van a sacar los veh\u00edculos, por lo tanto si la autoridad flexibiliza, se ponen de acuerdo, con los vecinos y poder estacionar por este lado. Cu\u00e1ntas veces nosotros hemos pedido lomos de toros, se\u00f1al\u00e9tica, aqu\u00ed va a haber una competencia de todos, va a ser un peligro vivo\u201d.<br \/>\nEl dirigente siente que falt\u00f3 comunicaci\u00f3n con los vecinos; \u201cque vinieran a conversar, no nos oponemos que haya un recorrido mayor de micros, pero podr\u00edan haber entrado por Santa Teresa a las Acacias y haber salido por Sargento Aldea, no hay problemas, podemos caminar una cuadra, aqu\u00ed hay muchos adultos mayores que necesitan locomoci\u00f3n, estamos claros, pero con respeto\u201d, finaliz\u00f3 el dirigente.<br \/>\nRecordar que desde hoy comienzan los buses Puma a transitar por la Avenida Santa Teresa de Villa Las Acacias, tras un acuerdo al que se lleg\u00f3 con el Seremi de Transportes Mauricio Candia, la Municipalidad de San Felipe y la empresa de Buses Puma. Lo mismo debiera suceder en Villa El Se\u00f1orial.<\/p>\n<p><span style=\"color: #ff0000;\"><strong>MARCHA BLANCA<\/strong><\/span><br \/>\nHechas las averiguaciones en fuentes municipales, se asegur\u00f3 que los recorridos a\u00fan se encuentran en marcha blanca, realiz\u00e1ndose precisamente ayer una reuni\u00f3n entre el Alcalde Patricio Freire, autoridades municipales y empresarios de los microbuses para analizar las situaciones conflictivas que se puedan presentar, tal como la que ocurre en Santa Br\u00edgida, donde la cordura dice que deber\u00edan realizarse cambios para no complicar la existencia a los vecinos del sector.<\/p>\n<figure id=\"attachment_80641\" aria-describedby=\"caption-attachment-80641\" style=\"width: 580px\" class=\"wp-caption alignnone\"><img data-recalc-dims=\"1\" loading=\"lazy\" decoding=\"async\" class=\"size-full wp-image-80641\" src=\"https:\/\/i0.wp.com\/www.eltrabajo.cl\/2017\/wp-content\/uploads\/2017\/07\/santa-brigida-Pasaje.jpg?resize=580%2C350\" alt=\"Uno de los vecinos nos muestra su furg\u00f3n estacionado en un pasaje, lo que obstaculizar\u00eda el paso del cami\u00f3n recolector de basura o alguna emergencia.\" width=\"580\" height=\"350\" srcset=\"https:\/\/i0.wp.com\/eltrabajo.cl\/portal\/wp-content\/uploads\/2017\/07\/santa-brigida-Pasaje.jpg?w=580&amp;ssl=1 580w, https:\/\/i0.wp.com\/eltrabajo.cl\/portal\/wp-content\/uploads\/2017\/07\/santa-brigida-Pasaje.jpg?resize=200%2C121&amp;ssl=1 200w, https:\/\/i0.wp.com\/eltrabajo.cl\/portal\/wp-content\/uploads\/2017\/07\/santa-brigida-Pasaje.jpg?resize=300%2C181&amp;ssl=1 300w, https:\/\/i0.wp.com\/eltrabajo.cl\/portal\/wp-content\/uploads\/2017\/07\/santa-brigida-Pasaje.jpg?resize=249%2C150&amp;ssl=1 249w, https:\/\/i0.wp.com\/eltrabajo.cl\/portal\/wp-content\/uploads\/2017\/07\/santa-brigida-Pasaje.jpg?resize=400%2C241&amp;ssl=1 400w\" sizes=\"auto, (max-width: 580px) 100vw, 580px\" \/><figcaption id=\"caption-attachment-80641\" class=\"wp-caption-text\">Uno de los vecinos nos muestra su furg\u00f3n estacionado en un pasaje, lo que obstaculizar\u00eda el paso del cami\u00f3n recolector de basura o alguna emergencia.<\/figcaption><\/figure>\n<figure id=\"attachment_80643\" aria-describedby=\"caption-attachment-80643\" style=\"width: 580px\" class=\"wp-caption alignnone\"><img data-recalc-dims=\"1\" loading=\"lazy\" decoding=\"async\" class=\"size-full wp-image-80643\" src=\"https:\/\/i0.wp.com\/www.eltrabajo.cl\/2017\/wp-content\/uploads\/2017\/07\/santa-brigida-Vecinos.jpg?resize=580%2C349\" alt=\"Los vecinos de la calle Abd\u00f3n Cifuentes, molestos por el pintado amarillo de la arteria, lo que les impide estacionar sus veh\u00edculos.\" width=\"580\" height=\"349\" srcset=\"https:\/\/i0.wp.com\/eltrabajo.cl\/portal\/wp-content\/uploads\/2017\/07\/santa-brigida-Vecinos.jpg?w=580&amp;ssl=1 580w, https:\/\/i0.wp.com\/eltrabajo.cl\/portal\/wp-content\/uploads\/2017\/07\/santa-brigida-Vecinos.jpg?resize=200%2C120&amp;ssl=1 200w, https:\/\/i0.wp.com\/eltrabajo.cl\/portal\/wp-content\/uploads\/2017\/07\/santa-brigida-Vecinos.jpg?resize=300%2C181&amp;ssl=1 300w, https:\/\/i0.wp.com\/eltrabajo.cl\/portal\/wp-content\/uploads\/2017\/07\/santa-brigida-Vecinos.jpg?resize=249%2C150&amp;ssl=1 249w, https:\/\/i0.wp.com\/eltrabajo.cl\/portal\/wp-content\/uploads\/2017\/07\/santa-brigida-Vecinos.jpg?resize=400%2C241&amp;ssl=1 400w\" sizes=\"auto, (max-width: 580px) 100vw, 580px\" \/><figcaption id=\"caption-attachment-80643\" class=\"wp-caption-text\">Los vecinos de la calle Abd\u00f3n Cifuentes, molestos por el pintado amarillo de la arteria, lo que les impide estacionar sus veh\u00edculos.<\/figcaption><\/figure>\n<figure id=\"attachment_80644\" aria-describedby=\"caption-attachment-80644\" style=\"width: 580px\" class=\"wp-caption alignnone\"><img data-recalc-dims=\"1\" loading=\"lazy\" decoding=\"async\" class=\"size-full wp-image-80644\" src=\"https:\/\/i0.wp.com\/www.eltrabajo.cl\/2017\/wp-content\/uploads\/2017\/07\/santa-empresarios-buses-muni1.jpg?resize=580%2C348\" alt=\"El Alcalde Patricio Freire junto a autoridades municipales y empresarios de microbuses se reunieron para abordar posibles cambios a los nuevos recorridos, hoy en marcha blanca.\" width=\"580\" height=\"348\" srcset=\"https:\/\/i0.wp.com\/eltrabajo.cl\/portal\/wp-content\/uploads\/2017\/07\/santa-empresarios-buses-muni1.jpg?w=580&amp;ssl=1 580w, https:\/\/i0.wp.com\/eltrabajo.cl\/portal\/wp-content\/uploads\/2017\/07\/santa-empresarios-buses-muni1.jpg?resize=200%2C120&amp;ssl=1 200w, https:\/\/i0.wp.com\/eltrabajo.cl\/portal\/wp-content\/uploads\/2017\/07\/santa-empresarios-buses-muni1.jpg?resize=300%2C180&amp;ssl=1 300w, https:\/\/i0.wp.com\/eltrabajo.cl\/portal\/wp-content\/uploads\/2017\/07\/santa-empresarios-buses-muni1.jpg?resize=250%2C150&amp;ssl=1 250w, https:\/\/i0.wp.com\/eltrabajo.cl\/portal\/wp-content\/uploads\/2017\/07\/santa-empresarios-buses-muni1.jpg?resize=400%2C240&amp;ssl=1 400w\" sizes=\"auto, (max-width: 580px) 100vw, 580px\" \/><figcaption id=\"caption-attachment-80644\" class=\"wp-caption-text\">El Alcalde Patricio Freire junto a autoridades municipales y empresarios de microbuses se reunieron para abordar posibles cambios a los nuevos recorridos, hoy en marcha blanca.<\/figcaption><\/figure>\n","protected":false},"excerpt":{"rendered":"<p>Debido al nuevo trazado de Buses Puma:\u00a0Malestar generalizado expresan quienes viven en calle Abd\u00f3n Cifuentes en Poblaci\u00f3n Sta. Br\u00edgida. Los vecinos de la calle Abd\u00f3n Cifuentes en la Poblaci\u00f3n Santa Br\u00edgida de&#8230;<\/p>\n","protected":false},"author":1,"featured_media":80643,"comment_status":"open","ping_status":"open","sticky":false,"template":"","format":"standard","meta":{"advanced_seo_description":"","jetpack_seo_html_title":"","jetpack_seo_noindex":false,"_jetpack_memberships_contains_paid_content":false,"footnotes":""},"categories":[15],"tags":[],"class_list":["post-80640","post","type-post","status-publish","format-standard","has-post-thumbnail","hentry","category-comunidad"],"jetpack_featured_media_url":"https:\/\/i0.wp.com\/eltrabajo.cl\/portal\/wp-content\/uploads\/2017\/07\/santa-brigida-Vecinos.jpg?fit=580%2C349&ssl=1","jetpack_sharing_enabled":true,"jetpack_likes_enabled":true,"jetpack-related-posts":[],"_links":{"self":[{"href":"https:\/\/eltrabajo.cl\/portal\/wp-json\/wp\/v2\/posts\/80640","targetHints":{"allow":["GET"]}}],"collection":[{"href":"https:\/\/eltrabajo.cl\/portal\/wp-json\/wp\/v2\/posts"}],"about":[{"href":"https:\/\/eltrabajo.cl\/portal\/wp-json\/wp\/v2\/types\/post"}],"author":[{"embeddable":true,"href":"https:\/\/eltrabajo.cl\/portal\/wp-json\/wp\/v2\/users\/1"}],"replies":[{"embeddable":true,"href":"https:\/\/eltrabajo.cl\/portal\/wp-json\/wp\/v2\/comments?post=80640"}],"version-history":[{"count":0,"href":"https:\/\/eltrabajo.cl\/portal\/wp-json\/wp\/v2\/posts\/80640\/revisions"}],"wp:featuredmedia":[{"embeddable":true,"href":"https:\/\/eltrabajo.cl\/portal\/wp-json\/wp\/v2\/media\/80643"}],"wp:attachment":[{"href":"https:\/\/eltrabajo.cl\/portal\/wp-json\/wp\/v2\/media?parent=80640"}],"wp:term":[{"taxonomy":"category","embeddable":true,"href":"https:\/\/eltrabajo.cl\/portal\/wp-json\/wp\/v2\/categories?post=80640"},{"taxonomy":"post_tag","embeddable":true,"href":"https:\/\/eltrabajo.cl\/portal\/wp-json\/wp\/v2\/tags?post=80640"}],"curies":[{"name":"wp","href":"https:\/\/api.w.org\/{rel}","templated":true}]}}