{"id":80649,"date":"2017-07-03T06:00:40","date_gmt":"2017-07-03T10:00:40","guid":{"rendered":"http:\/\/www.eltrabajo.cl\/2017\/?p=79938"},"modified":"2018-12-17T21:38:58","modified_gmt":"2018-12-18T00:38:58","slug":"carabineros-y-cruz-roja-llevan-ayuda-a-personas-en-situacion-de-calle","status":"publish","type":"post","link":"https:\/\/eltrabajo.cl\/portal\/carabineros-y-cruz-roja-llevan-ayuda-a-personas-en-situacion-de-calle\/","title":{"rendered":"Carabineros y Cruz Roja llevan ayuda a personas en situaci\u00f3n de calle"},"content":{"rendered":"<figure id=\"attachment_79956\" aria-describedby=\"caption-attachment-79956\" style=\"width: 580px\" class=\"wp-caption alignleft\"><a href=\"http:\/\/www.eltrabajo.cl\/portal\/calle1-12\/\"><img data-recalc-dims=\"1\" loading=\"lazy\" decoding=\"async\" class=\"size-full wp-image-79956\" src=\"https:\/\/i0.wp.com\/www.eltrabajo.cl\/portal\/wp-content\/uploads\/2017\/07\/Calle1.jpg?resize=580%2C349\" alt=\"As\u00ed se desarroll\u00f3 esta jornada solidaria y humanitaria, llevando alimento y ropa de abrigo a personas que se encuentran en situaci\u00f3n de calle.\" width=\"580\" height=\"349\" srcset=\"https:\/\/i0.wp.com\/eltrabajo.cl\/portal\/wp-content\/uploads\/2017\/07\/Calle1.jpg?w=580&amp;ssl=1 580w, https:\/\/i0.wp.com\/eltrabajo.cl\/portal\/wp-content\/uploads\/2017\/07\/Calle1.jpg?resize=200%2C120&amp;ssl=1 200w, https:\/\/i0.wp.com\/eltrabajo.cl\/portal\/wp-content\/uploads\/2017\/07\/Calle1.jpg?resize=300%2C181&amp;ssl=1 300w, https:\/\/i0.wp.com\/eltrabajo.cl\/portal\/wp-content\/uploads\/2017\/07\/Calle1.jpg?resize=249%2C150&amp;ssl=1 249w, https:\/\/i0.wp.com\/eltrabajo.cl\/portal\/wp-content\/uploads\/2017\/07\/Calle1.jpg?resize=400%2C241&amp;ssl=1 400w\" sizes=\"auto, (max-width: 580px) 100vw, 580px\" \/><\/a><figcaption id=\"caption-attachment-79956\" class=\"wp-caption-text\">As\u00ed se desarroll\u00f3 esta jornada solidaria y humanitaria, llevando alimento y ropa de abrigo a personas que se encuentran en situaci\u00f3n de calle.<\/figcaption><\/figure>\n<p><strong>LOS ANDES.-<\/strong> La Oficina de Integraci\u00f3n Comunitaria de la Tercera Comisar\u00eda de Carabineros de Los Andes en conjunto con la filial Los Andes de la Cruz Roja, llevaron adelante una jornada solidaria y humanitaria llevando alimento y ropa de abrigo a personas que se encuentran en situaci\u00f3n de calle.<br \/>\nSi bien en la comuna de Los Andes existe un albergue donde estas personas puedan pernoctar en muy buenas condiciones y recibir alimento, de todas maneras hay quienes prefieren seguir al aire libre y es por esta raz\u00f3n que Carabineros y la Cruz Roja unieron fuerzas para salir a ayudarlos.<br \/>\nEl encargado de la Oficina de Integraci\u00f3n Comunitaria, suboficial Mayor Eduardo Saavedra Toledo, manifest\u00f3 que como Carabineros tambi\u00e9n est\u00e1n conscientes de la realidad que viven estas personas y por ello en conjunto con voluntarios de la Cruz Rojas decidieron salir para entregarles alimento caliente y ropa de abrigo a fin de que puedan capear las bajas temperaturas.<br \/>\nEl suboficial dijo que continuar\u00e1n llevando adelante esta labor social e inst\u00f3 a los vecinos para que informen a Carabineros sobre la presencia de personas en situaci\u00f3n de calle a fin de poder visitarlas, ayudarlas y tratar de convencerlas para que hagan uso del albergue municipal.<\/p>\n","protected":false},"excerpt":{"rendered":"<p>LOS ANDES.- La Oficina de Integraci\u00f3n Comunitaria de la Tercera Comisar\u00eda de Carabineros de Los Andes en conjunto con la filial Los Andes de la Cruz Roja, llevaron adelante una jornada solidaria&#8230;<\/p>\n","protected":false},"author":1,"featured_media":79956,"comment_status":"open","ping_status":"open","sticky":false,"template":"","format":"standard","meta":{"advanced_seo_description":"","jetpack_seo_html_title":"","jetpack_seo_noindex":false,"_jetpack_memberships_contains_paid_content":false,"footnotes":""},"categories":[1],"tags":[],"class_list":["post-80649","post","type-post","status-publish","format-standard","has-post-thumbnail","hentry","category-cronica"],"jetpack_featured_media_url":"https:\/\/i0.wp.com\/eltrabajo.cl\/portal\/wp-content\/uploads\/2017\/07\/Calle1.jpg?fit=580%2C349&ssl=1","jetpack_sharing_enabled":true,"jetpack_likes_enabled":true,"jetpack-related-posts":[],"_links":{"self":[{"href":"https:\/\/eltrabajo.cl\/portal\/wp-json\/wp\/v2\/posts\/80649","targetHints":{"allow":["GET"]}}],"collection":[{"href":"https:\/\/eltrabajo.cl\/portal\/wp-json\/wp\/v2\/posts"}],"about":[{"href":"https:\/\/eltrabajo.cl\/portal\/wp-json\/wp\/v2\/types\/post"}],"author":[{"embeddable":true,"href":"https:\/\/eltrabajo.cl\/portal\/wp-json\/wp\/v2\/users\/1"}],"replies":[{"embeddable":true,"href":"https:\/\/eltrabajo.cl\/portal\/wp-json\/wp\/v2\/comments?post=80649"}],"version-history":[{"count":0,"href":"https:\/\/eltrabajo.cl\/portal\/wp-json\/wp\/v2\/posts\/80649\/revisions"}],"wp:featuredmedia":[{"embeddable":true,"href":"https:\/\/eltrabajo.cl\/portal\/wp-json\/wp\/v2\/media\/79956"}],"wp:attachment":[{"href":"https:\/\/eltrabajo.cl\/portal\/wp-json\/wp\/v2\/media?parent=80649"}],"wp:term":[{"taxonomy":"category","embeddable":true,"href":"https:\/\/eltrabajo.cl\/portal\/wp-json\/wp\/v2\/categories?post=80649"},{"taxonomy":"post_tag","embeddable":true,"href":"https:\/\/eltrabajo.cl\/portal\/wp-json\/wp\/v2\/tags?post=80649"}],"curies":[{"name":"wp","href":"https:\/\/api.w.org\/{rel}","templated":true}]}}