{"id":80650,"date":"2017-07-03T06:01:32","date_gmt":"2017-07-03T10:01:32","guid":{"rendered":"http:\/\/www.eltrabajo.cl\/2017\/?p=79941"},"modified":"2018-12-17T21:37:55","modified_gmt":"2018-12-18T00:37:55","slug":"fuerzas-vivas-de-san-felipe-en-taller-contra-trata-de-personas","status":"publish","type":"post","link":"https:\/\/eltrabajo.cl\/portal\/fuerzas-vivas-de-san-felipe-en-taller-contra-trata-de-personas\/","title":{"rendered":"Fuerzas Vivas de San Felipe en taller contra trata de personas"},"content":{"rendered":"<figure id=\"attachment_79958\" aria-describedby=\"caption-attachment-79958\" style=\"width: 580px\" class=\"wp-caption alignleft\"><a href=\"http:\/\/www.eltrabajo.cl\/portal\/trata2\/\"><img data-recalc-dims=\"1\" loading=\"lazy\" decoding=\"async\" class=\"size-full wp-image-79958\" src=\"https:\/\/i0.wp.com\/www.eltrabajo.cl\/portal\/wp-content\/uploads\/2017\/07\/Trata2.jpg?resize=580%2C348\" alt=\"El gobernador Eduardo Le\u00f3n particip\u00f3 activamente en este taller sobre trata de personas.\" width=\"580\" height=\"348\" srcset=\"https:\/\/i0.wp.com\/eltrabajo.cl\/portal\/wp-content\/uploads\/2017\/07\/Trata2.jpg?w=580&amp;ssl=1 580w, https:\/\/i0.wp.com\/eltrabajo.cl\/portal\/wp-content\/uploads\/2017\/07\/Trata2.jpg?resize=200%2C120&amp;ssl=1 200w, https:\/\/i0.wp.com\/eltrabajo.cl\/portal\/wp-content\/uploads\/2017\/07\/Trata2.jpg?resize=300%2C180&amp;ssl=1 300w, https:\/\/i0.wp.com\/eltrabajo.cl\/portal\/wp-content\/uploads\/2017\/07\/Trata2.jpg?resize=250%2C150&amp;ssl=1 250w, https:\/\/i0.wp.com\/eltrabajo.cl\/portal\/wp-content\/uploads\/2017\/07\/Trata2.jpg?resize=400%2C240&amp;ssl=1 400w\" sizes=\"auto, (max-width: 580px) 100vw, 580px\" \/><\/a><figcaption id=\"caption-attachment-79958\" class=\"wp-caption-text\">El gobernador Eduardo Le\u00f3n particip\u00f3 activamente en este taller sobre trata de personas.<\/figcaption><\/figure>\n<p>La oleada migratoria que est\u00e1 viviendo Chile, y por cierto nuestra provincia, ha puesto en alerta a las autoridades sobre la presencia de casos de trata de personas, el que es considerado delito en el territorio nacional desde 2015, y que consiste en captar, trasladar, acoger o recibir a una persona a trav\u00e9s de violencia o intimidaci\u00f3n, y que de acuerdo a la Oficina de las Naciones Unidas para el Control de Drogas y la Prevenci\u00f3n del Delito, durante los \u00faltimos dos a\u00f1os 180 hombres y mujeres han sido v\u00edctima de la denominada \u2018esclavitud del siglo XXI\u2019.<br \/>\nEs por esto que la Gobernaci\u00f3n de San Felipe organiz\u00f3 la segunda mesa provincial para concientizar sobre la trata de personas, en la que se convoc\u00f3 a 15 servicios p\u00fablicos y a dirigentes vecinales, y que cont\u00f3 con una exposici\u00f3n del Instituto Nacional de Derechos Humanos (INDH) sobre c\u00f3mo detectar la ocurrencia de este delito, sobre todo entre la poblaci\u00f3n migrante, propensa a ser explotadas laboral y socialmente.<br \/>\n\u00abLa trata de personas es uno de los delitos que tiene una connotaci\u00f3n internacional muy fuerte, pero tambi\u00e9n es un delito que afecta la dignidad personal y el principio de igualdad y no discriminaci\u00f3n de nuestras sociedades. Por lo tanto para nosotros es un trabajo que nos interesa tener tanto con las gobernaciones como con la sociedad civil, puesto que tenemos dentro de nuestra ley constitutiva un aspecto de presentaci\u00f3n de acciones judiciales respecto del tr\u00e1fico de migrantes y la trata de personas\u00bb, se\u00f1al\u00f3 Carlos Carroza, soci\u00f3logo del INDH.<br \/>\nCarroza adem\u00e1s precis\u00f3 que el concepto \u2018cl\u00e1sico\u2019 que se tiene de la esclavitud se suele confundir con el de la trata de personas, pero que \u00abla esclavitud es un grado exagerado de la trata, un agravante importante. En este delito existen distintos matices y nosotros como pa\u00eds hemos generado una mesa intersectorial de trata de personas que ha generado una gu\u00eda de detecci\u00f3n con distintas variables, y una de ellas, por ejemplo, es si te retuvieron los documentos o no, si te est\u00e1n pagando el sueldo o no\u00bb.<br \/>\nFrente al delito de la trata de personas, el Gobierno ha actualizado el Plan de Acci\u00f3n Nacional contra la Trata de Personas hasta el a\u00f1o 2018, as\u00ed como el Protocolo Intersectorial contra este delito, que desarroll\u00f3 durante el a\u00f1o pasado una \u2018Gu\u00eda de Detecci\u00f3n y Derivaci\u00f3n de V\u00edctimas de Trata de Personas\u2019, por lo que se hac\u00eda necesario capacitar a los distintos servicios p\u00fablicos para que se generara una fiscalizaci\u00f3n desde varios planos de nuestra sociedad que tienen contacto con inmigrantes.<br \/>\n\u00abEsta es la segunda mesa que se realiza en la provincia, la primera fue la mesa regional, esta es una mesa provincial, pero aparte de las instituciones p\u00fablicas estamos con organismos de la sociedad civil, dirigentes vecinales, dirigentes de Codebase, parte de la pastoral de la iglesia cat\u00f3lica. Vimos la Gu\u00eda que emiti\u00f3 el Gobierno pero tambi\u00e9n queremos hacer algo muy pr\u00e1ctico y concreto a trav\u00e9s de una exposici\u00f3n del INDH y un taller para la detecci\u00f3n de los indicadores de trata de personas. Esperamos hacer un trabajo coordinado desde la institucionalidad p\u00fablica y tambi\u00e9n desde la sociedad civil\u00bb, indic\u00f3 el gobernador Eduardo Le\u00f3n.<br \/>\nUnas de las instituciones que particip\u00f3 de esta actividad fue el Servicio de Salud Aconcagua, cuya red de establecimientos de salud tanto en San Felipe como en Los Andes atiende a diario a una gran cantidad de inmigrantes, por lo que es un organismo clave a la hora de detectar la presencia de la trata de personas en nuestro territorio.<br \/>\nEs por eso que David Mally, Encargado de Participaci\u00f3n y Migraci\u00f3n del Servicio de Salud Aconcagua comprometi\u00f3 el apoyo de la instituci\u00f3n y de su directora, la doctora Vilma Olave, para centrar los esfuerzos en la temprana detecci\u00f3n de situaciones que hagan pensar la existencia de la explotaci\u00f3n de cualquier persona.<br \/>\n\u00abLa pr\u00f3xima semana tenemos una reuni\u00f3n para gestionar la existencia de casos de trata de personas, desde ah\u00ed tener una detecci\u00f3n oportuna y empoderar a la comunidad en este esfuerzo comunitario y p\u00fablico para tener claridad de los procedimientos. Sabemos que es un tema muy delicado, son redes que no operan por si solas y son internacionales, por eso necesitamos tener una activaci\u00f3n. Desde el Servicio de Salud est\u00e1 el compromiso de la doctora Olave, quien tiene todas las ganas de que esto comience a tener un curso preventivo y de sensibilizaci\u00f3n\u00bb, enfatiz\u00f3 Mally.<br \/>\nVale destacar que los tratantes, o como se les denomina a quienes cometen el delito de trata de personas, cuentan con varias estrategias como realizar ofertas de trabajo que no son ciertas, hacer promesas de empleos bien remunerados, decir que van a hacer realidad los sue\u00f1os de las v\u00edctimas, actuando con violencia f\u00edsica y psicol\u00f3gica a trav\u00e9s de amenazas, como denunciar a las autoridades en caso de ser inmigrantes indocumentados.<\/p>\n<figure id=\"attachment_79957\" aria-describedby=\"caption-attachment-79957\" style=\"width: 580px\" class=\"wp-caption alignleft\"><a href=\"http:\/\/www.eltrabajo.cl\/portal\/trata1\/\"><img data-recalc-dims=\"1\" loading=\"lazy\" decoding=\"async\" class=\"size-full wp-image-79957\" src=\"https:\/\/i0.wp.com\/www.eltrabajo.cl\/portal\/wp-content\/uploads\/2017\/07\/Trata1.jpg?resize=580%2C348\" alt=\"En la actividad organizada por la Gobernaci\u00f3n de San Felipe, participaron cerca de 50 representantes de los servicios p\u00fablicos y de la sociedad civil.\" width=\"580\" height=\"348\" srcset=\"https:\/\/i0.wp.com\/eltrabajo.cl\/portal\/wp-content\/uploads\/2017\/07\/Trata1.jpg?w=580&amp;ssl=1 580w, https:\/\/i0.wp.com\/eltrabajo.cl\/portal\/wp-content\/uploads\/2017\/07\/Trata1.jpg?resize=200%2C120&amp;ssl=1 200w, https:\/\/i0.wp.com\/eltrabajo.cl\/portal\/wp-content\/uploads\/2017\/07\/Trata1.jpg?resize=300%2C180&amp;ssl=1 300w, https:\/\/i0.wp.com\/eltrabajo.cl\/portal\/wp-content\/uploads\/2017\/07\/Trata1.jpg?resize=250%2C150&amp;ssl=1 250w, https:\/\/i0.wp.com\/eltrabajo.cl\/portal\/wp-content\/uploads\/2017\/07\/Trata1.jpg?resize=400%2C240&amp;ssl=1 400w\" sizes=\"auto, (max-width: 580px) 100vw, 580px\" \/><\/a><figcaption id=\"caption-attachment-79957\" class=\"wp-caption-text\">En la actividad organizada por la Gobernaci\u00f3n de San Felipe, participaron cerca de 50 representantes de los servicios p\u00fablicos y de la sociedad civil.<\/figcaption><\/figure>\n","protected":false},"excerpt":{"rendered":"<p>La oleada migratoria que est\u00e1 viviendo Chile, y por cierto nuestra provincia, ha puesto en alerta a las autoridades sobre la presencia de casos de trata de personas, el que es considerado&#8230;<\/p>\n","protected":false},"author":1,"featured_media":79957,"comment_status":"open","ping_status":"open","sticky":false,"template":"","format":"standard","meta":{"advanced_seo_description":"","jetpack_seo_html_title":"","jetpack_seo_noindex":false,"_jetpack_memberships_contains_paid_content":false,"footnotes":""},"categories":[1],"tags":[],"class_list":["post-80650","post","type-post","status-publish","format-standard","has-post-thumbnail","hentry","category-cronica"],"jetpack_featured_media_url":"https:\/\/i0.wp.com\/eltrabajo.cl\/portal\/wp-content\/uploads\/2017\/07\/Trata1.jpg?fit=580%2C348&ssl=1","jetpack_sharing_enabled":true,"jetpack_likes_enabled":true,"jetpack-related-posts":[],"_links":{"self":[{"href":"https:\/\/eltrabajo.cl\/portal\/wp-json\/wp\/v2\/posts\/80650","targetHints":{"allow":["GET"]}}],"collection":[{"href":"https:\/\/eltrabajo.cl\/portal\/wp-json\/wp\/v2\/posts"}],"about":[{"href":"https:\/\/eltrabajo.cl\/portal\/wp-json\/wp\/v2\/types\/post"}],"author":[{"embeddable":true,"href":"https:\/\/eltrabajo.cl\/portal\/wp-json\/wp\/v2\/users\/1"}],"replies":[{"embeddable":true,"href":"https:\/\/eltrabajo.cl\/portal\/wp-json\/wp\/v2\/comments?post=80650"}],"version-history":[{"count":0,"href":"https:\/\/eltrabajo.cl\/portal\/wp-json\/wp\/v2\/posts\/80650\/revisions"}],"wp:featuredmedia":[{"embeddable":true,"href":"https:\/\/eltrabajo.cl\/portal\/wp-json\/wp\/v2\/media\/79957"}],"wp:attachment":[{"href":"https:\/\/eltrabajo.cl\/portal\/wp-json\/wp\/v2\/media?parent=80650"}],"wp:term":[{"taxonomy":"category","embeddable":true,"href":"https:\/\/eltrabajo.cl\/portal\/wp-json\/wp\/v2\/categories?post=80650"},{"taxonomy":"post_tag","embeddable":true,"href":"https:\/\/eltrabajo.cl\/portal\/wp-json\/wp\/v2\/tags?post=80650"}],"curies":[{"name":"wp","href":"https:\/\/api.w.org\/{rel}","templated":true}]}}