{"id":80651,"date":"2017-07-03T06:02:43","date_gmt":"2017-07-03T10:02:43","guid":{"rendered":"http:\/\/www.eltrabajo.cl\/2017\/?p=79945"},"modified":"2018-12-17T21:35:59","modified_gmt":"2018-12-18T00:35:59","slug":"este-jueves-inicia-nueva-etapa-de-esterilizacion-de-mascotas","status":"publish","type":"post","link":"https:\/\/eltrabajo.cl\/portal\/este-jueves-inicia-nueva-etapa-de-esterilizacion-de-mascotas\/","title":{"rendered":"Este jueves inicia nueva etapa de esterilizaci\u00f3n de mascotas"},"content":{"rendered":"<figure id=\"attachment_79959\" aria-describedby=\"caption-attachment-79959\" style=\"width: 580px\" class=\"wp-caption alignleft\"><a href=\"http:\/\/www.eltrabajo.cl\/portal\/mascotas1-5\/\"><img data-recalc-dims=\"1\" loading=\"lazy\" decoding=\"async\" class=\"size-full wp-image-79959\" src=\"https:\/\/i0.wp.com\/www.eltrabajo.cl\/portal\/wp-content\/uploads\/2017\/07\/Mascotas1.jpg?resize=580%2C348\" alt=\"El jueves 6 de julio se estar\u00e1 iniciando la segunda etapa de esterilizaci\u00f3n de mascotas en la comuna panquehuina, programa que ejecuta la municipalidad a trav\u00e9s de una empresa veterinaria y financiado por la Subsecretaria de Desarrollo Regional.\" width=\"580\" height=\"348\" srcset=\"https:\/\/i0.wp.com\/eltrabajo.cl\/portal\/wp-content\/uploads\/2017\/07\/Mascotas1.jpg?w=580&amp;ssl=1 580w, https:\/\/i0.wp.com\/eltrabajo.cl\/portal\/wp-content\/uploads\/2017\/07\/Mascotas1.jpg?resize=200%2C120&amp;ssl=1 200w, https:\/\/i0.wp.com\/eltrabajo.cl\/portal\/wp-content\/uploads\/2017\/07\/Mascotas1.jpg?resize=300%2C180&amp;ssl=1 300w, https:\/\/i0.wp.com\/eltrabajo.cl\/portal\/wp-content\/uploads\/2017\/07\/Mascotas1.jpg?resize=250%2C150&amp;ssl=1 250w, https:\/\/i0.wp.com\/eltrabajo.cl\/portal\/wp-content\/uploads\/2017\/07\/Mascotas1.jpg?resize=400%2C240&amp;ssl=1 400w\" sizes=\"auto, (max-width: 580px) 100vw, 580px\" \/><\/a><figcaption id=\"caption-attachment-79959\" class=\"wp-caption-text\">El jueves 6 de julio se estar\u00e1 iniciando la segunda etapa de esterilizaci\u00f3n de mascotas en la comuna panquehuina, programa que ejecuta la municipalidad a trav\u00e9s de una empresa veterinaria y financiado por la Subsecretaria de Desarrollo Regional.<\/figcaption><\/figure>\n<p><strong>PANQUEHUE.-<\/strong> El jueves 6 de julio se estar\u00e1 iniciando la segunda etapa de esterilizaci\u00f3n de mascotas en la comuna panquehuina, programa que ejecuta la municipalidad a trav\u00e9s de una empresa veterinaria y financiado por la Subsecretaria de Desarrollo Regional.<br \/>\nSebasti\u00e1n Brito, jefe de la Secplac de Panquehue, se\u00f1al\u00f3 que las intervenciones quir\u00fargicas a perros y gatos (machos y hembras), se realizar\u00e1n desde las 09:00 de la ma\u00f1ana, en la sala cultural de Panquehue Centro. Explic\u00f3 que las personas interesadas en acceder a este beneficio, deben inscribirse en la oficina de organizaciones comunitarias, con la funcionaria Margarita V\u00e9lez y quienes ya lo hicieron acercarse el d\u00eda de las intervenciones con sus mascotas.<br \/>\nIndic\u00f3 Brito que el balance que ha realizado la municipalidad al proceso efectuado el a\u00f1o pasado fue muy efectivo, por el hecho que no existi\u00f3 problema alguno con la totalidad de las intervenciones realizadas. El proyecto que se ejecuta desde el a\u00f1o pasado en Panquehue, est\u00e1 focalizado en una pol\u00edtica de tenencia responsable de mascotas.<\/p>\n","protected":false},"excerpt":{"rendered":"<p>PANQUEHUE.- El jueves 6 de julio se estar\u00e1 iniciando la segunda etapa de esterilizaci\u00f3n de mascotas en la comuna panquehuina, programa que ejecuta la municipalidad a trav\u00e9s de una empresa veterinaria y&#8230;<\/p>\n","protected":false},"author":1,"featured_media":79959,"comment_status":"open","ping_status":"open","sticky":false,"template":"","format":"standard","meta":{"advanced_seo_description":"","jetpack_seo_html_title":"","jetpack_seo_noindex":false,"_jetpack_memberships_contains_paid_content":false,"footnotes":""},"categories":[1],"tags":[],"class_list":["post-80651","post","type-post","status-publish","format-standard","has-post-thumbnail","hentry","category-cronica"],"jetpack_featured_media_url":"https:\/\/i0.wp.com\/eltrabajo.cl\/portal\/wp-content\/uploads\/2017\/07\/Mascotas1.jpg?fit=580%2C348&ssl=1","jetpack_sharing_enabled":true,"jetpack_likes_enabled":true,"jetpack-related-posts":[],"_links":{"self":[{"href":"https:\/\/eltrabajo.cl\/portal\/wp-json\/wp\/v2\/posts\/80651","targetHints":{"allow":["GET"]}}],"collection":[{"href":"https:\/\/eltrabajo.cl\/portal\/wp-json\/wp\/v2\/posts"}],"about":[{"href":"https:\/\/eltrabajo.cl\/portal\/wp-json\/wp\/v2\/types\/post"}],"author":[{"embeddable":true,"href":"https:\/\/eltrabajo.cl\/portal\/wp-json\/wp\/v2\/users\/1"}],"replies":[{"embeddable":true,"href":"https:\/\/eltrabajo.cl\/portal\/wp-json\/wp\/v2\/comments?post=80651"}],"version-history":[{"count":0,"href":"https:\/\/eltrabajo.cl\/portal\/wp-json\/wp\/v2\/posts\/80651\/revisions"}],"wp:featuredmedia":[{"embeddable":true,"href":"https:\/\/eltrabajo.cl\/portal\/wp-json\/wp\/v2\/media\/79959"}],"wp:attachment":[{"href":"https:\/\/eltrabajo.cl\/portal\/wp-json\/wp\/v2\/media?parent=80651"}],"wp:term":[{"taxonomy":"category","embeddable":true,"href":"https:\/\/eltrabajo.cl\/portal\/wp-json\/wp\/v2\/categories?post=80651"},{"taxonomy":"post_tag","embeddable":true,"href":"https:\/\/eltrabajo.cl\/portal\/wp-json\/wp\/v2\/tags?post=80651"}],"curies":[{"name":"wp","href":"https:\/\/api.w.org\/{rel}","templated":true}]}}