{"id":80653,"date":"2017-07-03T06:05:00","date_gmt":"2017-07-03T10:05:00","guid":{"rendered":"http:\/\/www.eltrabajo.cl\/2017\/?p=79957"},"modified":"2017-07-03T06:05:00","modified_gmt":"2017-07-03T10:05:00","slug":"denuncian-a-entel-por-instalacion-irregular-de-antenas-en-san-rafael","status":"publish","type":"post","link":"https:\/\/eltrabajo.cl\/portal\/denuncian-a-entel-por-instalacion-irregular-de-antenas-en-san-rafael\/","title":{"rendered":"Denuncian a Entel por instalaci\u00f3n irregular de antenas en San Rafael"},"content":{"rendered":"<figure id=\"attachment_79965\" aria-describedby=\"caption-attachment-79965\" style=\"width: 580px\" class=\"wp-caption alignnone\"><img data-recalc-dims=\"1\" loading=\"lazy\" decoding=\"async\" class=\"size-full wp-image-79965\" src=\"https:\/\/i0.wp.com\/www.eltrabajo.cl\/2017\/wp-content\/uploads\/2017\/07\/Antenas5.jpg?resize=580%2C348\" alt=\"MUCHAS FIRMAS.- Diario El Trabajo pudo confirmar las firmas que los vecinos est\u00e1n dejando en estos documentos de protesta.\" width=\"580\" height=\"348\" \/><figcaption id=\"caption-attachment-79965\" class=\"wp-caption-text\">MUCHAS FIRMAS.- Diario El Trabajo pudo confirmar las firmas que los vecinos est\u00e1n dejando en estos documentos de protesta.<\/figcaption><\/figure>\n<ul>\n<li><strong><span style=\"color: #ff0000;\">Las instalaron de noche y sin permisos municipales y de Subtel, aseguran vecinos:<\/span><\/strong><\/li>\n<\/ul>\n<p>Un serio y apremiante malestar es el que est\u00e1n expresando muchos vecinos de Callej\u00f3n El Molino, paradero 20, de San Rafael, luego que la empresa Entel procediera aparentemente de forma clandestina, a instalar dos antenas de telefon\u00eda celular, las que en horas de la noche, cuando no hay riesgo de ser fiscalizados, los obreros a cargo han procedido a montarla en la propiedad de un particular del sector.<\/p>\n<p><span style=\"color: #ff0000;\"><strong>HABLAN AFECTADOS<\/strong><\/span><br \/>\nEl malestar ha conllevado a estos vecinos a firmar por docenas varias hojas, a fin de agregarlas a una carta formal respaldada por la junta de vecinos de San Rafael, para ser presentada ante el alcalde Patricio Freire y el mismo Concejo Municipal de nuestra comuna. Diario El Trabajo visit\u00f3 el lugar para hablar con los afectados, entre ellos la se\u00f1ora Joisy Contreras Olivares, vecina inmediata de la propiedad en donde est\u00e1s las antenas: \u00abEstamos muy preocupados los vecinos pues se ha hecho la instalaci\u00f3n de dos antenas de telefon\u00eda celular en nuestra poblaci\u00f3n. La mayor\u00eda de nuestros vecinos tienen ni\u00f1os chicos, tambi\u00e9n aqu\u00ed viven adultos mayores y algunos de ellos tienen marcapasos instalados. Como primera instancia nosotros nos informamos sobre la Ley de Antenas, pues presumimos que la empresa Entel no ha sacado los permisos para instalarlas en la propiedad particular en donde las est\u00e1n montando, tampoco a la junta vecinal, a los vecinos, no nos han informado para instalarlas, pues nosotros debemos tambi\u00e9n dar nuestro consentimiento, y eso no ha ocurrido, es por ello que este lunes (hoy) estaremos haciendo llegar al se\u00f1or alcalde Patricio Freire, un listado con unas 80 firmas de vecinos, quienes nos oponemos a este proyecto, asimismo el presidente de la junta vecinal de San Rafael est\u00e1 haciendo llegar documentaci\u00f3n al respecto\u00bb, dijo Contreras a Diario El Trabajo.<\/p>\n<p><span style=\"color: #ff0000;\"><strong>CARTA Y FIRMAS<\/strong><\/span><br \/>\nTambi\u00e9n don Ram\u00f3n Javia, presidente de la junta vecinal de San Rafael, inform\u00f3 a nuestro medio que \u00ablo primero que hicimos fue averiguar a qu\u00e9 empresa pertenecen estas antenas, y eso nos confirm\u00f3 que ambas son de la empresa Entel, las que deber\u00edan estar autorizadas por la Subtel; la Subtel, despu\u00e9s que autorizara estos permisos, deber\u00eda enviar documentos a la Municipalidad de San Felipe, as\u00ed de ambas antenas no hay ning\u00fan tr\u00e1mite en el Concejo Municipal, y una vez aprobado, pasar\u00eda a la Direcci\u00f3n de Obras, pero no ha sido as\u00ed\u00bb, indic\u00f3 el dirigente.<br \/>\nSeg\u00fan Javia, \u00e9l ha intentado hablar con el due\u00f1o de la propiedad que est\u00e1 siendo usado para la instalaci\u00f3n de las antenas, pero nada ha logrado: \u00abYo intent\u00e9 hablar con el due\u00f1o del terreno, pero de manera prepotente \u00e9l me increp\u00f3 a que nos vi\u00e9ramos en cualquier terreno, que la empresa Entel tienen su plata y poder para enfrentar cualquier demanda o reclamo. Nosotros como vecinos creemos que esto no es un asunto de plata, aqu\u00ed estamos hablando de la salud de todos nosotros, de nuestros ni\u00f1os y adultos mayores, y no podemos estar de acuerdo con esta clase de situaciones, pues las antenas han sido instaladas de noche, de manera ilegal\u00bb, dijo el dirigente a Diario El Trabajo.<br \/>\nNuestro medio tambi\u00e9n habl\u00f3 con otros vecinos, quienes confirmaron el rotundo rechazo a este proyecto de Entel. Don Luis V\u00edlchez, opin\u00f3 que \u00abaqu\u00ed lo m\u00e1s importante, y lo m\u00e1s grave, es que nadie nos ha informado sobre esta instalaci\u00f3n de antenas, hay una vecina de 83 y otra de 89 a\u00f1os de edad, y ambas tienen marcapasos, esto es un peligro\u00bb.<\/p>\n<p><span style=\"color: #ff0000;\"><strong>ALCALDE SORPRENDIDO<\/strong><\/span><br \/>\nDiario El Trabajo habl\u00f3 v\u00eda telef\u00f3nica con el alcalde Patricio Freire, quien al ser consultado por el proyecto de estas antenas en San Rafael, tajantemente indic\u00f3 que \u00abestoy sorprendido, hasta ahora me estoy enterando de estas antenas, yo no recuerdo que tengamos alg\u00fan tema pendiente o en proceso para autorizar antenas a la empresa Entel en ese sector, de inmediato ordenar\u00e9 una exhaustiva investigaci\u00f3n, porque esto tendr\u00edamos que haberlo revisado en Concejo, y no ha sido as\u00ed, esperar\u00e9 entonces esa carta de los vecinos, y el informe del personal municipal una vez que realicen la inspecci\u00f3n correspondiente\u00bb, dijo Freire a Diario El Trabajo. Nuestro medio intent\u00f3 hallar respuestas en la casa del due\u00f1o de la propiedad de las antenas, pero nadie nos atendi\u00f3 cuando llamamos a la puerta.<br \/>\n<strong>Roberto Gonz\u00e1lez Short<\/strong><\/p>\n<figure id=\"attachment_79958\" aria-describedby=\"caption-attachment-79958\" style=\"width: 580px\" class=\"wp-caption alignnone\"><img data-recalc-dims=\"1\" loading=\"lazy\" decoding=\"async\" class=\"size-full wp-image-79958\" src=\"https:\/\/i0.wp.com\/www.eltrabajo.cl\/2017\/wp-content\/uploads\/2017\/07\/Antena1.jpg?resize=580%2C348\" alt=\"VECINOS MOLESTOS.- Ellos son algunos de los vecinos de San Rafael, quienes est\u00e1n muy molestos con la presencia de estas antenas en su vecindario.\" width=\"580\" height=\"348\" \/><figcaption id=\"caption-attachment-79958\" class=\"wp-caption-text\">VECINOS MOLESTOS.- Ellos son algunos de los vecinos de San Rafael, quienes est\u00e1n muy molestos con la presencia de estas antenas en su vecindario.<\/figcaption><\/figure>\n<figure id=\"attachment_79959\" aria-describedby=\"caption-attachment-79959\" style=\"width: 580px\" class=\"wp-caption alignnone\"><img data-recalc-dims=\"1\" loading=\"lazy\" decoding=\"async\" class=\"size-full wp-image-79959\" src=\"https:\/\/i0.wp.com\/www.eltrabajo.cl\/2017\/wp-content\/uploads\/2017\/07\/Antenas_Joisy-Contreras.jpg?resize=580%2C526\" alt=\"Joisy Contreras Olivares, vecina afectada.\" width=\"580\" height=\"526\" \/><figcaption id=\"caption-attachment-79959\" class=\"wp-caption-text\">Joisy Contreras Olivares, vecina afectada.<\/figcaption><\/figure>\n<figure id=\"attachment_79960\" aria-describedby=\"caption-attachment-79960\" style=\"width: 580px\" class=\"wp-caption alignnone\"><img data-recalc-dims=\"1\" loading=\"lazy\" decoding=\"async\" class=\"size-full wp-image-79960\" src=\"https:\/\/i0.wp.com\/www.eltrabajo.cl\/2017\/wp-content\/uploads\/2017\/07\/Antenas_Luis-Vilchez.jpg?resize=580%2C584\" alt=\"Don Luis V\u00edlchez, vecino afectado.\" width=\"580\" height=\"584\" \/><figcaption id=\"caption-attachment-79960\" class=\"wp-caption-text\">Don Luis V\u00edlchez, vecino afectado.<\/figcaption><\/figure>\n<figure id=\"attachment_79961\" aria-describedby=\"caption-attachment-79961\" style=\"width: 580px\" class=\"wp-caption alignnone\"><img data-recalc-dims=\"1\" loading=\"lazy\" decoding=\"async\" class=\"size-full wp-image-79961\" src=\"https:\/\/i0.wp.com\/www.eltrabajo.cl\/2017\/wp-content\/uploads\/2017\/07\/Antenas_Ramon-Javia.jpg?resize=580%2C592\" alt=\"Ram\u00f3n Javia, presidente de la junta vecinal de San Rafael.\" width=\"580\" height=\"592\" \/><figcaption id=\"caption-attachment-79961\" class=\"wp-caption-text\">Ram\u00f3n Javia, presidente de la junta vecinal de San Rafael.<\/figcaption><\/figure>\n<figure id=\"attachment_79962\" aria-describedby=\"caption-attachment-79962\" style=\"width: 579px\" class=\"wp-caption alignnone\"><img data-recalc-dims=\"1\" loading=\"lazy\" decoding=\"async\" class=\"size-full wp-image-79962\" src=\"https:\/\/i0.wp.com\/www.eltrabajo.cl\/2017\/wp-content\/uploads\/2017\/07\/Antenas2.jpg?resize=579%2C837\" alt=\"POL\u00c9MICAS ANTENAS.- Do\u00f1a Joisy Contreras muestra a Diario El Trabajo las antenas que est\u00e1n casi sobre su casa.\" width=\"579\" height=\"837\" \/><figcaption id=\"caption-attachment-79962\" class=\"wp-caption-text\">POL\u00c9MICAS ANTENAS.- Do\u00f1a Joisy Contreras muestra a Diario El Trabajo las antenas que est\u00e1n casi sobre su casa.<\/figcaption><\/figure>\n<figure id=\"attachment_79963\" aria-describedby=\"caption-attachment-79963\" style=\"width: 580px\" class=\"wp-caption alignnone\"><img data-recalc-dims=\"1\" loading=\"lazy\" decoding=\"async\" class=\"size-full wp-image-79963\" src=\"https:\/\/i0.wp.com\/www.eltrabajo.cl\/2017\/wp-content\/uploads\/2017\/07\/Antenas3.jpg?resize=580%2C349\" alt=\"\u00bfSIN PERMISO?.- Seg\u00fan los vecinos, y hasta las autoridades municipales, Entel ni la Subtel han solicitado los permisos para instalar estas antenas.\" width=\"580\" height=\"349\" \/><figcaption id=\"caption-attachment-79963\" class=\"wp-caption-text\">\u00bfSIN PERMISO?.- Seg\u00fan los vecinos, y hasta las autoridades municipales, Entel ni la Subtel han solicitado los permisos para instalar estas antenas.<\/figcaption><\/figure>\n<figure id=\"attachment_79964\" aria-describedby=\"caption-attachment-79964\" style=\"width: 580px\" class=\"wp-caption alignnone\"><img data-recalc-dims=\"1\" loading=\"lazy\" decoding=\"async\" class=\"size-full wp-image-79964\" src=\"https:\/\/i0.wp.com\/www.eltrabajo.cl\/2017\/wp-content\/uploads\/2017\/07\/Antenas4.jpg?resize=580%2C348\" alt=\"TRABAJAN EN LA NOCHE.- Los vecinos de San Rafael aseguran que estas obras las han desarrollado en la noche.\" width=\"580\" height=\"348\" \/><figcaption id=\"caption-attachment-79964\" class=\"wp-caption-text\">TRABAJAN EN LA NOCHE.- Los vecinos de San Rafael aseguran que estas obras las han desarrollado en la noche.<\/figcaption><\/figure>\n","protected":false},"excerpt":{"rendered":"<p>Las instalaron de noche y sin permisos municipales y de Subtel, aseguran vecinos: Un serio y apremiante malestar es el que est\u00e1n expresando muchos vecinos de Callej\u00f3n El Molino, paradero 20, de&#8230;<\/p>\n","protected":false},"author":1,"featured_media":79958,"comment_status":"open","ping_status":"open","sticky":false,"template":"","format":"standard","meta":{"advanced_seo_description":"","jetpack_seo_html_title":"","jetpack_seo_noindex":false,"_jetpack_memberships_contains_paid_content":false,"footnotes":""},"categories":[15],"tags":[],"class_list":["post-80653","post","type-post","status-publish","format-standard","has-post-thumbnail","hentry","category-comunidad"],"jetpack_featured_media_url":"https:\/\/i0.wp.com\/eltrabajo.cl\/portal\/wp-content\/uploads\/2017\/07\/Trata2.jpg?fit=580%2C348&ssl=1","jetpack_sharing_enabled":true,"jetpack_likes_enabled":true,"jetpack-related-posts":[],"_links":{"self":[{"href":"https:\/\/eltrabajo.cl\/portal\/wp-json\/wp\/v2\/posts\/80653","targetHints":{"allow":["GET"]}}],"collection":[{"href":"https:\/\/eltrabajo.cl\/portal\/wp-json\/wp\/v2\/posts"}],"about":[{"href":"https:\/\/eltrabajo.cl\/portal\/wp-json\/wp\/v2\/types\/post"}],"author":[{"embeddable":true,"href":"https:\/\/eltrabajo.cl\/portal\/wp-json\/wp\/v2\/users\/1"}],"replies":[{"embeddable":true,"href":"https:\/\/eltrabajo.cl\/portal\/wp-json\/wp\/v2\/comments?post=80653"}],"version-history":[{"count":0,"href":"https:\/\/eltrabajo.cl\/portal\/wp-json\/wp\/v2\/posts\/80653\/revisions"}],"wp:featuredmedia":[{"embeddable":true,"href":"https:\/\/eltrabajo.cl\/portal\/wp-json\/wp\/v2\/media\/79958"}],"wp:attachment":[{"href":"https:\/\/eltrabajo.cl\/portal\/wp-json\/wp\/v2\/media?parent=80653"}],"wp:term":[{"taxonomy":"category","embeddable":true,"href":"https:\/\/eltrabajo.cl\/portal\/wp-json\/wp\/v2\/categories?post=80653"},{"taxonomy":"post_tag","embeddable":true,"href":"https:\/\/eltrabajo.cl\/portal\/wp-json\/wp\/v2\/tags?post=80653"}],"curies":[{"name":"wp","href":"https:\/\/api.w.org\/{rel}","templated":true}]}}