{"id":80696,"date":"2017-08-03T06:00:50","date_gmt":"2017-08-03T10:00:50","guid":{"rendered":"http:\/\/www.eltrabajo.cl\/2017\/?p=80696"},"modified":"2017-08-03T06:00:50","modified_gmt":"2017-08-03T10:00:50","slug":"alcalde-pradenas-reitero-oposicion-a-usar-agua-de-panquehue-para-llenar-embalse-cerrillos","status":"publish","type":"post","link":"https:\/\/eltrabajo.cl\/portal\/alcalde-pradenas-reitero-oposicion-a-usar-agua-de-panquehue-para-llenar-embalse-cerrillos\/","title":{"rendered":"Alcalde Pradenas reiter\u00f3 oposici\u00f3n a usar agua de Panquehue para llenar embalse Cerrillos"},"content":{"rendered":"<figure id=\"attachment_80697\" aria-describedby=\"caption-attachment-80697\" style=\"width: 580px\" class=\"wp-caption alignnone\"><img data-recalc-dims=\"1\" loading=\"lazy\" decoding=\"async\" class=\"size-full wp-image-80697\" src=\"https:\/\/i0.wp.com\/www.eltrabajo.cl\/2017\/wp-content\/uploads\/2017\/08\/doh-concejo-panquehue.jpg?resize=580%2C350\" alt=\"T\u00e9cnicos de la DOH realizaron una presentaci\u00f3n en el Concejo Municipal, donde qued\u00f3 totalmente claro que el futuro embalse no trae ning\u00fan beneficio para Panquehue.\" width=\"580\" height=\"350\" srcset=\"https:\/\/i0.wp.com\/eltrabajo.cl\/portal\/wp-content\/uploads\/2017\/08\/doh-concejo-panquehue.jpg?w=580&amp;ssl=1 580w, https:\/\/i0.wp.com\/eltrabajo.cl\/portal\/wp-content\/uploads\/2017\/08\/doh-concejo-panquehue.jpg?resize=200%2C121&amp;ssl=1 200w, https:\/\/i0.wp.com\/eltrabajo.cl\/portal\/wp-content\/uploads\/2017\/08\/doh-concejo-panquehue.jpg?resize=300%2C181&amp;ssl=1 300w, https:\/\/i0.wp.com\/eltrabajo.cl\/portal\/wp-content\/uploads\/2017\/08\/doh-concejo-panquehue.jpg?resize=249%2C150&amp;ssl=1 249w, https:\/\/i0.wp.com\/eltrabajo.cl\/portal\/wp-content\/uploads\/2017\/08\/doh-concejo-panquehue.jpg?resize=400%2C241&amp;ssl=1 400w\" sizes=\"auto, (max-width: 580px) 100vw, 580px\" \/><figcaption id=\"caption-attachment-80697\" class=\"wp-caption-text\">T\u00e9cnicos de la DOH realizaron una presentaci\u00f3n en el Concejo Municipal, donde qued\u00f3 totalmente claro que el futuro embalse no trae ning\u00fan beneficio para Panquehue.<\/figcaption><\/figure>\n<ul>\n<li><span style=\"color: #ff0000;\"><strong>Tras presentaci\u00f3n realizada por t\u00e9cnicos de la DOH en el Concejo Municipal, la autoridad comunal no descarta reunirse con el Ministro del MOP para manifestar su preocupaci\u00f3n.<\/strong><\/span><\/li>\n<\/ul>\n<p><strong>PANQUEHUE.-<\/strong> Su m\u00e1s en\u00e9rgico rechazo a la idea del Ministerio de Obras P\u00fablicas de llenar el futuro embalse de Cerillos en la comuna de Catemu, con aguas de Panquehue, reiter\u00f3 el alcalde Luis Pradenas.<br \/>\nFue en la sesi\u00f3n ordinaria de Concejo donde se presentaron Iv\u00f3n Marchant, Jefa de la Divisi\u00f3n de Riego Nacional de la DOH, y \u00c1lvaro Solas, Coordinador Regional de proyectos de riego, quienes dieron a conocer detalles del proyecto de construcci\u00f3n del embalse de Cerrillos en Catemu, para lo cual se necesitar\u00e1n recursos h\u00eddricos y es ah\u00ed donde est\u00e1 destacado el uso de aguas de los pozos ubicados en Panquehue.<br \/>\nTras esta presentaci\u00f3n, el edil se\u00f1al\u00f3 que si bien exist\u00eda un acuerdo de Concejo, en el sentido de rechazar la intenci\u00f3n que tiene el Estado a trav\u00e9s del Ministerio de Obras P\u00fablicas, no se descarta poder sostener una entrevista con el ministro de la cartera, Alberto Undurraga, para informar la preocupaci\u00f3n de la comunidad, pues es un embalse que no traer\u00e1 beneficios a Panquehue, pero que s\u00ed le afectar\u00e1 en sus recursos h\u00eddricos.<br \/>\n\u00abNosotros si bien tenemos un acuerdo de Concejo de oponernos a este embalse, de igual forma se dio la oportunidad para que los t\u00e9cnicos de la DOH nos pudiesen explicar, sin embargo con la explicaci\u00f3n quedamos m\u00e1s preocupados, porque fueron categ\u00f3ricos al se\u00f1alar que Panquehue no tiene ning\u00fan tipo de beneficio con la construcci\u00f3n de este embalse, pero tenemos un gran perjuicio, en el sentido que nos van a llevar el agua de los pozos y por lo mismo, se tom\u00f3 un nuevo acuerdo en el Concejo Municipal, en el sentido de solicitar al Ministro de Obras P\u00fablicas un pronunciamiento, porque no vamos a permitir que se lleven el agua de Panquehue, porque el agua es de Panquehue y para Panquehue. Por lo mismo le vamos a comunicar al Ministro Undurraga que como alcalde estoy totalmente dispuesto en formar una mesa t\u00e9cnica de trabajo, para visualizar todos los problemas que va a tener la comuna con la construcci\u00f3n de este embalse. Nosotros no estamos pidiendo que no se construya el embalse de Cerrillos, el problema es el llenado del mismo, porque la principal afectaci\u00f3n ser\u00e1 de Panquehue\u00bb.<br \/>\nEstuvieron presentes en la sesi\u00f3n de concejo, representantes de las juntas de vigilancia del r\u00edo Aconcagua, comunidad de regantes y presidentes de las Juntas de Vecinos de la comuna de Panquehue.<\/p>\n","protected":false},"excerpt":{"rendered":"<p>Tras presentaci\u00f3n realizada por t\u00e9cnicos de la DOH en el Concejo Municipal, la autoridad comunal no descarta reunirse con el Ministro del MOP para manifestar su preocupaci\u00f3n. PANQUEHUE.- Su m\u00e1s en\u00e9rgico rechazo&#8230;<\/p>\n","protected":false},"author":1,"featured_media":80697,"comment_status":"open","ping_status":"open","sticky":false,"template":"","format":"standard","meta":{"advanced_seo_description":"","jetpack_seo_html_title":"","jetpack_seo_noindex":false,"_jetpack_memberships_contains_paid_content":false,"footnotes":""},"categories":[1],"tags":[],"class_list":["post-80696","post","type-post","status-publish","format-standard","has-post-thumbnail","hentry","category-cronica"],"jetpack_featured_media_url":"https:\/\/i0.wp.com\/eltrabajo.cl\/portal\/wp-content\/uploads\/2017\/08\/doh-concejo-panquehue.jpg?fit=580%2C350&ssl=1","jetpack_sharing_enabled":true,"jetpack_likes_enabled":true,"jetpack-related-posts":[],"_links":{"self":[{"href":"https:\/\/eltrabajo.cl\/portal\/wp-json\/wp\/v2\/posts\/80696","targetHints":{"allow":["GET"]}}],"collection":[{"href":"https:\/\/eltrabajo.cl\/portal\/wp-json\/wp\/v2\/posts"}],"about":[{"href":"https:\/\/eltrabajo.cl\/portal\/wp-json\/wp\/v2\/types\/post"}],"author":[{"embeddable":true,"href":"https:\/\/eltrabajo.cl\/portal\/wp-json\/wp\/v2\/users\/1"}],"replies":[{"embeddable":true,"href":"https:\/\/eltrabajo.cl\/portal\/wp-json\/wp\/v2\/comments?post=80696"}],"version-history":[{"count":0,"href":"https:\/\/eltrabajo.cl\/portal\/wp-json\/wp\/v2\/posts\/80696\/revisions"}],"wp:featuredmedia":[{"embeddable":true,"href":"https:\/\/eltrabajo.cl\/portal\/wp-json\/wp\/v2\/media\/80697"}],"wp:attachment":[{"href":"https:\/\/eltrabajo.cl\/portal\/wp-json\/wp\/v2\/media?parent=80696"}],"wp:term":[{"taxonomy":"category","embeddable":true,"href":"https:\/\/eltrabajo.cl\/portal\/wp-json\/wp\/v2\/categories?post=80696"},{"taxonomy":"post_tag","embeddable":true,"href":"https:\/\/eltrabajo.cl\/portal\/wp-json\/wp\/v2\/tags?post=80696"}],"curies":[{"name":"wp","href":"https:\/\/api.w.org\/{rel}","templated":true}]}}