{"id":80699,"date":"2017-08-03T06:01:51","date_gmt":"2017-08-03T10:01:51","guid":{"rendered":"http:\/\/www.eltrabajo.cl\/2017\/?p=80699"},"modified":"2017-08-03T06:01:51","modified_gmt":"2017-08-03T10:01:51","slug":"vecinos-del-barrio-miraflores-preocupados-por-delincuencia-y-sitio-eriazo","status":"publish","type":"post","link":"https:\/\/eltrabajo.cl\/portal\/vecinos-del-barrio-miraflores-preocupados-por-delincuencia-y-sitio-eriazo\/","title":{"rendered":"Vecinos del Barrio Miraflores preocupados por delincuencia y sitio eriazo"},"content":{"rendered":"<figure id=\"attachment_80700\" aria-describedby=\"caption-attachment-80700\" style=\"width: 580px\" class=\"wp-caption alignnone\"><img data-recalc-dims=\"1\" loading=\"lazy\" decoding=\"async\" class=\"size-full wp-image-80700\" src=\"https:\/\/i0.wp.com\/www.eltrabajo.cl\/2017\/wp-content\/uploads\/2017\/08\/Cristian-Gallegos-Presidente-JV_Barrio-Miraflores.jpg?resize=580%2C348\" alt=\"Cristian Gallegos Presidente de la Junta de Vecinos Barrio Miraflores.\" width=\"580\" height=\"348\" srcset=\"https:\/\/i0.wp.com\/eltrabajo.cl\/portal\/wp-content\/uploads\/2017\/08\/Cristian-Gallegos-Presidente-JV_Barrio-Miraflores.jpg?w=580&amp;ssl=1 580w, https:\/\/i0.wp.com\/eltrabajo.cl\/portal\/wp-content\/uploads\/2017\/08\/Cristian-Gallegos-Presidente-JV_Barrio-Miraflores.jpg?resize=200%2C120&amp;ssl=1 200w, https:\/\/i0.wp.com\/eltrabajo.cl\/portal\/wp-content\/uploads\/2017\/08\/Cristian-Gallegos-Presidente-JV_Barrio-Miraflores.jpg?resize=300%2C180&amp;ssl=1 300w, https:\/\/i0.wp.com\/eltrabajo.cl\/portal\/wp-content\/uploads\/2017\/08\/Cristian-Gallegos-Presidente-JV_Barrio-Miraflores.jpg?resize=250%2C150&amp;ssl=1 250w, https:\/\/i0.wp.com\/eltrabajo.cl\/portal\/wp-content\/uploads\/2017\/08\/Cristian-Gallegos-Presidente-JV_Barrio-Miraflores.jpg?resize=400%2C240&amp;ssl=1 400w\" sizes=\"auto, (max-width: 580px) 100vw, 580px\" \/><figcaption id=\"caption-attachment-80700\" class=\"wp-caption-text\">Cristian Gallegos Presidente de la Junta de Vecinos Barrio Miraflores.<\/figcaption><\/figure>\n<ul>\n<li><span style=\"color: #ff0000;\"><strong>Al no ver proyecto de Centro Cultural, piden una sede y una multicancha para realizar distintas actividades.<\/strong><\/span><\/li>\n<\/ul>\n<p>Diversos problemas est\u00e1n enfrentando los vecinos del Barrio Miraflores, principalmente por la delincuencia y micro basurales. En las \u00faltimas semanas se han registrado tres asaltos casi consecutivos a j\u00f3venes del barrio y a estudiantes que van al sector. Los asaltos se han producido durante las tardes y noches, dice el presidente de la junta de vecinos, Cristian Gallegos.<br \/>\nDebido a lo anterior y al ver que no se va a construir el centro cultural en el sitio ubicado en la intersecci\u00f3n de la Avenida Los Paltos con Hermanos Carrera, piden que les construyan una sede y una multicancha para realizar diversas actividades, entre ellos talleres, por ejemplo.<br \/>\n\u00abLamentablemente todo ha sido en base a robarles los celulares, los tipos se movilizan en veh\u00edculos, son dos o tres quienes asaltan y posteriormente toman el veh\u00edculo que los est\u00e1 esperando, es el mismo tipo que ya m\u00e1s o menos lo tenemos identificados, ya se han dado los datos a Carabineros, quienes han llegado al lugar procediendo a tomar todos los datos para pillarlos, pero no se ha tomado detenido, no me extra\u00f1ar\u00eda que no se dejaran caer\u00bb.<br \/>\nA\u00f1ade que esperan poder tomar cartas en el asunto y mejorar la seguridad que tienen en este momento: \u00abVamos a mejorarla con c\u00e1maras, con lo que sea hay que parar este flagelo, porque est\u00e1 muy fuerte en San Felipe, no solo en el Barrio Miraflores\u00bb, dice el presidente.<br \/>\nSe\u00f1ala que cuando los proyectos est\u00e9n bien encaminados van a postular como todas las poblaciones y barrios.<br \/>\n<strong>&#8211; Una vez consultamos a los vecinos si les vendr\u00eda bien el Centro Cultural en su barrio, nos referimos a la intersecci\u00f3n de calle Los Paltos con Hermanos Carrera, \u00bfqu\u00e9 opini\u00f3n tienen ustedes como directiva?<\/strong><br \/>\n&#8211; Mira, ese es un tema que tenemos que conversar con el alcalde, nosotros vamos a esperar un mes y medio m\u00e1s y vamos a plantear una reuni\u00f3n al alcalde para que vea esa problem\u00e1tica, porque ah\u00ed tenemos un foco que no s\u00f3lo se presta para delincuencia, es un basural constante, yo incluso llam\u00e9 al encargado de parques y todo eso para que fuera a sacar las ramas, hay hartas ramas, pero lo que m\u00e1s me incomoda es que hay gente que va y bota basura, hay que cortar de ra\u00edz esa situaci\u00f3n. El Centro Cultural que estaba planificado desde hace mucho tiempo, no ha pasado nada, no s\u00e9 hasta cu\u00e1ndo, nosotros como barrio no nos preocupa tanto el edificio cultural, nosotros lo que queremos como barrio, junta de vecinos y todos los vecinos tras una reuni\u00f3n donde hab\u00eda m\u00e1s de cuarenta personas, es poder proyectarnos con una sede y una multicancha. El barrio creci\u00f3, no solamente las casas, hay edificios, muchos vecinos nuevos y necesitamos un lugar nuevo de esparcimiento para promover talleres. Yo veo varias inauguraciones, en varios barrios est\u00e1n inaugurando sedes y necesitamos nuestra sede, no podemos estar haciendo las reuniones en el parque, hay d\u00edas helados y con mucho calor, no es posible, necesitamos como todo vecino nuestra sede y nuestra cancha, y el lugar id\u00f3neo para hacerlo, si no va a ser el proyecto del edificio cultural, que dudo que lo haga, porque no lo han hecho, prefiero mil veces que tengamos nuestra sede.<br \/>\nEste 20 de agosto el Barrio Miraflores tiene elecciones para elegir una nueva directiva o seguir con la misma.<\/p>\n","protected":false},"excerpt":{"rendered":"<p>Al no ver proyecto de Centro Cultural, piden una sede y una multicancha para realizar distintas actividades. Diversos problemas est\u00e1n enfrentando los vecinos del Barrio Miraflores, principalmente por la delincuencia y micro&#8230;<\/p>\n","protected":false},"author":1,"featured_media":80700,"comment_status":"open","ping_status":"open","sticky":false,"template":"","format":"standard","meta":{"advanced_seo_description":"","jetpack_seo_html_title":"","jetpack_seo_noindex":false,"_jetpack_memberships_contains_paid_content":false,"footnotes":""},"categories":[15],"tags":[],"class_list":["post-80699","post","type-post","status-publish","format-standard","has-post-thumbnail","hentry","category-comunidad"],"jetpack_featured_media_url":"https:\/\/i0.wp.com\/eltrabajo.cl\/portal\/wp-content\/uploads\/2017\/08\/Cristian-Gallegos-Presidente-JV_Barrio-Miraflores.jpg?fit=580%2C348&ssl=1","jetpack_sharing_enabled":true,"jetpack_likes_enabled":true,"jetpack-related-posts":[],"_links":{"self":[{"href":"https:\/\/eltrabajo.cl\/portal\/wp-json\/wp\/v2\/posts\/80699","targetHints":{"allow":["GET"]}}],"collection":[{"href":"https:\/\/eltrabajo.cl\/portal\/wp-json\/wp\/v2\/posts"}],"about":[{"href":"https:\/\/eltrabajo.cl\/portal\/wp-json\/wp\/v2\/types\/post"}],"author":[{"embeddable":true,"href":"https:\/\/eltrabajo.cl\/portal\/wp-json\/wp\/v2\/users\/1"}],"replies":[{"embeddable":true,"href":"https:\/\/eltrabajo.cl\/portal\/wp-json\/wp\/v2\/comments?post=80699"}],"version-history":[{"count":0,"href":"https:\/\/eltrabajo.cl\/portal\/wp-json\/wp\/v2\/posts\/80699\/revisions"}],"wp:featuredmedia":[{"embeddable":true,"href":"https:\/\/eltrabajo.cl\/portal\/wp-json\/wp\/v2\/media\/80700"}],"wp:attachment":[{"href":"https:\/\/eltrabajo.cl\/portal\/wp-json\/wp\/v2\/media?parent=80699"}],"wp:term":[{"taxonomy":"category","embeddable":true,"href":"https:\/\/eltrabajo.cl\/portal\/wp-json\/wp\/v2\/categories?post=80699"},{"taxonomy":"post_tag","embeddable":true,"href":"https:\/\/eltrabajo.cl\/portal\/wp-json\/wp\/v2\/tags?post=80699"}],"curies":[{"name":"wp","href":"https:\/\/api.w.org\/{rel}","templated":true}]}}