{"id":80702,"date":"2017-08-03T06:02:15","date_gmt":"2017-08-03T10:02:15","guid":{"rendered":"http:\/\/www.eltrabajo.cl\/2017\/?p=80702"},"modified":"2017-08-03T06:02:15","modified_gmt":"2017-08-03T10:02:15","slug":"campeones-de-cueca-donan-su-premio-a-folclorista-osvaldo-gonzalez","status":"publish","type":"post","link":"https:\/\/eltrabajo.cl\/portal\/campeones-de-cueca-donan-su-premio-a-folclorista-osvaldo-gonzalez\/","title":{"rendered":"Campeones de Cueca donan su premio a folclorista Osvaldo Gonz\u00e1lez"},"content":{"rendered":"<figure id=\"attachment_80703\" aria-describedby=\"caption-attachment-80703\" style=\"width: 580px\" class=\"wp-caption alignnone\"><img data-recalc-dims=\"1\" loading=\"lazy\" decoding=\"async\" class=\"size-full wp-image-80703\" src=\"https:\/\/i0.wp.com\/www.eltrabajo.cl\/2017\/wp-content\/uploads\/2017\/08\/Cueca1.jpg?resize=580%2C350\" alt=\"SOLIDARIDAD.- Ella es la campeona 2017 del Campeonato Comunal de Cueca, Mar\u00eda Luisa Salinas, quien no olvid\u00f3 a su amigo Osvaldo ni ha dejado de apoyarlo.\" width=\"580\" height=\"350\" srcset=\"https:\/\/i0.wp.com\/eltrabajo.cl\/portal\/wp-content\/uploads\/2017\/08\/Cueca1.jpg?w=580&amp;ssl=1 580w, https:\/\/i0.wp.com\/eltrabajo.cl\/portal\/wp-content\/uploads\/2017\/08\/Cueca1.jpg?resize=200%2C121&amp;ssl=1 200w, https:\/\/i0.wp.com\/eltrabajo.cl\/portal\/wp-content\/uploads\/2017\/08\/Cueca1.jpg?resize=300%2C181&amp;ssl=1 300w, https:\/\/i0.wp.com\/eltrabajo.cl\/portal\/wp-content\/uploads\/2017\/08\/Cueca1.jpg?resize=249%2C150&amp;ssl=1 249w, https:\/\/i0.wp.com\/eltrabajo.cl\/portal\/wp-content\/uploads\/2017\/08\/Cueca1.jpg?resize=400%2C241&amp;ssl=1 400w\" sizes=\"auto, (max-width: 580px) 100vw, 580px\" \/><figcaption id=\"caption-attachment-80703\" class=\"wp-caption-text\">SOLIDARIDAD.- Ella es la campeona 2017 del Campeonato Comunal de Cueca, Mar\u00eda Luisa Salinas, quien no olvid\u00f3 a su amigo Osvaldo ni ha dejado de apoyarlo.<\/figcaption><\/figure>\n<ul>\n<li><span style=\"color: #ff0000;\"><strong>Mar\u00eda Luisa Salinas y Juan Astudillo ganan Campeonato Comunal:<\/strong><\/span><\/li>\n<\/ul>\n<p>Este fin de semana se llev\u00f3 a cabo en el Centro de Mayores Ayec\u00e1n, el Campeonato Comunal de Cueca 2017, organizado por la Oficina Municipal del Adulto Mayor. El torneo en la musicalizaci\u00f3n estuvo a cargo del \u2018Grupo Los Huasos de Millahue\u2019, lo que sumado al gran marco de p\u00fablico presente, dio vida a este tradicional certamen de la comuna.<br \/>\nHoy en Diario El Trabajo destacamos la altruista iniciativa que tuvo la campeona del certamen, do\u00f1a Mar\u00eda Luisa Salinas, quien tom\u00f3 la determinaci\u00f3n de competir por dos grandes razones, la primera es por el amor a nuestra Danza Nacional y en segundo lugar, con la fiel disposici\u00f3n de donar su premio a un querido amigo del \u00e1mbito cuequero, Osvaldo Gonz\u00e1lez, quien padece un c\u00e1ncer bastante complejo, una historia emotiva que entrelaza sentimientos de amor a nuestra danza nacional, sentimientos de amistad y solidaridad entre quienes comparten historias de vida en torno al legado tradicional de nuestra m\u00fasica t\u00edpica. A la cita no faltaron las autoridades comunales y algunos Cores de nuestra regi\u00f3n. Hubo risas, aplausos, l\u00e1grimas y mucha m\u00fasica para bailar.<br \/>\nActualmente nuestro amigo Osvaldo Gonz\u00e1lez, instructor de cueca y promotor cultural de nuestra comuna, sigue hospitalizado sometido a quimioterapia y radioterapia, luchando contra el mal que le aqueja peligrosamente.<br \/>\n<strong>Roberto Gonz\u00e1lez Short<\/strong><\/p>\n<figure id=\"attachment_80704\" aria-describedby=\"caption-attachment-80704\" style=\"width: 580px\" class=\"wp-caption alignnone\"><img data-recalc-dims=\"1\" loading=\"lazy\" decoding=\"async\" class=\"size-full wp-image-80704\" src=\"https:\/\/i0.wp.com\/www.eltrabajo.cl\/2017\/wp-content\/uploads\/2017\/08\/Cueca2.jpg?resize=580%2C348\" alt=\"SEGUNDO LUGAR.- Antonio Lepe y do\u00f1a Isabel Castro ganaron el segundo lugar, nada mal para tan s\u00f3lidos artistas locales.\" width=\"580\" height=\"348\" srcset=\"https:\/\/i0.wp.com\/eltrabajo.cl\/portal\/wp-content\/uploads\/2017\/08\/Cueca2.jpg?w=580&amp;ssl=1 580w, https:\/\/i0.wp.com\/eltrabajo.cl\/portal\/wp-content\/uploads\/2017\/08\/Cueca2.jpg?resize=200%2C120&amp;ssl=1 200w, https:\/\/i0.wp.com\/eltrabajo.cl\/portal\/wp-content\/uploads\/2017\/08\/Cueca2.jpg?resize=300%2C180&amp;ssl=1 300w, https:\/\/i0.wp.com\/eltrabajo.cl\/portal\/wp-content\/uploads\/2017\/08\/Cueca2.jpg?resize=250%2C150&amp;ssl=1 250w, https:\/\/i0.wp.com\/eltrabajo.cl\/portal\/wp-content\/uploads\/2017\/08\/Cueca2.jpg?resize=400%2C240&amp;ssl=1 400w\" sizes=\"auto, (max-width: 580px) 100vw, 580px\" \/><figcaption id=\"caption-attachment-80704\" class=\"wp-caption-text\">SEGUNDO LUGAR.- Antonio Lepe y do\u00f1a Isabel Castro ganaron el segundo lugar, nada mal para tan s\u00f3lidos artistas locales.<\/figcaption><\/figure>\n","protected":false},"excerpt":{"rendered":"<p>Mar\u00eda Luisa Salinas y Juan Astudillo ganan Campeonato Comunal: Este fin de semana se llev\u00f3 a cabo en el Centro de Mayores Ayec\u00e1n, el Campeonato Comunal de Cueca 2017, organizado por la&#8230;<\/p>\n","protected":false},"author":1,"featured_media":80703,"comment_status":"open","ping_status":"open","sticky":false,"template":"","format":"standard","meta":{"advanced_seo_description":"","jetpack_seo_html_title":"","jetpack_seo_noindex":false,"_jetpack_memberships_contains_paid_content":false,"footnotes":""},"categories":[15],"tags":[],"class_list":["post-80702","post","type-post","status-publish","format-standard","has-post-thumbnail","hentry","category-comunidad"],"jetpack_featured_media_url":"https:\/\/i0.wp.com\/eltrabajo.cl\/portal\/wp-content\/uploads\/2017\/08\/Cueca1.jpg?fit=580%2C350&ssl=1","jetpack_sharing_enabled":true,"jetpack_likes_enabled":true,"jetpack-related-posts":[],"_links":{"self":[{"href":"https:\/\/eltrabajo.cl\/portal\/wp-json\/wp\/v2\/posts\/80702","targetHints":{"allow":["GET"]}}],"collection":[{"href":"https:\/\/eltrabajo.cl\/portal\/wp-json\/wp\/v2\/posts"}],"about":[{"href":"https:\/\/eltrabajo.cl\/portal\/wp-json\/wp\/v2\/types\/post"}],"author":[{"embeddable":true,"href":"https:\/\/eltrabajo.cl\/portal\/wp-json\/wp\/v2\/users\/1"}],"replies":[{"embeddable":true,"href":"https:\/\/eltrabajo.cl\/portal\/wp-json\/wp\/v2\/comments?post=80702"}],"version-history":[{"count":0,"href":"https:\/\/eltrabajo.cl\/portal\/wp-json\/wp\/v2\/posts\/80702\/revisions"}],"wp:featuredmedia":[{"embeddable":true,"href":"https:\/\/eltrabajo.cl\/portal\/wp-json\/wp\/v2\/media\/80703"}],"wp:attachment":[{"href":"https:\/\/eltrabajo.cl\/portal\/wp-json\/wp\/v2\/media?parent=80702"}],"wp:term":[{"taxonomy":"category","embeddable":true,"href":"https:\/\/eltrabajo.cl\/portal\/wp-json\/wp\/v2\/categories?post=80702"},{"taxonomy":"post_tag","embeddable":true,"href":"https:\/\/eltrabajo.cl\/portal\/wp-json\/wp\/v2\/tags?post=80702"}],"curies":[{"name":"wp","href":"https:\/\/api.w.org\/{rel}","templated":true}]}}