{"id":80706,"date":"2017-08-03T06:05:06","date_gmt":"2017-08-03T10:05:06","guid":{"rendered":"http:\/\/www.eltrabajo.cl\/2017\/?p=80706"},"modified":"2017-08-03T06:05:06","modified_gmt":"2017-08-03T10:05:06","slug":"sector-21-de-mayo-vibro-con-el-alegre-esquinazo-de-aniversario","status":"publish","type":"post","link":"https:\/\/eltrabajo.cl\/portal\/sector-21-de-mayo-vibro-con-el-alegre-esquinazo-de-aniversario\/","title":{"rendered":"Sector 21 de Mayo vibr\u00f3 con el alegre esquinazo de aniversario"},"content":{"rendered":"<figure id=\"attachment_80713\" aria-describedby=\"caption-attachment-80713\" style=\"width: 580px\" class=\"wp-caption alignnone\"><img data-recalc-dims=\"1\" loading=\"lazy\" decoding=\"async\" class=\"size-full wp-image-80713\" src=\"https:\/\/i0.wp.com\/www.eltrabajo.cl\/2017\/wp-content\/uploads\/2017\/08\/Esquinazo3.jpg?resize=580%2C348\" alt=\"SIEMPRE BELLAVISTA.- Tambi\u00e9n los chicos de la Escuela Carolina Ocampo, de Bellavista, alegraron con su marcha esta fiesta de aniversario.\" width=\"580\" height=\"348\" srcset=\"https:\/\/i0.wp.com\/eltrabajo.cl\/portal\/wp-content\/uploads\/2017\/08\/Esquinazo3.jpg?w=580&amp;ssl=1 580w, https:\/\/i0.wp.com\/eltrabajo.cl\/portal\/wp-content\/uploads\/2017\/08\/Esquinazo3.jpg?resize=200%2C120&amp;ssl=1 200w, https:\/\/i0.wp.com\/eltrabajo.cl\/portal\/wp-content\/uploads\/2017\/08\/Esquinazo3.jpg?resize=300%2C180&amp;ssl=1 300w, https:\/\/i0.wp.com\/eltrabajo.cl\/portal\/wp-content\/uploads\/2017\/08\/Esquinazo3.jpg?resize=250%2C150&amp;ssl=1 250w, https:\/\/i0.wp.com\/eltrabajo.cl\/portal\/wp-content\/uploads\/2017\/08\/Esquinazo3.jpg?resize=400%2C240&amp;ssl=1 400w\" sizes=\"auto, (max-width: 580px) 100vw, 580px\" \/><figcaption id=\"caption-attachment-80713\" class=\"wp-caption-text\">SIEMPRE BELLAVISTA.- Tambi\u00e9n los chicos de la Escuela Carolina Ocampo, de Bellavista, alegraron con su marcha esta fiesta de aniversario.<\/figcaption><\/figure>\n<p>Fueron ahora los vecinos del sector 21 de Mayo, Bellavista, El Asiento, El Algarrobal y Quebrada Herrera, entre otros sectores rurales de nuestra comuna, los que en grande salieron a celebrar el 277\u00ba aniversario de San Felipe, raz\u00f3n por la cual disfrutaron del pomposo desfile c\u00edvico-militar en donde cientos de estudiantes, profesores y apoderados de los distintos colegios del sector aplaudieron a los huasos y bailarines del Ballet Municipal de San Felipe, as\u00ed como a los estudiantes.<br \/>\nNo pod\u00edan faltar las autoridades municipales encabezadas por el alcalde Patricio Freire y sus concejales, Cores de la V Regi\u00f3n e importantes figuras militares del Regimiento Reforzado N\u00ba3 Yungay, y el Orfe\u00f3n Aconcagua, que alegr\u00f3 musicalmente la jornada durante casi todo el desfile, ya que tambi\u00e9n se hizo notar con su fuerza y vigor.<\/p>\n<p><span style=\"color: #ff0000;\"><strong>VOCES POPULARES<\/strong><\/span><br \/>\nDiario El Trabajo habl\u00f3 con algunos vecinos y autoridades presentes, entre ellos el alcalde Patricio Freire y la concejala Patricia Boffa: \u00abMuy contentos estamos con esta celebraci\u00f3n de aniversario de nuestra ciudad, contentos de estar con estos vecinos trabajadores y estudiantes del sector, quiero tambi\u00e9n invitar a los lectores de Diario El Trabajo para que disfrutemos en grande el desfile de este jueves en el centro de San Felipe, tambi\u00e9n a las 19:00 horas en el teatro del Liceo Roberto Humeres tendremos la presentaci\u00f3n de grandes artistas del pa\u00eds, esperamos una gran jornada de fiesta\u00bb, indic\u00f3 Freire.<br \/>\n\u00abHoy el sector 21 de Mayo nos ha recibido con un bello sol y con gran alegr\u00eda para celebrar este 277\u00ba aniversario de nuestra comuna. Queremos como autoridades unirnos al ambiente de festividad, pues los vecinos sienten que pertenecen a San Felipe y para nosotros es muy importante participar en esta fiesta comunal\u00bb, agreg\u00f3 Boffa por su parte.<br \/>\n<strong>Roberto Gonz\u00e1lez Short<\/strong><\/p>\n<figure id=\"attachment_80707\" aria-describedby=\"caption-attachment-80707\" style=\"width: 580px\" class=\"wp-caption alignnone\"><img data-recalc-dims=\"1\" loading=\"lazy\" decoding=\"async\" class=\"size-full wp-image-80707\" src=\"https:\/\/i0.wp.com\/www.eltrabajo.cl\/2017\/wp-content\/uploads\/2017\/08\/Esquinazo_Gerardo-Calderon.jpg?resize=580%2C608\" alt=\"Gerardo Calder\u00f3n, 87 a\u00f1os, vecino de Poblaci\u00f3n 21 de Mayo: \u00abMe encant\u00f3 el desfile, todos los a\u00f1os salgo a participar de esta fiesta que es nuestra, de todos los sanfelipe\u00f1os\u00bb.\" width=\"580\" height=\"608\" srcset=\"https:\/\/i0.wp.com\/eltrabajo.cl\/portal\/wp-content\/uploads\/2017\/08\/Esquinazo_Gerardo-Calderon.jpg?w=580&amp;ssl=1 580w, https:\/\/i0.wp.com\/eltrabajo.cl\/portal\/wp-content\/uploads\/2017\/08\/Esquinazo_Gerardo-Calderon.jpg?resize=143%2C150&amp;ssl=1 143w, https:\/\/i0.wp.com\/eltrabajo.cl\/portal\/wp-content\/uploads\/2017\/08\/Esquinazo_Gerardo-Calderon.jpg?resize=286%2C300&amp;ssl=1 286w, https:\/\/i0.wp.com\/eltrabajo.cl\/portal\/wp-content\/uploads\/2017\/08\/Esquinazo_Gerardo-Calderon.jpg?resize=400%2C419&amp;ssl=1 400w\" sizes=\"auto, (max-width: 580px) 100vw, 580px\" \/><figcaption id=\"caption-attachment-80707\" class=\"wp-caption-text\">Gerardo Calder\u00f3n, 87 a\u00f1os, vecino de Poblaci\u00f3n 21 de Mayo: \u00abMe encant\u00f3 el desfile, todos los a\u00f1os salgo a participar de esta fiesta que es nuestra, de todos los sanfelipe\u00f1os\u00bb.<\/figcaption><\/figure>\n<figure id=\"attachment_80708\" aria-describedby=\"caption-attachment-80708\" style=\"width: 580px\" class=\"wp-caption alignnone\"><img data-recalc-dims=\"1\" loading=\"lazy\" decoding=\"async\" class=\"size-full wp-image-80708\" src=\"https:\/\/i0.wp.com\/www.eltrabajo.cl\/2017\/wp-content\/uploads\/2017\/08\/Esquinazo_Patricia-Boffa.jpg?resize=580%2C462\" alt=\"Patricia Boffa, concejal sanfelipe\u00f1a.\" width=\"580\" height=\"462\" srcset=\"https:\/\/i0.wp.com\/eltrabajo.cl\/portal\/wp-content\/uploads\/2017\/08\/Esquinazo_Patricia-Boffa.jpg?w=580&amp;ssl=1 580w, https:\/\/i0.wp.com\/eltrabajo.cl\/portal\/wp-content\/uploads\/2017\/08\/Esquinazo_Patricia-Boffa.jpg?resize=188%2C150&amp;ssl=1 188w, https:\/\/i0.wp.com\/eltrabajo.cl\/portal\/wp-content\/uploads\/2017\/08\/Esquinazo_Patricia-Boffa.jpg?resize=300%2C239&amp;ssl=1 300w, https:\/\/i0.wp.com\/eltrabajo.cl\/portal\/wp-content\/uploads\/2017\/08\/Esquinazo_Patricia-Boffa.jpg?resize=400%2C319&amp;ssl=1 400w\" sizes=\"auto, (max-width: 580px) 100vw, 580px\" \/><figcaption id=\"caption-attachment-80708\" class=\"wp-caption-text\">Patricia Boffa, concejal sanfelipe\u00f1a.<\/figcaption><\/figure>\n<figure id=\"attachment_80709\" aria-describedby=\"caption-attachment-80709\" style=\"width: 580px\" class=\"wp-caption alignnone\"><img data-recalc-dims=\"1\" loading=\"lazy\" decoding=\"async\" class=\"size-full wp-image-80709\" src=\"https:\/\/i0.wp.com\/www.eltrabajo.cl\/2017\/wp-content\/uploads\/2017\/08\/Esquinazo_Patricio-Freire.jpg?resize=580%2C473\" alt=\"Alcalde de San Felipe, Patricio Freire Canto.\" width=\"580\" height=\"473\" srcset=\"https:\/\/i0.wp.com\/eltrabajo.cl\/portal\/wp-content\/uploads\/2017\/08\/Esquinazo_Patricio-Freire.jpg?w=580&amp;ssl=1 580w, https:\/\/i0.wp.com\/eltrabajo.cl\/portal\/wp-content\/uploads\/2017\/08\/Esquinazo_Patricio-Freire.jpg?resize=184%2C150&amp;ssl=1 184w, https:\/\/i0.wp.com\/eltrabajo.cl\/portal\/wp-content\/uploads\/2017\/08\/Esquinazo_Patricio-Freire.jpg?resize=300%2C245&amp;ssl=1 300w, https:\/\/i0.wp.com\/eltrabajo.cl\/portal\/wp-content\/uploads\/2017\/08\/Esquinazo_Patricio-Freire.jpg?resize=400%2C326&amp;ssl=1 400w\" sizes=\"auto, (max-width: 580px) 100vw, 580px\" \/><figcaption id=\"caption-attachment-80709\" class=\"wp-caption-text\">Alcalde de San Felipe, Patricio Freire Canto.<\/figcaption><\/figure>\n<figure id=\"attachment_80710\" aria-describedby=\"caption-attachment-80710\" style=\"width: 580px\" class=\"wp-caption alignnone\"><img data-recalc-dims=\"1\" loading=\"lazy\" decoding=\"async\" class=\"size-full wp-image-80710\" src=\"https:\/\/i0.wp.com\/www.eltrabajo.cl\/2017\/wp-content\/uploads\/2017\/08\/Esquinazo_Teresita-Bermudez.jpg?resize=580%2C546\" alt=\"Teresita Berm\u00fadez, vecina de El Algarrobal: \u00abMuy bonita la fiesta de aniversario, me encantaron los huasos y el desfile de los ni\u00f1os\u00bb.\" width=\"580\" height=\"546\" srcset=\"https:\/\/i0.wp.com\/eltrabajo.cl\/portal\/wp-content\/uploads\/2017\/08\/Esquinazo_Teresita-Bermudez.jpg?w=580&amp;ssl=1 580w, https:\/\/i0.wp.com\/eltrabajo.cl\/portal\/wp-content\/uploads\/2017\/08\/Esquinazo_Teresita-Bermudez.jpg?resize=159%2C150&amp;ssl=1 159w, https:\/\/i0.wp.com\/eltrabajo.cl\/portal\/wp-content\/uploads\/2017\/08\/Esquinazo_Teresita-Bermudez.jpg?resize=300%2C282&amp;ssl=1 300w, https:\/\/i0.wp.com\/eltrabajo.cl\/portal\/wp-content\/uploads\/2017\/08\/Esquinazo_Teresita-Bermudez.jpg?resize=400%2C377&amp;ssl=1 400w\" sizes=\"auto, (max-width: 580px) 100vw, 580px\" \/><figcaption id=\"caption-attachment-80710\" class=\"wp-caption-text\">Teresita Berm\u00fadez, vecina de El Algarrobal: \u00abMuy bonita la fiesta de aniversario, me encantaron los huasos y el desfile de los ni\u00f1os\u00bb.<\/figcaption><\/figure>\n<figure id=\"attachment_80711\" aria-describedby=\"caption-attachment-80711\" style=\"width: 580px\" class=\"wp-caption alignnone\"><img data-recalc-dims=\"1\" loading=\"lazy\" decoding=\"async\" class=\"size-full wp-image-80711\" src=\"https:\/\/i0.wp.com\/www.eltrabajo.cl\/2017\/wp-content\/uploads\/2017\/08\/Esquinazo1.jpg?resize=580%2C350\" alt=\"COMIDAS T\u00cdPICAS.- Integrantes del Ballet Municipal de San Felipe ofrecieron ricas empanadas a las autoridades e invitados especiales.\" width=\"580\" height=\"350\" srcset=\"https:\/\/i0.wp.com\/eltrabajo.cl\/portal\/wp-content\/uploads\/2017\/08\/Esquinazo1.jpg?w=580&amp;ssl=1 580w, https:\/\/i0.wp.com\/eltrabajo.cl\/portal\/wp-content\/uploads\/2017\/08\/Esquinazo1.jpg?resize=200%2C121&amp;ssl=1 200w, https:\/\/i0.wp.com\/eltrabajo.cl\/portal\/wp-content\/uploads\/2017\/08\/Esquinazo1.jpg?resize=300%2C181&amp;ssl=1 300w, https:\/\/i0.wp.com\/eltrabajo.cl\/portal\/wp-content\/uploads\/2017\/08\/Esquinazo1.jpg?resize=249%2C150&amp;ssl=1 249w, https:\/\/i0.wp.com\/eltrabajo.cl\/portal\/wp-content\/uploads\/2017\/08\/Esquinazo1.jpg?resize=400%2C241&amp;ssl=1 400w\" sizes=\"auto, (max-width: 580px) 100vw, 580px\" \/><figcaption id=\"caption-attachment-80711\" class=\"wp-caption-text\">COMIDAS T\u00cdPICAS.- Integrantes del Ballet Municipal de San Felipe ofrecieron ricas empanadas a las autoridades e invitados especiales.<\/figcaption><\/figure>\n<figure id=\"attachment_80712\" aria-describedby=\"caption-attachment-80712\" style=\"width: 580px\" class=\"wp-caption alignnone\"><img data-recalc-dims=\"1\" loading=\"lazy\" decoding=\"async\" class=\"size-full wp-image-80712\" src=\"https:\/\/i0.wp.com\/www.eltrabajo.cl\/2017\/wp-content\/uploads\/2017\/08\/Esquinazo2.jpg?resize=580%2C348\" alt=\"A PASO LIGERO.- Los peque\u00f1itos de Preb\u00e1sica de la Escuela Heriberto Berm\u00fadez, de El Algarrobal, se dieron prisa para lucir bien en este desfile.\" width=\"580\" height=\"348\" srcset=\"https:\/\/i0.wp.com\/eltrabajo.cl\/portal\/wp-content\/uploads\/2017\/08\/Esquinazo2.jpg?w=580&amp;ssl=1 580w, https:\/\/i0.wp.com\/eltrabajo.cl\/portal\/wp-content\/uploads\/2017\/08\/Esquinazo2.jpg?resize=200%2C120&amp;ssl=1 200w, https:\/\/i0.wp.com\/eltrabajo.cl\/portal\/wp-content\/uploads\/2017\/08\/Esquinazo2.jpg?resize=300%2C180&amp;ssl=1 300w, https:\/\/i0.wp.com\/eltrabajo.cl\/portal\/wp-content\/uploads\/2017\/08\/Esquinazo2.jpg?resize=250%2C150&amp;ssl=1 250w, https:\/\/i0.wp.com\/eltrabajo.cl\/portal\/wp-content\/uploads\/2017\/08\/Esquinazo2.jpg?resize=400%2C240&amp;ssl=1 400w\" sizes=\"auto, (max-width: 580px) 100vw, 580px\" \/><figcaption id=\"caption-attachment-80712\" class=\"wp-caption-text\">A PASO LIGERO.- Los peque\u00f1itos de Preb\u00e1sica de la Escuela Heriberto Berm\u00fadez, de El Algarrobal, se dieron prisa para lucir bien en este desfile.<\/figcaption><\/figure>\n<figure id=\"attachment_80714\" aria-describedby=\"caption-attachment-80714\" style=\"width: 580px\" class=\"wp-caption alignnone\"><img data-recalc-dims=\"1\" loading=\"lazy\" decoding=\"async\" class=\"size-full wp-image-80714\" src=\"https:\/\/i0.wp.com\/www.eltrabajo.cl\/2017\/wp-content\/uploads\/2017\/08\/Esquinazo4.jpg?resize=580%2C348\" alt=\"FUERZAS ARMADAS.- La juventud del Regimiento Reforzado N\u00ba3 Yungay se hizo sentir con vigor en el desfile desarrollado ayer en Poblaci\u00f3n 21 de Mayo.\" width=\"580\" height=\"348\" srcset=\"https:\/\/i0.wp.com\/eltrabajo.cl\/portal\/wp-content\/uploads\/2017\/08\/Esquinazo4.jpg?w=580&amp;ssl=1 580w, https:\/\/i0.wp.com\/eltrabajo.cl\/portal\/wp-content\/uploads\/2017\/08\/Esquinazo4.jpg?resize=200%2C120&amp;ssl=1 200w, https:\/\/i0.wp.com\/eltrabajo.cl\/portal\/wp-content\/uploads\/2017\/08\/Esquinazo4.jpg?resize=300%2C180&amp;ssl=1 300w, https:\/\/i0.wp.com\/eltrabajo.cl\/portal\/wp-content\/uploads\/2017\/08\/Esquinazo4.jpg?resize=250%2C150&amp;ssl=1 250w, https:\/\/i0.wp.com\/eltrabajo.cl\/portal\/wp-content\/uploads\/2017\/08\/Esquinazo4.jpg?resize=400%2C240&amp;ssl=1 400w\" sizes=\"auto, (max-width: 580px) 100vw, 580px\" \/><figcaption id=\"caption-attachment-80714\" class=\"wp-caption-text\">FUERZAS ARMADAS.- La juventud del Regimiento Reforzado N\u00ba3 Yungay se hizo sentir con vigor en el desfile desarrollado ayer en Poblaci\u00f3n 21 de Mayo.<\/figcaption><\/figure>\n<figure id=\"attachment_80715\" aria-describedby=\"caption-attachment-80715\" style=\"width: 580px\" class=\"wp-caption alignnone\"><img data-recalc-dims=\"1\" loading=\"lazy\" decoding=\"async\" class=\"size-full wp-image-80715\" src=\"https:\/\/i0.wp.com\/www.eltrabajo.cl\/2017\/wp-content\/uploads\/2017\/08\/Esquinazo5.jpg?resize=580%2C350\" alt=\"LOS MEJORES.- Ellos conforman el Ballet Municipal de San Felipe, agrupaci\u00f3n muy importante de nuestra identidad sanfelipe\u00f1a.\" width=\"580\" height=\"350\" srcset=\"https:\/\/i0.wp.com\/eltrabajo.cl\/portal\/wp-content\/uploads\/2017\/08\/Esquinazo5.jpg?w=580&amp;ssl=1 580w, https:\/\/i0.wp.com\/eltrabajo.cl\/portal\/wp-content\/uploads\/2017\/08\/Esquinazo5.jpg?resize=200%2C121&amp;ssl=1 200w, https:\/\/i0.wp.com\/eltrabajo.cl\/portal\/wp-content\/uploads\/2017\/08\/Esquinazo5.jpg?resize=300%2C181&amp;ssl=1 300w, https:\/\/i0.wp.com\/eltrabajo.cl\/portal\/wp-content\/uploads\/2017\/08\/Esquinazo5.jpg?resize=249%2C150&amp;ssl=1 249w, https:\/\/i0.wp.com\/eltrabajo.cl\/portal\/wp-content\/uploads\/2017\/08\/Esquinazo5.jpg?resize=400%2C241&amp;ssl=1 400w\" sizes=\"auto, (max-width: 580px) 100vw, 580px\" \/><figcaption id=\"caption-attachment-80715\" class=\"wp-caption-text\">LOS MEJORES.- Ellos conforman el Ballet Municipal de San Felipe, agrupaci\u00f3n muy importante de nuestra identidad sanfelipe\u00f1a.<\/figcaption><\/figure>\n<figure id=\"attachment_80716\" aria-describedby=\"caption-attachment-80716\" style=\"width: 580px\" class=\"wp-caption alignnone\"><img data-recalc-dims=\"1\" loading=\"lazy\" decoding=\"async\" class=\"size-full wp-image-80716\" src=\"https:\/\/i0.wp.com\/www.eltrabajo.cl\/2017\/wp-content\/uploads\/2017\/08\/Esquinazo6.jpg?resize=580%2C349\" alt=\"IMPONENTE CHIQUIT\u00cdN.- El peque\u00f1ito Francisco Salgado, del Club de Huasos La Querencia, mont\u00f3 su caballo con gran elegancia.\" width=\"580\" height=\"349\" srcset=\"https:\/\/i0.wp.com\/eltrabajo.cl\/portal\/wp-content\/uploads\/2017\/08\/Esquinazo6.jpg?w=580&amp;ssl=1 580w, https:\/\/i0.wp.com\/eltrabajo.cl\/portal\/wp-content\/uploads\/2017\/08\/Esquinazo6.jpg?resize=200%2C120&amp;ssl=1 200w, https:\/\/i0.wp.com\/eltrabajo.cl\/portal\/wp-content\/uploads\/2017\/08\/Esquinazo6.jpg?resize=300%2C181&amp;ssl=1 300w, https:\/\/i0.wp.com\/eltrabajo.cl\/portal\/wp-content\/uploads\/2017\/08\/Esquinazo6.jpg?resize=249%2C150&amp;ssl=1 249w, https:\/\/i0.wp.com\/eltrabajo.cl\/portal\/wp-content\/uploads\/2017\/08\/Esquinazo6.jpg?resize=400%2C241&amp;ssl=1 400w\" sizes=\"auto, (max-width: 580px) 100vw, 580px\" \/><figcaption id=\"caption-attachment-80716\" class=\"wp-caption-text\">IMPONENTE CHIQUIT\u00cdN.- El peque\u00f1ito Francisco Salgado, del Club de Huasos La Querencia, mont\u00f3 su caballo con gran elegancia.<\/figcaption><\/figure>\n","protected":false},"excerpt":{"rendered":"<p>Fueron ahora los vecinos del sector 21 de Mayo, Bellavista, El Asiento, El Algarrobal y Quebrada Herrera, entre otros sectores rurales de nuestra comuna, los que en grande salieron a celebrar el&#8230;<\/p>\n","protected":false},"author":1,"featured_media":80715,"comment_status":"open","ping_status":"open","sticky":false,"template":"","format":"standard","meta":{"advanced_seo_description":"","jetpack_seo_html_title":"","jetpack_seo_noindex":false,"_jetpack_memberships_contains_paid_content":false,"footnotes":""},"categories":[15],"tags":[],"class_list":["post-80706","post","type-post","status-publish","format-standard","has-post-thumbnail","hentry","category-comunidad"],"jetpack_featured_media_url":"https:\/\/i0.wp.com\/eltrabajo.cl\/portal\/wp-content\/uploads\/2017\/08\/Esquinazo5.jpg?fit=580%2C350&ssl=1","jetpack_sharing_enabled":true,"jetpack_likes_enabled":true,"jetpack-related-posts":[],"_links":{"self":[{"href":"https:\/\/eltrabajo.cl\/portal\/wp-json\/wp\/v2\/posts\/80706","targetHints":{"allow":["GET"]}}],"collection":[{"href":"https:\/\/eltrabajo.cl\/portal\/wp-json\/wp\/v2\/posts"}],"about":[{"href":"https:\/\/eltrabajo.cl\/portal\/wp-json\/wp\/v2\/types\/post"}],"author":[{"embeddable":true,"href":"https:\/\/eltrabajo.cl\/portal\/wp-json\/wp\/v2\/users\/1"}],"replies":[{"embeddable":true,"href":"https:\/\/eltrabajo.cl\/portal\/wp-json\/wp\/v2\/comments?post=80706"}],"version-history":[{"count":0,"href":"https:\/\/eltrabajo.cl\/portal\/wp-json\/wp\/v2\/posts\/80706\/revisions"}],"wp:featuredmedia":[{"embeddable":true,"href":"https:\/\/eltrabajo.cl\/portal\/wp-json\/wp\/v2\/media\/80715"}],"wp:attachment":[{"href":"https:\/\/eltrabajo.cl\/portal\/wp-json\/wp\/v2\/media?parent=80706"}],"wp:term":[{"taxonomy":"category","embeddable":true,"href":"https:\/\/eltrabajo.cl\/portal\/wp-json\/wp\/v2\/categories?post=80706"},{"taxonomy":"post_tag","embeddable":true,"href":"https:\/\/eltrabajo.cl\/portal\/wp-json\/wp\/v2\/tags?post=80706"}],"curies":[{"name":"wp","href":"https:\/\/api.w.org\/{rel}","templated":true}]}}