{"id":80718,"date":"2017-08-03T06:04:11","date_gmt":"2017-08-03T10:04:11","guid":{"rendered":"http:\/\/www.eltrabajo.cl\/2017\/?p=80718"},"modified":"2017-08-03T06:04:11","modified_gmt":"2017-08-03T10:04:11","slug":"pelicula-chilena-de-realizador-sanfelipeno-se-exhibe-por-primera-vez-en-san-felipe","status":"publish","type":"post","link":"https:\/\/eltrabajo.cl\/portal\/pelicula-chilena-de-realizador-sanfelipeno-se-exhibe-por-primera-vez-en-san-felipe\/","title":{"rendered":"Pel\u00edcula chilena de realizador sanfelipe\u00f1o se exhibe por primera vez en San Felipe"},"content":{"rendered":"<figure id=\"attachment_80719\" aria-describedby=\"caption-attachment-80719\" style=\"width: 580px\" class=\"wp-caption alignnone\"><img data-recalc-dims=\"1\" loading=\"lazy\" decoding=\"async\" class=\"size-full wp-image-80719\" src=\"https:\/\/i0.wp.com\/www.eltrabajo.cl\/2017\/wp-content\/uploads\/2017\/08\/bernardo-quesney1.jpg?resize=580%2C349\" alt=\"El realizador sanfelipe\u00f1o, Bernardo Quesney (Izq.), entrevistado por la Rock and Pop.\" width=\"580\" height=\"349\" srcset=\"https:\/\/i0.wp.com\/eltrabajo.cl\/portal\/wp-content\/uploads\/2017\/08\/bernardo-quesney1.jpg?w=580&amp;ssl=1 580w, https:\/\/i0.wp.com\/eltrabajo.cl\/portal\/wp-content\/uploads\/2017\/08\/bernardo-quesney1.jpg?resize=200%2C120&amp;ssl=1 200w, https:\/\/i0.wp.com\/eltrabajo.cl\/portal\/wp-content\/uploads\/2017\/08\/bernardo-quesney1.jpg?resize=300%2C181&amp;ssl=1 300w, https:\/\/i0.wp.com\/eltrabajo.cl\/portal\/wp-content\/uploads\/2017\/08\/bernardo-quesney1.jpg?resize=249%2C150&amp;ssl=1 249w, https:\/\/i0.wp.com\/eltrabajo.cl\/portal\/wp-content\/uploads\/2017\/08\/bernardo-quesney1.jpg?resize=400%2C241&amp;ssl=1 400w\" sizes=\"auto, (max-width: 580px) 100vw, 580px\" \/><figcaption id=\"caption-attachment-80719\" class=\"wp-caption-text\">El realizador sanfelipe\u00f1o, Bernardo Quesney (Izq.), entrevistado por la Rock and Pop.<\/figcaption><\/figure>\n<ul>\n<li><strong><span style=\"color: #ff0000;\">\u2018Desastres Naturales\u2019 est\u00e1 dirigida por Bernardo Quesney: \u00a0<\/span>Funci\u00f3n organizada por el Festival de Cine de Los Andes en alianza con la Municipalidad de San Felipe, se llevar\u00e1 a cabo ma\u00f1ana viernes 4 de agosto en el Teatro Municipal de la comuna y contar\u00e1 con la presencia de integrantes del equipo realizador de la pel\u00edcula. La entrada es liberada. <\/strong><\/li>\n<\/ul>\n<p>Como parte de las actividades previas del certamen de cine del Valle del Aconcagua, se presentar\u00e1 por primera vez en la ciudad la pel\u00edcula \u2018Desastres Naturales\u2019, dirigida por el realizador sanfelipe\u00f1o Bernardo Quesney y protagonizada por la destacada actriz, Anita Reeves. La obra que cuenta la historia de una profesora que se niega a la idea de jubilar, llegar\u00e1 al Teatro Municipal de San Felipe ma\u00f1ana viernes 4 de agosto, a las 19.00 horas.<br \/>\nLa pel\u00edcula que se convirti\u00f3 en el primer protag\u00f3nico de Anita Reeves, cuenta con las actuaciones de Catalina Saavedra, Amparo Noguera, Sebasti\u00e1n Ayala, Montserrat Ballarin y Fernanda Toledo, entre otros. Cabe destacar que Bernardo Quesney, director de \u2018Desastres Naturales\u2019, fue uno de los ciudadanos distinguidos por la Municipalidad de San Felipe el pasado 1 de agosto, como parte de la celebraci\u00f3n del aniversario n\u00famero 277 de la comuna.<br \/>\nEl director del Festival de Cine de Los Andes, Manuel Gonz\u00e1lez Llanos, indic\u00f3 la importancia de esta alianza con la Municipalidad de San Felipe, comuna que se integra a las actividades de esta segunda versi\u00f3n. \u00abPara nosotros ha sido fundamental la colaboraci\u00f3n y el apoyo de la alcald\u00eda, su Departamento de Cultura y Direcci\u00f3n de Desarrollo Comunitario, porque en conjunto hemos llevado a cabo un trabajo comprometido para realizar esta funci\u00f3n gratuita y abierta a todos los habitantes de la ciudad. Gracias a su apoyo hemos concretado diversas actividades para el p\u00fablico del Valle del Aconcagua\u00bb.<br \/>\nLa actividad es organizada en conjunto con el Departamento de Cultura de la Municipalidad de San Felipe. La funci\u00f3n contar\u00e1 con la presencia de su director, quien compartir\u00e1 con los asistentes en un conversatorio tras la exhibici\u00f3n de la pel\u00edcula. La entrada es liberada.<br \/>\nEl 2\u00b0 Festival de Cine de Los Andes se llevar\u00e1 a cabo del 29 de agosto al 3 de septiembre en la Biblioteca P\u00fablica de Los Andes y el Teatro Municipal de San Felipe. El evento es producido por La Fuente, financiando por el Fondo de Fomento Audiovisual del CNCA, Convocatoria 2017, y patrocinado por la I. Municipalidad de Los Andes y la Municipalidad de San Felipe. M\u00e1s informaci\u00f3n en www.cinelosandes.cl<\/p>\n<p><span style=\"color: #ff0000;\"><strong>FICHA T\u00c9CNICA<\/strong><\/span><br \/>\n&#8211; Dirigida por: Bernardo Quesney<br \/>\n&#8211; Gui\u00f3n: Bernardo Quesney &#8211; Pedro Peirano<br \/>\n&#8211; Elenco: Ana Reeves &#8211; Catalina Saavedra &#8211; Montserrat Ballarin &#8211; Sebasti\u00e1n Ayala &#8211; Fernanda Toledo &#8211; Paola Lattus &#8211; Amparo Noguera &#8211; Cristi\u00e1n Carvajal &#8211; Juan Anania &#8211; Carol Brito<br \/>\n&#8211; Producci\u00f3n ejecutiva: Eugenio Ram\u00edrez<br \/>\n&#8211; Producci\u00f3n general: Felipe Balbontin<br \/>\n&#8211; Asistente de direcci\u00f3n: Nicol Ruiz<br \/>\n&#8211; Direcci\u00f3n de fotograf\u00eda: Francisco Julli\u00e1n<br \/>\n&#8211; Direcci\u00f3n de arte: Patricia Ahumada<br \/>\n&#8211; Montaje: Mayra Mor\u00e1n<br \/>\nTrailer<br \/>\nhttps:\/\/goo.gl\/6diomB<\/p>\n<figure id=\"attachment_80720\" aria-describedby=\"caption-attachment-80720\" style=\"width: 580px\" class=\"wp-caption alignnone\"><img data-recalc-dims=\"1\" loading=\"lazy\" decoding=\"async\" class=\"size-full wp-image-80720\" src=\"https:\/\/i0.wp.com\/www.eltrabajo.cl\/2017\/wp-content\/uploads\/2017\/08\/desastres-naturales.jpg?resize=580%2C349\" alt=\"La cinta ser\u00e1 exhibida ma\u00f1ana viernes 4 de agosto, a las 19.00 horas, en el Teatro Municipal de la ciudad, y cuenta con un gran reparto encabezado por la destacada actriz Ana Reeve.\" width=\"580\" height=\"349\" srcset=\"https:\/\/i0.wp.com\/eltrabajo.cl\/portal\/wp-content\/uploads\/2017\/08\/desastres-naturales.jpg?w=580&amp;ssl=1 580w, https:\/\/i0.wp.com\/eltrabajo.cl\/portal\/wp-content\/uploads\/2017\/08\/desastres-naturales.jpg?resize=200%2C120&amp;ssl=1 200w, https:\/\/i0.wp.com\/eltrabajo.cl\/portal\/wp-content\/uploads\/2017\/08\/desastres-naturales.jpg?resize=300%2C181&amp;ssl=1 300w, https:\/\/i0.wp.com\/eltrabajo.cl\/portal\/wp-content\/uploads\/2017\/08\/desastres-naturales.jpg?resize=249%2C150&amp;ssl=1 249w, https:\/\/i0.wp.com\/eltrabajo.cl\/portal\/wp-content\/uploads\/2017\/08\/desastres-naturales.jpg?resize=400%2C241&amp;ssl=1 400w\" sizes=\"auto, (max-width: 580px) 100vw, 580px\" \/><figcaption id=\"caption-attachment-80720\" class=\"wp-caption-text\">La cinta ser\u00e1 exhibida ma\u00f1ana viernes 4 de agosto, a las 19.00 horas, en el Teatro Municipal de la ciudad, y cuenta con un gran reparto encabezado por la destacada actriz Ana Reeve.<\/figcaption><\/figure>\n","protected":false},"excerpt":{"rendered":"<p>\u2018Desastres Naturales\u2019 est\u00e1 dirigida por Bernardo Quesney: \u00a0Funci\u00f3n organizada por el Festival de Cine de Los Andes en alianza con la Municipalidad de San Felipe, se llevar\u00e1 a cabo ma\u00f1ana viernes 4&#8230;<\/p>\n","protected":false},"author":1,"featured_media":80720,"comment_status":"open","ping_status":"open","sticky":false,"template":"","format":"standard","meta":{"advanced_seo_description":"","jetpack_seo_html_title":"","jetpack_seo_noindex":false,"_jetpack_memberships_contains_paid_content":false,"footnotes":""},"categories":[20],"tags":[],"class_list":["post-80718","post","type-post","status-publish","format-standard","has-post-thumbnail","hentry","category-arte-y-cultura"],"jetpack_featured_media_url":"https:\/\/i0.wp.com\/eltrabajo.cl\/portal\/wp-content\/uploads\/2017\/08\/desastres-naturales.jpg?fit=580%2C349&ssl=1","jetpack_sharing_enabled":true,"jetpack_likes_enabled":true,"jetpack-related-posts":[],"_links":{"self":[{"href":"https:\/\/eltrabajo.cl\/portal\/wp-json\/wp\/v2\/posts\/80718","targetHints":{"allow":["GET"]}}],"collection":[{"href":"https:\/\/eltrabajo.cl\/portal\/wp-json\/wp\/v2\/posts"}],"about":[{"href":"https:\/\/eltrabajo.cl\/portal\/wp-json\/wp\/v2\/types\/post"}],"author":[{"embeddable":true,"href":"https:\/\/eltrabajo.cl\/portal\/wp-json\/wp\/v2\/users\/1"}],"replies":[{"embeddable":true,"href":"https:\/\/eltrabajo.cl\/portal\/wp-json\/wp\/v2\/comments?post=80718"}],"version-history":[{"count":0,"href":"https:\/\/eltrabajo.cl\/portal\/wp-json\/wp\/v2\/posts\/80718\/revisions"}],"wp:featuredmedia":[{"embeddable":true,"href":"https:\/\/eltrabajo.cl\/portal\/wp-json\/wp\/v2\/media\/80720"}],"wp:attachment":[{"href":"https:\/\/eltrabajo.cl\/portal\/wp-json\/wp\/v2\/media?parent=80718"}],"wp:term":[{"taxonomy":"category","embeddable":true,"href":"https:\/\/eltrabajo.cl\/portal\/wp-json\/wp\/v2\/categories?post=80718"},{"taxonomy":"post_tag","embeddable":true,"href":"https:\/\/eltrabajo.cl\/portal\/wp-json\/wp\/v2\/tags?post=80718"}],"curies":[{"name":"wp","href":"https:\/\/api.w.org\/{rel}","templated":true}]}}