{"id":80722,"date":"2017-08-03T06:03:32","date_gmt":"2017-08-03T10:03:32","guid":{"rendered":"http:\/\/www.eltrabajo.cl\/2017\/?p=80722"},"modified":"2017-08-03T06:03:32","modified_gmt":"2017-08-03T10:03:32","slug":"calle-larga-sera-sede-de-la-primera-fecha-del-clausura-del-rugby-femenino","status":"publish","type":"post","link":"https:\/\/eltrabajo.cl\/portal\/calle-larga-sera-sede-de-la-primera-fecha-del-clausura-del-rugby-femenino\/","title":{"rendered":"Calle Larga ser\u00e1 sede de la primera fecha del Clausura del Rugby Femenino"},"content":{"rendered":"<figure id=\"attachment_80723\" aria-describedby=\"caption-attachment-80723\" style=\"width: 580px\" class=\"wp-caption alignnone\"><img data-recalc-dims=\"1\" loading=\"lazy\" decoding=\"async\" class=\"size-full wp-image-80723\" src=\"https:\/\/i0.wp.com\/www.eltrabajo.cl\/2017\/wp-content\/uploads\/2017\/08\/halcones-fem.jpg?resize=580%2C348\" alt=\"El quince de Halcones FEM ser\u00e1 anfitri\u00f3n de la primera fecha de la liga femenina de rugby.\" width=\"580\" height=\"348\" srcset=\"https:\/\/i0.wp.com\/eltrabajo.cl\/portal\/wp-content\/uploads\/2017\/08\/halcones-fem.jpg?w=580&amp;ssl=1 580w, https:\/\/i0.wp.com\/eltrabajo.cl\/portal\/wp-content\/uploads\/2017\/08\/halcones-fem.jpg?resize=200%2C120&amp;ssl=1 200w, https:\/\/i0.wp.com\/eltrabajo.cl\/portal\/wp-content\/uploads\/2017\/08\/halcones-fem.jpg?resize=300%2C180&amp;ssl=1 300w, https:\/\/i0.wp.com\/eltrabajo.cl\/portal\/wp-content\/uploads\/2017\/08\/halcones-fem.jpg?resize=250%2C150&amp;ssl=1 250w, https:\/\/i0.wp.com\/eltrabajo.cl\/portal\/wp-content\/uploads\/2017\/08\/halcones-fem.jpg?resize=400%2C240&amp;ssl=1 400w\" sizes=\"auto, (max-width: 580px) 100vw, 580px\" \/><figcaption id=\"caption-attachment-80723\" class=\"wp-caption-text\">El quince de Halcones FEM ser\u00e1 anfitri\u00f3n de la primera fecha de la liga femenina de rugby.<\/figcaption><\/figure>\n<ul>\n<li><span style=\"color: #ff0000;\"><strong>La entrada ser\u00e1 liberada para el evento que es organizado por el club Los Halcones, con el apoyo de la Municipalidad de Calle Larga.<\/strong><\/span><\/li>\n<\/ul>\n<p>Un evento imperdible y que promete convertirse en uno de los m\u00e1s atractivos de este a\u00f1o, es el que este domingo se vivir\u00e1 en la comuna de Calle Larga, que ser\u00e1 sede de la primera fecha de la Liga Femenina de Rugby.<br \/>\nDurante todo el d\u00eda y a partir de las 10 de la ma\u00f1ana, la cancha del estadio Municipal de esa comuna andina sufrir\u00e1 con el incesante traj\u00edn de los mejores equipos de rugby femenino de la zona central del pa\u00eds, en un espect\u00e1culo deportivo que bien valdr\u00e1 la pena ver, porque al atractivo de esta disciplina, se unir\u00e1 la belleza de las deportistas que har\u00e1n su mejor esfuerzo por llevarse el trofeo reservado para el mejor.<br \/>\nEn total ser\u00e1n 10 los equipos que participar\u00e1n en la primera fecha del torneo de Clausura, siendo distribuidos en dos grupos que quedaron conformados de la siguiente manera:<br \/>\nGrupo 1<br \/>\nStade Frances; Old Navy RC; Haruwen; Varc; Halcones FEM.<br \/>\nGrupo 2<br \/>\nChunchas; Amancay; Lobas; Leonas Usach; Coyotes FEM.<\/p>\n","protected":false},"excerpt":{"rendered":"<p>La entrada ser\u00e1 liberada para el evento que es organizado por el club Los Halcones, con el apoyo de la Municipalidad de Calle Larga. Un evento imperdible y que promete convertirse en&#8230;<\/p>\n","protected":false},"author":1,"featured_media":80723,"comment_status":"open","ping_status":"open","sticky":false,"template":"","format":"standard","meta":{"advanced_seo_description":"","jetpack_seo_html_title":"","jetpack_seo_noindex":false,"_jetpack_memberships_contains_paid_content":false,"footnotes":""},"categories":[19],"tags":[],"class_list":["post-80722","post","type-post","status-publish","format-standard","has-post-thumbnail","hentry","category-deportes"],"jetpack_featured_media_url":"https:\/\/i0.wp.com\/eltrabajo.cl\/portal\/wp-content\/uploads\/2017\/08\/halcones-fem.jpg?fit=580%2C348&ssl=1","jetpack_sharing_enabled":true,"jetpack_likes_enabled":true,"jetpack-related-posts":[],"_links":{"self":[{"href":"https:\/\/eltrabajo.cl\/portal\/wp-json\/wp\/v2\/posts\/80722","targetHints":{"allow":["GET"]}}],"collection":[{"href":"https:\/\/eltrabajo.cl\/portal\/wp-json\/wp\/v2\/posts"}],"about":[{"href":"https:\/\/eltrabajo.cl\/portal\/wp-json\/wp\/v2\/types\/post"}],"author":[{"embeddable":true,"href":"https:\/\/eltrabajo.cl\/portal\/wp-json\/wp\/v2\/users\/1"}],"replies":[{"embeddable":true,"href":"https:\/\/eltrabajo.cl\/portal\/wp-json\/wp\/v2\/comments?post=80722"}],"version-history":[{"count":0,"href":"https:\/\/eltrabajo.cl\/portal\/wp-json\/wp\/v2\/posts\/80722\/revisions"}],"wp:featuredmedia":[{"embeddable":true,"href":"https:\/\/eltrabajo.cl\/portal\/wp-json\/wp\/v2\/media\/80723"}],"wp:attachment":[{"href":"https:\/\/eltrabajo.cl\/portal\/wp-json\/wp\/v2\/media?parent=80722"}],"wp:term":[{"taxonomy":"category","embeddable":true,"href":"https:\/\/eltrabajo.cl\/portal\/wp-json\/wp\/v2\/categories?post=80722"},{"taxonomy":"post_tag","embeddable":true,"href":"https:\/\/eltrabajo.cl\/portal\/wp-json\/wp\/v2\/tags?post=80722"}],"curies":[{"name":"wp","href":"https:\/\/api.w.org\/{rel}","templated":true}]}}