{"id":80732,"date":"2017-08-03T06:07:39","date_gmt":"2017-08-03T10:07:39","guid":{"rendered":"http:\/\/www.eltrabajo.cl\/2017\/?p=80732"},"modified":"2017-08-03T06:07:39","modified_gmt":"2017-08-03T10:07:39","slug":"el-porque-san-felipe-es-la-tres-veces-heroica-ciudad","status":"publish","type":"post","link":"https:\/\/eltrabajo.cl\/portal\/el-porque-san-felipe-es-la-tres-veces-heroica-ciudad\/","title":{"rendered":"Especial 277 A\u00f1os: El porqu\u00e9 San Felipe es la \u00abTres Veces Heroica Ciudad\u00bb"},"content":{"rendered":"<p><img data-recalc-dims=\"1\" loading=\"lazy\" decoding=\"async\" class=\"alignnone size-full wp-image-80740\" src=\"https:\/\/i0.wp.com\/www.eltrabajo.cl\/2017\/wp-content\/uploads\/2017\/08\/Vista-de-la-ciudad.jpg?resize=578%2C310\" alt=\"\" width=\"578\" height=\"310\" srcset=\"https:\/\/i0.wp.com\/eltrabajo.cl\/portal\/wp-content\/uploads\/2017\/08\/Vista-de-la-ciudad.jpg?w=578&amp;ssl=1 578w, https:\/\/i0.wp.com\/eltrabajo.cl\/portal\/wp-content\/uploads\/2017\/08\/Vista-de-la-ciudad.jpg?resize=200%2C107&amp;ssl=1 200w, https:\/\/i0.wp.com\/eltrabajo.cl\/portal\/wp-content\/uploads\/2017\/08\/Vista-de-la-ciudad.jpg?resize=300%2C161&amp;ssl=1 300w, https:\/\/i0.wp.com\/eltrabajo.cl\/portal\/wp-content\/uploads\/2017\/08\/Vista-de-la-ciudad.jpg?resize=280%2C150&amp;ssl=1 280w, https:\/\/i0.wp.com\/eltrabajo.cl\/portal\/wp-content\/uploads\/2017\/08\/Vista-de-la-ciudad.jpg?resize=400%2C215&amp;ssl=1 400w\" sizes=\"auto, (max-width: 578px) 100vw, 578px\" \/><\/p>\n<p>Chile en el a\u00f1o 1813 vivi\u00f3 momentos muy dif\u00edciles debido a la permanente amenaza de los ej\u00e9rcitos realistas. Ese a\u00f1o el virrey del Per\u00fa, general capit\u00e1n Abascal, envi\u00f3 a Chile un poderoso ej\u00e9rcito realista para sofocar los gritos de libertad e independencia de los criollos. En Los Andes se inici\u00f3 una sublevaci\u00f3n realista al mando del caudillo Jos\u00e9 Antonio Eseiza, fueron apresados los vecinos andinos m\u00e1s caracterizados y las tropas comandadas por el general se adue\u00f1aron de la ciudad. No conformes con esta acci\u00f3n guerrera, los realistas iniciaron una marcha para tambi\u00e9n tomarse la ciudad de San Felipe.<br \/>\nLa noticia se supo muy pronto en nuestra ciudad, y el coronel Jos\u00e9 Mar\u00eda Portus, comandante del Ej\u00e9rcito de Aconcagua, reuni\u00f3 apresuradamente al contingente a su mando, reclutando adem\u00e1s a muchos j\u00f3venes vecinos, logrando reunir un ej\u00e9rcito cercano a los 1000 hombres. Con este pu\u00f1ado de valerosos sanfelipe\u00f1os, el comandante Portus hizo frente a los realistas consiguiendo una resonante victoria. La Junta Nacional de Gobierno de Chile, ese mismo a\u00f1o, envi\u00f3 una nota al Gobernador y Cabildo de San Felipe, en la que declaraba que la ciudad se hab\u00eda hecho m\u00e9rito al reconocimiento de todos los chilenos, por haber detenido y derrotado la conspiraci\u00f3n realista de Eseiza. En tal sentido, los Generales Jos\u00e9 de San Mart\u00edn y Bernardo O\u2019Higgins le dieron a la ciudad el t\u00edtulo de \u00abCiudad Heroica\u00bb.<br \/>\nDespu\u00e9s del desastre de Rancagua en 1814, empez\u00f3 a reinar en todo el pa\u00eds un gran pesimismo entre sus habitantes, por cuanto la mayor\u00eda de sus jefes y cabecillas patriotas, tuvieron que huir, atravesando la Cordillera de Los Andes para refugiarse en Mendoza. Este pesimismo de la causa patriota, se fue acentuando m\u00e1s y m\u00e1s en el coraz\u00f3n de los criollos. Afortunadamente esto no ocurri\u00f3 entre los habitantes de San Felipe, quienes se mantuvieron firmes por seguir luchando por la libertad y emancipaci\u00f3n de Chile del yugo de Espa\u00f1a. Gran n\u00famero de j\u00f3venes sanfelipe\u00f1os, cruzaron la cordillera para enrolarse en el Ej\u00e9rcito Libertador de los generales Jos\u00e9 de San Mart\u00edn y de Bernardo O\u2019Higgins que se preparaban en Mendoza para luchar por la independencia de Chile. Muchos de ellos se ganaron la confianza y el cr\u00e9dito de los dos generales, pasando a ser los gu\u00edas y consejeros entre ambos pa\u00edses para conocer en el terreno los movimientos del ej\u00e9rcito realista en Chile.<br \/>\nAl consolidarse la independencia en 1818, donde despu\u00e9s de las batallas de Chacabuco y Maip\u00fa, fue tanto el entusiasmo de sus habitantes que la Junta de Gobierno ampli\u00f3 su titulo al de \u201cSiempre Heroica Ciudad de San Felipe de Aconcagua\u201d, publicado en la Gaceta (Gazeta) Ministerial de Chile (equivalente al Diario Oficial de la \u00e9poca) N\u00ba 85 correspondiente al s\u00e1bado 16 de enero de 1819. Ello en reconocimiento a la activa y valiente participaci\u00f3n de sus hijos en las acciones guerreras por la definitiva independencia de nuestro pa\u00eds.<\/p>\n<p><span style=\"color: #ff0000;\"><strong>EL ERROR<\/strong><\/span><br \/>\nEl historiador Benjam\u00edn Vicu\u00f1a Mackenna, al relatar los acontecimientos ocurridos en 1859 cuando estall\u00f3 la revoluci\u00f3n contra el gobierno del presidente Manuel Montt, donde los focos centrales estuvieron en Copiap\u00f3, La Serena y San Felipe, describe una vez m\u00e1s la valent\u00eda de los hijos de esta bendita tierra sanfelipe\u00f1a. En esta guerra civil los revolucionarios sanfelipe\u00f1os resistieron valerosamente hasta el final las tropas gobiernistas comandadas por Trist\u00e1n Vald\u00e9s. Los valerosos j\u00f3venes sanfelipe\u00f1os se apostaron en las cuatro esquinas de la plaza de armas y fueron cayendo uno a uno sin dar tregua a las tropas adictas al presidente Montt. Seg\u00fan datos recogidos por el historiador Vicu\u00f1a Mackenna, en nuestra plaza despu\u00e9s de la refriega, se levantaron cerca de 500 cad\u00e1veres que cayeron en defensa de sus ideales libertarios, entregando sus j\u00f3venes vidas por su causa. Tambi\u00e9n otros 200 heridos graves fueron trasladados al hospital local.<br \/>\nTodos reconocieron posteriormente que este mot\u00edn revolucionario, fue un cap\u00edtulo heroico protagonizado por los sanfelipe\u00f1os revolucionarios, y que motiv\u00f3 al historiador a estampar en sus cr\u00f3nicas bautiz\u00e1ndola: \u00abSan Felipe Tres Veces Heroica Ciudad\u00bb. Este hecho ha quedado consignado en los anales hist\u00f3ricos de la capital de Aconcagua y tambi\u00e9n en su himno oficial.<\/p>\n<p><img data-recalc-dims=\"1\" loading=\"lazy\" decoding=\"async\" class=\"alignnone size-full wp-image-80733\" src=\"https:\/\/i0.wp.com\/www.eltrabajo.cl\/2017\/wp-content\/uploads\/2017\/08\/SF-Alameda-Chacabuco.jpg?resize=580%2C350\" alt=\"\" width=\"580\" height=\"350\" srcset=\"https:\/\/i0.wp.com\/eltrabajo.cl\/portal\/wp-content\/uploads\/2017\/08\/SF-Alameda-Chacabuco.jpg?w=580&amp;ssl=1 580w, https:\/\/i0.wp.com\/eltrabajo.cl\/portal\/wp-content\/uploads\/2017\/08\/SF-Alameda-Chacabuco.jpg?resize=200%2C121&amp;ssl=1 200w, https:\/\/i0.wp.com\/eltrabajo.cl\/portal\/wp-content\/uploads\/2017\/08\/SF-Alameda-Chacabuco.jpg?resize=300%2C181&amp;ssl=1 300w, https:\/\/i0.wp.com\/eltrabajo.cl\/portal\/wp-content\/uploads\/2017\/08\/SF-Alameda-Chacabuco.jpg?resize=249%2C150&amp;ssl=1 249w, https:\/\/i0.wp.com\/eltrabajo.cl\/portal\/wp-content\/uploads\/2017\/08\/SF-Alameda-Chacabuco.jpg?resize=400%2C241&amp;ssl=1 400w\" sizes=\"auto, (max-width: 580px) 100vw, 580px\" \/> <img data-recalc-dims=\"1\" loading=\"lazy\" decoding=\"async\" class=\"alignnone size-full wp-image-80734\" src=\"https:\/\/i0.wp.com\/www.eltrabajo.cl\/2017\/wp-content\/uploads\/2017\/08\/SF-Calle-Salinas.jpg?resize=580%2C350\" alt=\"\" width=\"580\" height=\"350\" srcset=\"https:\/\/i0.wp.com\/eltrabajo.cl\/portal\/wp-content\/uploads\/2017\/08\/SF-Calle-Salinas.jpg?w=580&amp;ssl=1 580w, https:\/\/i0.wp.com\/eltrabajo.cl\/portal\/wp-content\/uploads\/2017\/08\/SF-Calle-Salinas.jpg?resize=200%2C121&amp;ssl=1 200w, https:\/\/i0.wp.com\/eltrabajo.cl\/portal\/wp-content\/uploads\/2017\/08\/SF-Calle-Salinas.jpg?resize=300%2C181&amp;ssl=1 300w, https:\/\/i0.wp.com\/eltrabajo.cl\/portal\/wp-content\/uploads\/2017\/08\/SF-Calle-Salinas.jpg?resize=249%2C150&amp;ssl=1 249w, https:\/\/i0.wp.com\/eltrabajo.cl\/portal\/wp-content\/uploads\/2017\/08\/SF-Calle-Salinas.jpg?resize=400%2C241&amp;ssl=1 400w\" sizes=\"auto, (max-width: 580px) 100vw, 580px\" \/> <img data-recalc-dims=\"1\" loading=\"lazy\" decoding=\"async\" class=\"alignnone size-full wp-image-80735\" src=\"https:\/\/i0.wp.com\/www.eltrabajo.cl\/2017\/wp-content\/uploads\/2017\/08\/SF-Desfile-de-Bomberos-de-San-Felipe.jpg?resize=580%2C350\" alt=\"\" width=\"580\" height=\"350\" srcset=\"https:\/\/i0.wp.com\/eltrabajo.cl\/portal\/wp-content\/uploads\/2017\/08\/SF-Desfile-de-Bomberos-de-San-Felipe.jpg?w=580&amp;ssl=1 580w, https:\/\/i0.wp.com\/eltrabajo.cl\/portal\/wp-content\/uploads\/2017\/08\/SF-Desfile-de-Bomberos-de-San-Felipe.jpg?resize=200%2C121&amp;ssl=1 200w, https:\/\/i0.wp.com\/eltrabajo.cl\/portal\/wp-content\/uploads\/2017\/08\/SF-Desfile-de-Bomberos-de-San-Felipe.jpg?resize=300%2C181&amp;ssl=1 300w, https:\/\/i0.wp.com\/eltrabajo.cl\/portal\/wp-content\/uploads\/2017\/08\/SF-Desfile-de-Bomberos-de-San-Felipe.jpg?resize=249%2C150&amp;ssl=1 249w, https:\/\/i0.wp.com\/eltrabajo.cl\/portal\/wp-content\/uploads\/2017\/08\/SF-Desfile-de-Bomberos-de-San-Felipe.jpg?resize=400%2C241&amp;ssl=1 400w\" sizes=\"auto, (max-width: 580px) 100vw, 580px\" \/> <img data-recalc-dims=\"1\" loading=\"lazy\" decoding=\"async\" class=\"alignnone size-full wp-image-80736\" src=\"https:\/\/i0.wp.com\/www.eltrabajo.cl\/2017\/wp-content\/uploads\/2017\/08\/SF-Estaci%C3%B3n-de-FFCC-de-San-Felipe.jpg?resize=580%2C349\" alt=\"\" width=\"580\" height=\"349\" srcset=\"https:\/\/i0.wp.com\/eltrabajo.cl\/portal\/wp-content\/uploads\/2017\/08\/SF-Estaci%C3%B3n-de-FFCC-de-San-Felipe.jpg?w=580&amp;ssl=1 580w, https:\/\/i0.wp.com\/eltrabajo.cl\/portal\/wp-content\/uploads\/2017\/08\/SF-Estaci%C3%B3n-de-FFCC-de-San-Felipe.jpg?resize=200%2C120&amp;ssl=1 200w, https:\/\/i0.wp.com\/eltrabajo.cl\/portal\/wp-content\/uploads\/2017\/08\/SF-Estaci%C3%B3n-de-FFCC-de-San-Felipe.jpg?resize=300%2C181&amp;ssl=1 300w, https:\/\/i0.wp.com\/eltrabajo.cl\/portal\/wp-content\/uploads\/2017\/08\/SF-Estaci%C3%B3n-de-FFCC-de-San-Felipe.jpg?resize=249%2C150&amp;ssl=1 249w, https:\/\/i0.wp.com\/eltrabajo.cl\/portal\/wp-content\/uploads\/2017\/08\/SF-Estaci%C3%B3n-de-FFCC-de-San-Felipe.jpg?resize=400%2C241&amp;ssl=1 400w\" sizes=\"auto, (max-width: 580px) 100vw, 580px\" \/> <img data-recalc-dims=\"1\" loading=\"lazy\" decoding=\"async\" class=\"alignnone size-full wp-image-80737\" src=\"https:\/\/i0.wp.com\/www.eltrabajo.cl\/2017\/wp-content\/uploads\/2017\/08\/SF-Estaci%C3%B3n-del-Ferrocarril-Urbano-de-San-Felipe-en-1889.jpg?resize=580%2C349\" alt=\"\" width=\"580\" height=\"349\" srcset=\"https:\/\/i0.wp.com\/eltrabajo.cl\/portal\/wp-content\/uploads\/2017\/08\/SF-Estaci%C3%B3n-del-Ferrocarril-Urbano-de-San-Felipe-en-1889.jpg?w=580&amp;ssl=1 580w, https:\/\/i0.wp.com\/eltrabajo.cl\/portal\/wp-content\/uploads\/2017\/08\/SF-Estaci%C3%B3n-del-Ferrocarril-Urbano-de-San-Felipe-en-1889.jpg?resize=200%2C120&amp;ssl=1 200w, https:\/\/i0.wp.com\/eltrabajo.cl\/portal\/wp-content\/uploads\/2017\/08\/SF-Estaci%C3%B3n-del-Ferrocarril-Urbano-de-San-Felipe-en-1889.jpg?resize=300%2C181&amp;ssl=1 300w, https:\/\/i0.wp.com\/eltrabajo.cl\/portal\/wp-content\/uploads\/2017\/08\/SF-Estaci%C3%B3n-del-Ferrocarril-Urbano-de-San-Felipe-en-1889.jpg?resize=249%2C150&amp;ssl=1 249w, https:\/\/i0.wp.com\/eltrabajo.cl\/portal\/wp-content\/uploads\/2017\/08\/SF-Estaci%C3%B3n-del-Ferrocarril-Urbano-de-San-Felipe-en-1889.jpg?resize=400%2C241&amp;ssl=1 400w\" sizes=\"auto, (max-width: 580px) 100vw, 580px\" \/> <img data-recalc-dims=\"1\" loading=\"lazy\" decoding=\"async\" class=\"alignnone size-full wp-image-80738\" src=\"https:\/\/i0.wp.com\/www.eltrabajo.cl\/2017\/wp-content\/uploads\/2017\/08\/SF-Estaci%C3%B3nn-de-Ferrocarriles-de-San-Felipe.jpg?resize=580%2C350\" alt=\"\" width=\"580\" height=\"350\" srcset=\"https:\/\/i0.wp.com\/eltrabajo.cl\/portal\/wp-content\/uploads\/2017\/08\/SF-Estaci%C3%B3nn-de-Ferrocarriles-de-San-Felipe.jpg?w=580&amp;ssl=1 580w, https:\/\/i0.wp.com\/eltrabajo.cl\/portal\/wp-content\/uploads\/2017\/08\/SF-Estaci%C3%B3nn-de-Ferrocarriles-de-San-Felipe.jpg?resize=200%2C121&amp;ssl=1 200w, https:\/\/i0.wp.com\/eltrabajo.cl\/portal\/wp-content\/uploads\/2017\/08\/SF-Estaci%C3%B3nn-de-Ferrocarriles-de-San-Felipe.jpg?resize=300%2C181&amp;ssl=1 300w, https:\/\/i0.wp.com\/eltrabajo.cl\/portal\/wp-content\/uploads\/2017\/08\/SF-Estaci%C3%B3nn-de-Ferrocarriles-de-San-Felipe.jpg?resize=249%2C150&amp;ssl=1 249w, https:\/\/i0.wp.com\/eltrabajo.cl\/portal\/wp-content\/uploads\/2017\/08\/SF-Estaci%C3%B3nn-de-Ferrocarriles-de-San-Felipe.jpg?resize=400%2C241&amp;ssl=1 400w\" sizes=\"auto, (max-width: 580px) 100vw, 580px\" \/> <img data-recalc-dims=\"1\" loading=\"lazy\" decoding=\"async\" class=\"alignnone size-full wp-image-80739\" src=\"https:\/\/i0.wp.com\/www.eltrabajo.cl\/2017\/wp-content\/uploads\/2017\/08\/SF-Puente-sobre-el-R%C3%ADo-Aconcagua.jpg?resize=578%2C267\" alt=\"\" width=\"578\" height=\"267\" srcset=\"https:\/\/i0.wp.com\/eltrabajo.cl\/portal\/wp-content\/uploads\/2017\/08\/SF-Puente-sobre-el-R%C3%ADo-Aconcagua.jpg?w=578&amp;ssl=1 578w, https:\/\/i0.wp.com\/eltrabajo.cl\/portal\/wp-content\/uploads\/2017\/08\/SF-Puente-sobre-el-R%C3%ADo-Aconcagua.jpg?resize=200%2C92&amp;ssl=1 200w, https:\/\/i0.wp.com\/eltrabajo.cl\/portal\/wp-content\/uploads\/2017\/08\/SF-Puente-sobre-el-R%C3%ADo-Aconcagua.jpg?resize=300%2C139&amp;ssl=1 300w, https:\/\/i0.wp.com\/eltrabajo.cl\/portal\/wp-content\/uploads\/2017\/08\/SF-Puente-sobre-el-R%C3%ADo-Aconcagua.jpg?resize=400%2C185&amp;ssl=1 400w\" sizes=\"auto, (max-width: 578px) 100vw, 578px\" \/><\/p>\n","protected":false},"excerpt":{"rendered":"<p>Chile en el a\u00f1o 1813 vivi\u00f3 momentos muy dif\u00edciles debido a la permanente amenaza de los ej\u00e9rcitos realistas. Ese a\u00f1o el virrey del Per\u00fa, general capit\u00e1n Abascal, envi\u00f3 a Chile un poderoso&#8230;<\/p>\n","protected":false},"author":1,"featured_media":80738,"comment_status":"open","ping_status":"open","sticky":false,"template":"","format":"standard","meta":{"advanced_seo_description":"","jetpack_seo_html_title":"","jetpack_seo_noindex":false,"_jetpack_memberships_contains_paid_content":false,"footnotes":""},"categories":[15],"tags":[],"class_list":["post-80732","post","type-post","status-publish","format-standard","has-post-thumbnail","hentry","category-comunidad"],"jetpack_featured_media_url":"https:\/\/i0.wp.com\/eltrabajo.cl\/portal\/wp-content\/uploads\/2017\/08\/SF-Estaci%C3%B3nn-de-Ferrocarriles-de-San-Felipe.jpg?fit=580%2C350&ssl=1","jetpack_sharing_enabled":true,"jetpack_likes_enabled":true,"jetpack-related-posts":[],"_links":{"self":[{"href":"https:\/\/eltrabajo.cl\/portal\/wp-json\/wp\/v2\/posts\/80732","targetHints":{"allow":["GET"]}}],"collection":[{"href":"https:\/\/eltrabajo.cl\/portal\/wp-json\/wp\/v2\/posts"}],"about":[{"href":"https:\/\/eltrabajo.cl\/portal\/wp-json\/wp\/v2\/types\/post"}],"author":[{"embeddable":true,"href":"https:\/\/eltrabajo.cl\/portal\/wp-json\/wp\/v2\/users\/1"}],"replies":[{"embeddable":true,"href":"https:\/\/eltrabajo.cl\/portal\/wp-json\/wp\/v2\/comments?post=80732"}],"version-history":[{"count":0,"href":"https:\/\/eltrabajo.cl\/portal\/wp-json\/wp\/v2\/posts\/80732\/revisions"}],"wp:featuredmedia":[{"embeddable":true,"href":"https:\/\/eltrabajo.cl\/portal\/wp-json\/wp\/v2\/media\/80738"}],"wp:attachment":[{"href":"https:\/\/eltrabajo.cl\/portal\/wp-json\/wp\/v2\/media?parent=80732"}],"wp:term":[{"taxonomy":"category","embeddable":true,"href":"https:\/\/eltrabajo.cl\/portal\/wp-json\/wp\/v2\/categories?post=80732"},{"taxonomy":"post_tag","embeddable":true,"href":"https:\/\/eltrabajo.cl\/portal\/wp-json\/wp\/v2\/tags?post=80732"}],"curies":[{"name":"wp","href":"https:\/\/api.w.org\/{rel}","templated":true}]}}