{"id":80759,"date":"2017-08-04T06:04:42","date_gmt":"2017-08-04T10:04:42","guid":{"rendered":"http:\/\/www.eltrabajo.cl\/2017\/?p=80759"},"modified":"2017-08-04T06:04:42","modified_gmt":"2017-08-04T10:04:42","slug":"con-tradicional-desfile-fue-celebrado-ayer-el-277o-aniversario-de-san-felipe","status":"publish","type":"post","link":"https:\/\/eltrabajo.cl\/portal\/con-tradicional-desfile-fue-celebrado-ayer-el-277o-aniversario-de-san-felipe\/","title":{"rendered":"Con tradicional desfile fue celebrado ayer el 277\u00ba aniversario de San Felipe"},"content":{"rendered":"<figure id=\"attachment_80765\" aria-describedby=\"caption-attachment-80765\" style=\"width: 580px\" class=\"wp-caption alignnone\"><img data-recalc-dims=\"1\" loading=\"lazy\" decoding=\"async\" class=\"size-full wp-image-80765\" src=\"https:\/\/i0.wp.com\/www.eltrabajo.cl\/2017\/wp-content\/uploads\/2017\/08\/Aniversario5.jpg?resize=580%2C348\" alt=\"SIEMPRE LUCHANDO.- Las personas llegaron hasta en silla de ruedas para formar parte de la gran caravana comunitaria.\" width=\"580\" height=\"348\" srcset=\"https:\/\/i0.wp.com\/eltrabajo.cl\/portal\/wp-content\/uploads\/2017\/08\/Aniversario5.jpg?w=580&amp;ssl=1 580w, https:\/\/i0.wp.com\/eltrabajo.cl\/portal\/wp-content\/uploads\/2017\/08\/Aniversario5.jpg?resize=200%2C120&amp;ssl=1 200w, https:\/\/i0.wp.com\/eltrabajo.cl\/portal\/wp-content\/uploads\/2017\/08\/Aniversario5.jpg?resize=300%2C180&amp;ssl=1 300w, https:\/\/i0.wp.com\/eltrabajo.cl\/portal\/wp-content\/uploads\/2017\/08\/Aniversario5.jpg?resize=250%2C150&amp;ssl=1 250w, https:\/\/i0.wp.com\/eltrabajo.cl\/portal\/wp-content\/uploads\/2017\/08\/Aniversario5.jpg?resize=400%2C240&amp;ssl=1 400w\" sizes=\"auto, (max-width: 580px) 100vw, 580px\" \/><figcaption id=\"caption-attachment-80765\" class=\"wp-caption-text\">SIEMPRE LUCHANDO.- Las personas llegaron hasta en silla de ruedas para formar parte de la gran caravana comunitaria.<\/figcaption><\/figure>\n<p>Iniciando la ma\u00f1ana con el tradicional Te Deum oficiado por el Vicario general de la Di\u00f3cesis de Aconcagua, Pbro. Roberto Gilbo, y siguiendo con uno de los desfiles c\u00edvico-militares m\u00e1s numeroso de los \u00faltimos a\u00f1os en nuestra comuna, as\u00ed fue que el 277\u00ba aniversario de San Felipe fue celebrado ayer por las autoridades y Fuerzas Vivas de nuestra provincia.<br \/>\nEstamos hablando de una tradicional alta convocatoria a la que acudieron autoridades municipales, de Gobernaci\u00f3n, pol\u00edticas, educativas, militares, policiales y comunitario, as\u00ed como miles de estudiantes de todos los centros educativos de nuestra comuna.<br \/>\nAyer en estas p\u00e1ginas centrales de Diario El Trabajo, ofrecimos a nuestros lectores un reportaje especial sobre nuestra \u2018Tres veces Heroica Ciudad\u2019, hoy en cambio queremos compartir un reporte gr\u00e1fico en el que es la Fotograf\u00eda y los sanfelipe\u00f1os mismos los que escriben nuestras p\u00e1ginas con sonrisas, banderitas y estandartes de sus escuelas.<br \/>\n<strong>Roberto Gonz\u00e1lez Short<\/strong><\/p>\n<figure id=\"attachment_80760\" aria-describedby=\"caption-attachment-80760\" style=\"width: 580px\" class=\"wp-caption alignnone\"><img data-recalc-dims=\"1\" loading=\"lazy\" decoding=\"async\" class=\"size-full wp-image-80760\" src=\"https:\/\/i0.wp.com\/www.eltrabajo.cl\/2017\/wp-content\/uploads\/2017\/08\/Aniversario_Roberto-Gildo.jpg?resize=580%2C349\" alt=\"Vicario general de la Di\u00f3cesis de Aconcagua, Pbro. Roberto Gilbo.\" width=\"580\" height=\"349\" srcset=\"https:\/\/i0.wp.com\/eltrabajo.cl\/portal\/wp-content\/uploads\/2017\/08\/Aniversario_Roberto-Gildo.jpg?w=580&amp;ssl=1 580w, https:\/\/i0.wp.com\/eltrabajo.cl\/portal\/wp-content\/uploads\/2017\/08\/Aniversario_Roberto-Gildo.jpg?resize=200%2C120&amp;ssl=1 200w, https:\/\/i0.wp.com\/eltrabajo.cl\/portal\/wp-content\/uploads\/2017\/08\/Aniversario_Roberto-Gildo.jpg?resize=300%2C181&amp;ssl=1 300w, https:\/\/i0.wp.com\/eltrabajo.cl\/portal\/wp-content\/uploads\/2017\/08\/Aniversario_Roberto-Gildo.jpg?resize=249%2C150&amp;ssl=1 249w, https:\/\/i0.wp.com\/eltrabajo.cl\/portal\/wp-content\/uploads\/2017\/08\/Aniversario_Roberto-Gildo.jpg?resize=400%2C241&amp;ssl=1 400w\" sizes=\"auto, (max-width: 580px) 100vw, 580px\" \/><figcaption id=\"caption-attachment-80760\" class=\"wp-caption-text\">Vicario general de la Di\u00f3cesis de Aconcagua, Pbro. Roberto Gilbo.<\/figcaption><\/figure>\n<figure id=\"attachment_80761\" aria-describedby=\"caption-attachment-80761\" style=\"width: 580px\" class=\"wp-caption alignnone\"><img data-recalc-dims=\"1\" loading=\"lazy\" decoding=\"async\" class=\"size-full wp-image-80761\" src=\"https:\/\/i0.wp.com\/www.eltrabajo.cl\/2017\/wp-content\/uploads\/2017\/08\/Aniversario1.jpg?resize=580%2C348\" alt=\"FELIZ CUMPLEA\u00d1OS.- Aqu\u00ed tenemos a los estudiantes de la Escuela JFK, ondeando sus banderitas en este 277\u00ba aniversario de nuestra comuna.\" width=\"580\" height=\"348\" srcset=\"https:\/\/i0.wp.com\/eltrabajo.cl\/portal\/wp-content\/uploads\/2017\/08\/Aniversario1.jpg?w=580&amp;ssl=1 580w, https:\/\/i0.wp.com\/eltrabajo.cl\/portal\/wp-content\/uploads\/2017\/08\/Aniversario1.jpg?resize=200%2C120&amp;ssl=1 200w, https:\/\/i0.wp.com\/eltrabajo.cl\/portal\/wp-content\/uploads\/2017\/08\/Aniversario1.jpg?resize=300%2C180&amp;ssl=1 300w, https:\/\/i0.wp.com\/eltrabajo.cl\/portal\/wp-content\/uploads\/2017\/08\/Aniversario1.jpg?resize=250%2C150&amp;ssl=1 250w, https:\/\/i0.wp.com\/eltrabajo.cl\/portal\/wp-content\/uploads\/2017\/08\/Aniversario1.jpg?resize=400%2C240&amp;ssl=1 400w\" sizes=\"auto, (max-width: 580px) 100vw, 580px\" \/><figcaption id=\"caption-attachment-80761\" class=\"wp-caption-text\">FELIZ CUMPLEA\u00d1OS.- Aqu\u00ed tenemos a los estudiantes de la Escuela JFK, ondeando sus banderitas en este 277\u00ba aniversario de nuestra comuna.<\/figcaption><\/figure>\n<figure id=\"attachment_80762\" aria-describedby=\"caption-attachment-80762\" style=\"width: 580px\" class=\"wp-caption alignnone\"><img data-recalc-dims=\"1\" loading=\"lazy\" decoding=\"async\" class=\"size-full wp-image-80762\" src=\"https:\/\/i0.wp.com\/www.eltrabajo.cl\/2017\/wp-content\/uploads\/2017\/08\/Aniversario2.jpg?resize=580%2C349\" alt=\"IMPARABLES.- No hubo limitaciones que impidieran a estos sanfelipe\u00f1os el acudir al desfile y ser parte de este gran momento.\" width=\"580\" height=\"349\" srcset=\"https:\/\/i0.wp.com\/eltrabajo.cl\/portal\/wp-content\/uploads\/2017\/08\/Aniversario2.jpg?w=580&amp;ssl=1 580w, https:\/\/i0.wp.com\/eltrabajo.cl\/portal\/wp-content\/uploads\/2017\/08\/Aniversario2.jpg?resize=200%2C120&amp;ssl=1 200w, https:\/\/i0.wp.com\/eltrabajo.cl\/portal\/wp-content\/uploads\/2017\/08\/Aniversario2.jpg?resize=300%2C181&amp;ssl=1 300w, https:\/\/i0.wp.com\/eltrabajo.cl\/portal\/wp-content\/uploads\/2017\/08\/Aniversario2.jpg?resize=249%2C150&amp;ssl=1 249w, https:\/\/i0.wp.com\/eltrabajo.cl\/portal\/wp-content\/uploads\/2017\/08\/Aniversario2.jpg?resize=400%2C241&amp;ssl=1 400w\" sizes=\"auto, (max-width: 580px) 100vw, 580px\" \/><figcaption id=\"caption-attachment-80762\" class=\"wp-caption-text\">IMPARABLES.- No hubo limitaciones que impidieran a estos sanfelipe\u00f1os el acudir al desfile y ser parte de este gran momento.<\/figcaption><\/figure>\n<figure id=\"attachment_80763\" aria-describedby=\"caption-attachment-80763\" style=\"width: 580px\" class=\"wp-caption alignnone\"><img data-recalc-dims=\"1\" loading=\"lazy\" decoding=\"async\" class=\"size-full wp-image-80763\" src=\"https:\/\/i0.wp.com\/www.eltrabajo.cl\/2017\/wp-content\/uploads\/2017\/08\/Aniversario3.jpg?resize=580%2C350\" alt=\"SIEMPRE DE LILA.- Las Damas de Lila no pod\u00edan faltar en este desfile de aniversario, mujeres ejemplares que en nuestra comuna siempre est\u00e1n al servicio de los dem\u00e1s.\" width=\"580\" height=\"350\" srcset=\"https:\/\/i0.wp.com\/eltrabajo.cl\/portal\/wp-content\/uploads\/2017\/08\/Aniversario3.jpg?w=580&amp;ssl=1 580w, https:\/\/i0.wp.com\/eltrabajo.cl\/portal\/wp-content\/uploads\/2017\/08\/Aniversario3.jpg?resize=200%2C121&amp;ssl=1 200w, https:\/\/i0.wp.com\/eltrabajo.cl\/portal\/wp-content\/uploads\/2017\/08\/Aniversario3.jpg?resize=300%2C181&amp;ssl=1 300w, https:\/\/i0.wp.com\/eltrabajo.cl\/portal\/wp-content\/uploads\/2017\/08\/Aniversario3.jpg?resize=249%2C150&amp;ssl=1 249w, https:\/\/i0.wp.com\/eltrabajo.cl\/portal\/wp-content\/uploads\/2017\/08\/Aniversario3.jpg?resize=400%2C241&amp;ssl=1 400w\" sizes=\"auto, (max-width: 580px) 100vw, 580px\" \/><figcaption id=\"caption-attachment-80763\" class=\"wp-caption-text\">SIEMPRE DE LILA.- Las Damas de Lila no pod\u00edan faltar en este desfile de aniversario, mujeres ejemplares que en nuestra comuna siempre est\u00e1n al servicio de los dem\u00e1s.<\/figcaption><\/figure>\n<figure id=\"attachment_80764\" aria-describedby=\"caption-attachment-80764\" style=\"width: 580px\" class=\"wp-caption alignnone\"><img data-recalc-dims=\"1\" loading=\"lazy\" decoding=\"async\" class=\"size-full wp-image-80764\" src=\"https:\/\/i0.wp.com\/www.eltrabajo.cl\/2017\/wp-content\/uploads\/2017\/08\/Aniversario4.jpg?resize=580%2C349\" alt=\"VECINOS AMIGABLES.- Ayec\u00e1n fue otra de las organizaciones comunitarias que dijeron Presente ayer jueves en el centro de nuestra ciudad.\" width=\"580\" height=\"349\" srcset=\"https:\/\/i0.wp.com\/eltrabajo.cl\/portal\/wp-content\/uploads\/2017\/08\/Aniversario4.jpg?w=580&amp;ssl=1 580w, https:\/\/i0.wp.com\/eltrabajo.cl\/portal\/wp-content\/uploads\/2017\/08\/Aniversario4.jpg?resize=200%2C120&amp;ssl=1 200w, https:\/\/i0.wp.com\/eltrabajo.cl\/portal\/wp-content\/uploads\/2017\/08\/Aniversario4.jpg?resize=300%2C181&amp;ssl=1 300w, https:\/\/i0.wp.com\/eltrabajo.cl\/portal\/wp-content\/uploads\/2017\/08\/Aniversario4.jpg?resize=249%2C150&amp;ssl=1 249w, https:\/\/i0.wp.com\/eltrabajo.cl\/portal\/wp-content\/uploads\/2017\/08\/Aniversario4.jpg?resize=400%2C241&amp;ssl=1 400w\" sizes=\"auto, (max-width: 580px) 100vw, 580px\" \/><figcaption id=\"caption-attachment-80764\" class=\"wp-caption-text\">VECINOS AMIGABLES.- Ayec\u00e1n fue otra de las organizaciones comunitarias que dijeron Presente ayer jueves en el centro de nuestra ciudad.<\/figcaption><\/figure>\n<figure id=\"attachment_80766\" aria-describedby=\"caption-attachment-80766\" style=\"width: 580px\" class=\"wp-caption alignnone\"><img data-recalc-dims=\"1\" loading=\"lazy\" decoding=\"async\" class=\"size-full wp-image-80766\" src=\"https:\/\/i0.wp.com\/www.eltrabajo.cl\/2017\/wp-content\/uploads\/2017\/08\/Aniversario6.jpg?resize=580%2C348\" alt=\"DESDE EL SE\u00d1ORIAL.- El Jard\u00edn Infantil Aringa Poki, de San Felipe, present\u00f3 a sus estudiantes durante el desfile.\" width=\"580\" height=\"348\" srcset=\"https:\/\/i0.wp.com\/eltrabajo.cl\/portal\/wp-content\/uploads\/2017\/08\/Aniversario6.jpg?w=580&amp;ssl=1 580w, https:\/\/i0.wp.com\/eltrabajo.cl\/portal\/wp-content\/uploads\/2017\/08\/Aniversario6.jpg?resize=200%2C120&amp;ssl=1 200w, https:\/\/i0.wp.com\/eltrabajo.cl\/portal\/wp-content\/uploads\/2017\/08\/Aniversario6.jpg?resize=300%2C180&amp;ssl=1 300w, https:\/\/i0.wp.com\/eltrabajo.cl\/portal\/wp-content\/uploads\/2017\/08\/Aniversario6.jpg?resize=250%2C150&amp;ssl=1 250w, https:\/\/i0.wp.com\/eltrabajo.cl\/portal\/wp-content\/uploads\/2017\/08\/Aniversario6.jpg?resize=400%2C240&amp;ssl=1 400w\" sizes=\"auto, (max-width: 580px) 100vw, 580px\" \/><figcaption id=\"caption-attachment-80766\" class=\"wp-caption-text\">DESDE EL SE\u00d1ORIAL.- El Jard\u00edn Infantil Aringa Poki, de San Felipe, present\u00f3 a sus estudiantes durante el desfile.<\/figcaption><\/figure>\n<figure id=\"attachment_80767\" aria-describedby=\"caption-attachment-80767\" style=\"width: 580px\" class=\"wp-caption alignnone\"><img data-recalc-dims=\"1\" loading=\"lazy\" decoding=\"async\" class=\"size-full wp-image-80767\" src=\"https:\/\/i0.wp.com\/www.eltrabajo.cl\/2017\/wp-content\/uploads\/2017\/08\/Aniversario7.jpg?resize=580%2C348\" alt=\"EL REGAL\u00d3N DEL JARD\u00cdN.- La Escuela Especial de Lenguaje Magrace, de San Felipe, brill\u00f3 a\u00fan m\u00e1s con su regal\u00f3n abanderado Joaqu\u00edn Vega.\" width=\"580\" height=\"348\" srcset=\"https:\/\/i0.wp.com\/eltrabajo.cl\/portal\/wp-content\/uploads\/2017\/08\/Aniversario7.jpg?w=580&amp;ssl=1 580w, https:\/\/i0.wp.com\/eltrabajo.cl\/portal\/wp-content\/uploads\/2017\/08\/Aniversario7.jpg?resize=200%2C120&amp;ssl=1 200w, https:\/\/i0.wp.com\/eltrabajo.cl\/portal\/wp-content\/uploads\/2017\/08\/Aniversario7.jpg?resize=300%2C180&amp;ssl=1 300w, https:\/\/i0.wp.com\/eltrabajo.cl\/portal\/wp-content\/uploads\/2017\/08\/Aniversario7.jpg?resize=250%2C150&amp;ssl=1 250w, https:\/\/i0.wp.com\/eltrabajo.cl\/portal\/wp-content\/uploads\/2017\/08\/Aniversario7.jpg?resize=400%2C240&amp;ssl=1 400w\" sizes=\"auto, (max-width: 580px) 100vw, 580px\" \/><figcaption id=\"caption-attachment-80767\" class=\"wp-caption-text\">EL REGAL\u00d3N DEL JARD\u00cdN.- La Escuela Especial de Lenguaje Magrace, de San Felipe, brill\u00f3 a\u00fan m\u00e1s con su regal\u00f3n abanderado Joaqu\u00edn Vega.<\/figcaption><\/figure>\n<figure id=\"attachment_80768\" aria-describedby=\"caption-attachment-80768\" style=\"width: 580px\" class=\"wp-caption alignnone\"><img data-recalc-dims=\"1\" loading=\"lazy\" decoding=\"async\" class=\"size-full wp-image-80768\" src=\"https:\/\/i0.wp.com\/www.eltrabajo.cl\/2017\/wp-content\/uploads\/2017\/08\/Aniversario8.jpg?resize=580%2C348\" alt=\"NUESTRA GENTE.- Cada jard\u00edn infantil de nuestra comuna tuvo sus segundos de fama al desfilar frente a miles de sanfelipe\u00f1os que acudieron para disfrutar de este desfile.\" width=\"580\" height=\"348\" srcset=\"https:\/\/i0.wp.com\/eltrabajo.cl\/portal\/wp-content\/uploads\/2017\/08\/Aniversario8.jpg?w=580&amp;ssl=1 580w, https:\/\/i0.wp.com\/eltrabajo.cl\/portal\/wp-content\/uploads\/2017\/08\/Aniversario8.jpg?resize=200%2C120&amp;ssl=1 200w, https:\/\/i0.wp.com\/eltrabajo.cl\/portal\/wp-content\/uploads\/2017\/08\/Aniversario8.jpg?resize=300%2C180&amp;ssl=1 300w, https:\/\/i0.wp.com\/eltrabajo.cl\/portal\/wp-content\/uploads\/2017\/08\/Aniversario8.jpg?resize=250%2C150&amp;ssl=1 250w, https:\/\/i0.wp.com\/eltrabajo.cl\/portal\/wp-content\/uploads\/2017\/08\/Aniversario8.jpg?resize=400%2C240&amp;ssl=1 400w\" sizes=\"auto, (max-width: 580px) 100vw, 580px\" \/><figcaption id=\"caption-attachment-80768\" class=\"wp-caption-text\">NUESTRA GENTE.- Cada jard\u00edn infantil de nuestra comuna tuvo sus segundos de fama al desfilar frente a miles de sanfelipe\u00f1os que acudieron para disfrutar de este desfile.<\/figcaption><\/figure>\n<figure id=\"attachment_80769\" aria-describedby=\"caption-attachment-80769\" style=\"width: 580px\" class=\"wp-caption alignnone\"><img data-recalc-dims=\"1\" loading=\"lazy\" decoding=\"async\" class=\"size-full wp-image-80769\" src=\"https:\/\/i0.wp.com\/www.eltrabajo.cl\/2017\/wp-content\/uploads\/2017\/08\/Aniversario9.jpg?resize=580%2C348\" alt=\"BURBUJEANTE ALEGR\u00cdA.- Ellas son parte de la matr\u00edcula actual del Jard\u00edn Burbujitas de Colores, de San Felipe.\" width=\"580\" height=\"348\" srcset=\"https:\/\/i0.wp.com\/eltrabajo.cl\/portal\/wp-content\/uploads\/2017\/08\/Aniversario9.jpg?w=580&amp;ssl=1 580w, https:\/\/i0.wp.com\/eltrabajo.cl\/portal\/wp-content\/uploads\/2017\/08\/Aniversario9.jpg?resize=200%2C120&amp;ssl=1 200w, https:\/\/i0.wp.com\/eltrabajo.cl\/portal\/wp-content\/uploads\/2017\/08\/Aniversario9.jpg?resize=300%2C180&amp;ssl=1 300w, https:\/\/i0.wp.com\/eltrabajo.cl\/portal\/wp-content\/uploads\/2017\/08\/Aniversario9.jpg?resize=250%2C150&amp;ssl=1 250w, https:\/\/i0.wp.com\/eltrabajo.cl\/portal\/wp-content\/uploads\/2017\/08\/Aniversario9.jpg?resize=400%2C240&amp;ssl=1 400w\" sizes=\"auto, (max-width: 580px) 100vw, 580px\" \/><figcaption id=\"caption-attachment-80769\" class=\"wp-caption-text\">BURBUJEANTE ALEGR\u00cdA.- Ellas son parte de la matr\u00edcula actual del Jard\u00edn Burbujitas de Colores, de San Felipe.<\/figcaption><\/figure>\n<figure id=\"attachment_80770\" aria-describedby=\"caption-attachment-80770\" style=\"width: 580px\" class=\"wp-caption alignnone\"><img data-recalc-dims=\"1\" loading=\"lazy\" decoding=\"async\" class=\"size-full wp-image-80770\" src=\"https:\/\/i0.wp.com\/www.eltrabajo.cl\/2017\/wp-content\/uploads\/2017\/08\/Aniversario10.jpg?resize=580%2C348\" alt=\"CABALLEROS DEL FUEGO.- Bomberos de San Felipe desfilaron con orgullo frente a casi 5.000 personas.\" width=\"580\" height=\"348\" srcset=\"https:\/\/i0.wp.com\/eltrabajo.cl\/portal\/wp-content\/uploads\/2017\/08\/Aniversario10.jpg?w=580&amp;ssl=1 580w, https:\/\/i0.wp.com\/eltrabajo.cl\/portal\/wp-content\/uploads\/2017\/08\/Aniversario10.jpg?resize=200%2C120&amp;ssl=1 200w, https:\/\/i0.wp.com\/eltrabajo.cl\/portal\/wp-content\/uploads\/2017\/08\/Aniversario10.jpg?resize=300%2C180&amp;ssl=1 300w, https:\/\/i0.wp.com\/eltrabajo.cl\/portal\/wp-content\/uploads\/2017\/08\/Aniversario10.jpg?resize=250%2C150&amp;ssl=1 250w, https:\/\/i0.wp.com\/eltrabajo.cl\/portal\/wp-content\/uploads\/2017\/08\/Aniversario10.jpg?resize=400%2C240&amp;ssl=1 400w\" sizes=\"auto, (max-width: 580px) 100vw, 580px\" \/><figcaption id=\"caption-attachment-80770\" class=\"wp-caption-text\">CABALLEROS DEL FUEGO.- Bomberos de San Felipe desfilaron con orgullo frente a casi 5.000 personas.<\/figcaption><\/figure>\n<figure id=\"attachment_80771\" aria-describedby=\"caption-attachment-80771\" style=\"width: 580px\" class=\"wp-caption alignnone\"><img data-recalc-dims=\"1\" loading=\"lazy\" decoding=\"async\" class=\"size-full wp-image-80771\" src=\"https:\/\/i0.wp.com\/www.eltrabajo.cl\/2017\/wp-content\/uploads\/2017\/08\/Aniversario11.jpg?resize=580%2C348\" alt=\"SCOUTS.- Los Gu\u00edas Scouts no pod\u00edan dejar de desfilar, pues son parte de nuestras Fuerzas Vivas.\" width=\"580\" height=\"348\" srcset=\"https:\/\/i0.wp.com\/eltrabajo.cl\/portal\/wp-content\/uploads\/2017\/08\/Aniversario11.jpg?w=580&amp;ssl=1 580w, https:\/\/i0.wp.com\/eltrabajo.cl\/portal\/wp-content\/uploads\/2017\/08\/Aniversario11.jpg?resize=200%2C120&amp;ssl=1 200w, https:\/\/i0.wp.com\/eltrabajo.cl\/portal\/wp-content\/uploads\/2017\/08\/Aniversario11.jpg?resize=300%2C180&amp;ssl=1 300w, https:\/\/i0.wp.com\/eltrabajo.cl\/portal\/wp-content\/uploads\/2017\/08\/Aniversario11.jpg?resize=250%2C150&amp;ssl=1 250w, https:\/\/i0.wp.com\/eltrabajo.cl\/portal\/wp-content\/uploads\/2017\/08\/Aniversario11.jpg?resize=400%2C240&amp;ssl=1 400w\" sizes=\"auto, (max-width: 580px) 100vw, 580px\" \/><figcaption id=\"caption-attachment-80771\" class=\"wp-caption-text\">SCOUTS.- Los Gu\u00edas Scouts no pod\u00edan dejar de desfilar, pues son parte de nuestras Fuerzas Vivas.<\/figcaption><\/figure>\n<figure id=\"attachment_80772\" aria-describedby=\"caption-attachment-80772\" style=\"width: 580px\" class=\"wp-caption alignnone\"><img data-recalc-dims=\"1\" loading=\"lazy\" decoding=\"async\" class=\"size-full wp-image-80772\" src=\"https:\/\/i0.wp.com\/www.eltrabajo.cl\/2017\/wp-content\/uploads\/2017\/08\/Aniversario12.jpg?resize=580%2C348\" alt=\"NUESTRA CRUZ ROJA.- Y la Cruz Roja de San Felipe desfil\u00f3 como todos los a\u00f1os, con su ej\u00e9rcito de voluntarios.\" width=\"580\" height=\"348\" srcset=\"https:\/\/i0.wp.com\/eltrabajo.cl\/portal\/wp-content\/uploads\/2017\/08\/Aniversario12.jpg?w=580&amp;ssl=1 580w, https:\/\/i0.wp.com\/eltrabajo.cl\/portal\/wp-content\/uploads\/2017\/08\/Aniversario12.jpg?resize=200%2C120&amp;ssl=1 200w, https:\/\/i0.wp.com\/eltrabajo.cl\/portal\/wp-content\/uploads\/2017\/08\/Aniversario12.jpg?resize=300%2C180&amp;ssl=1 300w, https:\/\/i0.wp.com\/eltrabajo.cl\/portal\/wp-content\/uploads\/2017\/08\/Aniversario12.jpg?resize=250%2C150&amp;ssl=1 250w, https:\/\/i0.wp.com\/eltrabajo.cl\/portal\/wp-content\/uploads\/2017\/08\/Aniversario12.jpg?resize=400%2C240&amp;ssl=1 400w\" sizes=\"auto, (max-width: 580px) 100vw, 580px\" \/><figcaption id=\"caption-attachment-80772\" class=\"wp-caption-text\">NUESTRA CRUZ ROJA.- Y la Cruz Roja de San Felipe desfil\u00f3 como todos los a\u00f1os, con su ej\u00e9rcito de voluntarios.<\/figcaption><\/figure>\n<figure id=\"attachment_80773\" aria-describedby=\"caption-attachment-80773\" style=\"width: 580px\" class=\"wp-caption alignnone\"><img data-recalc-dims=\"1\" loading=\"lazy\" decoding=\"async\" class=\"size-full wp-image-80773\" src=\"https:\/\/i0.wp.com\/www.eltrabajo.cl\/2017\/wp-content\/uploads\/2017\/08\/Aniversario13.jpg?resize=580%2C349\" alt=\"LOS DUE\u00d1OS DE CASA.- Aqu\u00ed tenemos al Honorable Concejo Municipal de San Felipe, encabezado por su alcalde Patricio Freire.\" width=\"580\" height=\"349\" srcset=\"https:\/\/i0.wp.com\/eltrabajo.cl\/portal\/wp-content\/uploads\/2017\/08\/Aniversario13.jpg?w=580&amp;ssl=1 580w, https:\/\/i0.wp.com\/eltrabajo.cl\/portal\/wp-content\/uploads\/2017\/08\/Aniversario13.jpg?resize=200%2C120&amp;ssl=1 200w, https:\/\/i0.wp.com\/eltrabajo.cl\/portal\/wp-content\/uploads\/2017\/08\/Aniversario13.jpg?resize=300%2C181&amp;ssl=1 300w, https:\/\/i0.wp.com\/eltrabajo.cl\/portal\/wp-content\/uploads\/2017\/08\/Aniversario13.jpg?resize=249%2C150&amp;ssl=1 249w, https:\/\/i0.wp.com\/eltrabajo.cl\/portal\/wp-content\/uploads\/2017\/08\/Aniversario13.jpg?resize=400%2C241&amp;ssl=1 400w\" sizes=\"auto, (max-width: 580px) 100vw, 580px\" \/><figcaption id=\"caption-attachment-80773\" class=\"wp-caption-text\">LOS DUE\u00d1OS DE CASA.- Aqu\u00ed tenemos al Honorable Concejo Municipal de San Felipe, encabezado por su alcalde Patricio Freire.<\/figcaption><\/figure>\n<figure id=\"attachment_80774\" aria-describedby=\"caption-attachment-80774\" style=\"width: 580px\" class=\"wp-caption alignnone\"><img data-recalc-dims=\"1\" loading=\"lazy\" decoding=\"async\" class=\"size-full wp-image-80774\" src=\"https:\/\/i0.wp.com\/www.eltrabajo.cl\/2017\/wp-content\/uploads\/2017\/08\/Aniversario14.jpg?resize=580%2C348\" alt=\"CHICHA EN CACHO.- El gobernador Eduardo Le\u00f3n comparti\u00f3 con el Alcalde Freire, pues los artistas de nuestra comuna ofrecieron la tradicional Chicha en Cacho.\" width=\"580\" height=\"348\" srcset=\"https:\/\/i0.wp.com\/eltrabajo.cl\/portal\/wp-content\/uploads\/2017\/08\/Aniversario14.jpg?w=580&amp;ssl=1 580w, https:\/\/i0.wp.com\/eltrabajo.cl\/portal\/wp-content\/uploads\/2017\/08\/Aniversario14.jpg?resize=200%2C120&amp;ssl=1 200w, https:\/\/i0.wp.com\/eltrabajo.cl\/portal\/wp-content\/uploads\/2017\/08\/Aniversario14.jpg?resize=300%2C180&amp;ssl=1 300w, https:\/\/i0.wp.com\/eltrabajo.cl\/portal\/wp-content\/uploads\/2017\/08\/Aniversario14.jpg?resize=250%2C150&amp;ssl=1 250w, https:\/\/i0.wp.com\/eltrabajo.cl\/portal\/wp-content\/uploads\/2017\/08\/Aniversario14.jpg?resize=400%2C240&amp;ssl=1 400w\" sizes=\"auto, (max-width: 580px) 100vw, 580px\" \/><figcaption id=\"caption-attachment-80774\" class=\"wp-caption-text\">CHICHA EN CACHO.- El gobernador Eduardo Le\u00f3n comparti\u00f3 con el Alcalde Freire, pues los artistas de nuestra comuna ofrecieron la tradicional Chicha en Cacho.<\/figcaption><\/figure>\n<figure id=\"attachment_80775\" aria-describedby=\"caption-attachment-80775\" style=\"width: 580px\" class=\"wp-caption alignnone\"><img data-recalc-dims=\"1\" loading=\"lazy\" decoding=\"async\" class=\"size-full wp-image-80775\" src=\"https:\/\/i0.wp.com\/www.eltrabajo.cl\/2017\/wp-content\/uploads\/2017\/08\/Aniversario15.jpg?resize=580%2C349\" alt=\"MULTINACIONAL.- La fiesta de aniversario es un tema de todos quienes vivimos en San Felipe, aunque no seamos chilenos.\" width=\"580\" height=\"349\" srcset=\"https:\/\/i0.wp.com\/eltrabajo.cl\/portal\/wp-content\/uploads\/2017\/08\/Aniversario15.jpg?w=580&amp;ssl=1 580w, https:\/\/i0.wp.com\/eltrabajo.cl\/portal\/wp-content\/uploads\/2017\/08\/Aniversario15.jpg?resize=200%2C120&amp;ssl=1 200w, https:\/\/i0.wp.com\/eltrabajo.cl\/portal\/wp-content\/uploads\/2017\/08\/Aniversario15.jpg?resize=300%2C181&amp;ssl=1 300w, https:\/\/i0.wp.com\/eltrabajo.cl\/portal\/wp-content\/uploads\/2017\/08\/Aniversario15.jpg?resize=249%2C150&amp;ssl=1 249w, https:\/\/i0.wp.com\/eltrabajo.cl\/portal\/wp-content\/uploads\/2017\/08\/Aniversario15.jpg?resize=400%2C241&amp;ssl=1 400w\" sizes=\"auto, (max-width: 580px) 100vw, 580px\" \/><figcaption id=\"caption-attachment-80775\" class=\"wp-caption-text\">MULTINACIONAL.- La fiesta de aniversario es un tema de todos quienes vivimos en San Felipe, aunque no seamos chilenos.<\/figcaption><\/figure>\n","protected":false},"excerpt":{"rendered":"<p>Iniciando la ma\u00f1ana con el tradicional Te Deum oficiado por el Vicario general de la Di\u00f3cesis de Aconcagua, Pbro. Roberto Gilbo, y siguiendo con uno de los desfiles c\u00edvico-militares m\u00e1s numeroso de&#8230;<\/p>\n","protected":false},"author":1,"featured_media":80761,"comment_status":"open","ping_status":"open","sticky":false,"template":"","format":"standard","meta":{"advanced_seo_description":"","jetpack_seo_html_title":"","jetpack_seo_noindex":false,"_jetpack_memberships_contains_paid_content":false,"footnotes":""},"categories":[15],"tags":[],"class_list":["post-80759","post","type-post","status-publish","format-standard","has-post-thumbnail","hentry","category-comunidad"],"jetpack_featured_media_url":"https:\/\/i0.wp.com\/eltrabajo.cl\/portal\/wp-content\/uploads\/2017\/08\/Aniversario1.jpg?fit=580%2C348&ssl=1","jetpack_sharing_enabled":true,"jetpack_likes_enabled":true,"jetpack-related-posts":[],"_links":{"self":[{"href":"https:\/\/eltrabajo.cl\/portal\/wp-json\/wp\/v2\/posts\/80759","targetHints":{"allow":["GET"]}}],"collection":[{"href":"https:\/\/eltrabajo.cl\/portal\/wp-json\/wp\/v2\/posts"}],"about":[{"href":"https:\/\/eltrabajo.cl\/portal\/wp-json\/wp\/v2\/types\/post"}],"author":[{"embeddable":true,"href":"https:\/\/eltrabajo.cl\/portal\/wp-json\/wp\/v2\/users\/1"}],"replies":[{"embeddable":true,"href":"https:\/\/eltrabajo.cl\/portal\/wp-json\/wp\/v2\/comments?post=80759"}],"version-history":[{"count":0,"href":"https:\/\/eltrabajo.cl\/portal\/wp-json\/wp\/v2\/posts\/80759\/revisions"}],"wp:featuredmedia":[{"embeddable":true,"href":"https:\/\/eltrabajo.cl\/portal\/wp-json\/wp\/v2\/media\/80761"}],"wp:attachment":[{"href":"https:\/\/eltrabajo.cl\/portal\/wp-json\/wp\/v2\/media?parent=80759"}],"wp:term":[{"taxonomy":"category","embeddable":true,"href":"https:\/\/eltrabajo.cl\/portal\/wp-json\/wp\/v2\/categories?post=80759"},{"taxonomy":"post_tag","embeddable":true,"href":"https:\/\/eltrabajo.cl\/portal\/wp-json\/wp\/v2\/tags?post=80759"}],"curies":[{"name":"wp","href":"https:\/\/api.w.org\/{rel}","templated":true}]}}