{"id":80781,"date":"2017-08-04T06:06:31","date_gmt":"2017-08-04T10:06:31","guid":{"rendered":"http:\/\/www.eltrabajo.cl\/2017\/?p=80781"},"modified":"2017-08-04T06:06:31","modified_gmt":"2017-08-04T10:06:31","slug":"rumor-de-cierre-preocupa-a-apoderados-y-personal-del-buen-pastor","status":"publish","type":"post","link":"https:\/\/eltrabajo.cl\/portal\/rumor-de-cierre-preocupa-a-apoderados-y-personal-del-buen-pastor\/","title":{"rendered":"Rumor de cierre preocupa a apoderados y personal del Buen Pastor"},"content":{"rendered":"<figure id=\"attachment_80784\" aria-describedby=\"caption-attachment-80784\" style=\"width: 580px\" class=\"wp-caption alignnone\"><img data-recalc-dims=\"1\" loading=\"lazy\" decoding=\"async\" class=\"size-full wp-image-80784\" src=\"https:\/\/i0.wp.com\/www.eltrabajo.cl\/2017\/wp-content\/uploads\/2017\/08\/Apoderados_Madre.jpg?resize=580%2C499\" alt=\"Hermana Mar\u00eda Leticia Cort\u00e9s, Madre Superiora de la Congregaci\u00f3n Buen Pastor.\" width=\"580\" height=\"499\" srcset=\"https:\/\/i0.wp.com\/eltrabajo.cl\/portal\/wp-content\/uploads\/2017\/08\/Apoderados_Madre.jpg?w=580&amp;ssl=1 580w, https:\/\/i0.wp.com\/eltrabajo.cl\/portal\/wp-content\/uploads\/2017\/08\/Apoderados_Madre.jpg?resize=174%2C150&amp;ssl=1 174w, https:\/\/i0.wp.com\/eltrabajo.cl\/portal\/wp-content\/uploads\/2017\/08\/Apoderados_Madre.jpg?resize=300%2C258&amp;ssl=1 300w, https:\/\/i0.wp.com\/eltrabajo.cl\/portal\/wp-content\/uploads\/2017\/08\/Apoderados_Madre.jpg?resize=400%2C344&amp;ssl=1 400w\" sizes=\"auto, (max-width: 580px) 100vw, 580px\" \/><figcaption id=\"caption-attachment-80784\" class=\"wp-caption-text\">Hermana Mar\u00eda Leticia Cort\u00e9s, Madre Superiora de la Congregaci\u00f3n Buen Pastor.<\/figcaption><\/figure>\n<ul>\n<li><strong><span style=\"color: #ff0000;\">Congregaci\u00f3n solicit\u00f3 al Municipio devoluci\u00f3n de la Escuela:<\/span>\u00a0Administrador municipal y Madre Superiora niegan categ\u00f3ricamente cierre del establecimiento. No obstante, apoderados temen que sus hijos se queden sin casa estudiantil, mientras que el Municipio busca condicionar entrega del inmueble a cambio de que no haya despidos del plantel acad\u00e9mico.<\/strong><\/li>\n<\/ul>\n<p>Una preocupante situaci\u00f3n es la que est\u00e1n viviendo los apoderados de la Escuela Buen Pastor, tras enterarse esta semana que la Congregaci\u00f3n Buen Pastor, due\u00f1a del inmueble del establecimiento, manifestara al Municipio v\u00eda correo electr\u00f3nico, su inter\u00e9s de recuperar el control de la propiedad y del colegio en todos sus aspectos operativos, ya que desde hace unos 20 a\u00f1os \u00e9ste viene funcionando gracias a un Comodato sostenido entre el Municipio y esta entidad religiosa.<br \/>\nEs por ello y por no haber hasta el momento un pronunciamiento p\u00fablico por iniciativa de las partes, que hace pocas horas se corri\u00f3 el rumor de un inminente cierre de la Escuela Buen Pastor, lo que llev\u00f3 a integrantes del Centro de Padres de ese colegio, as\u00ed como a algunos apoderados, a protestar en\u00e9rgicamente, ya que no cuentan con informaci\u00f3n clara sobre el futuro estudiantil de sus hijos.<\/p>\n<p><span style=\"color: #ff0000;\"><strong>CENTRO DE PADRES<\/strong><\/span><br \/>\nAlicia del Carmen Cruz, secretaria del Centro de Padres de la Escuela Buen Pastor, habl\u00f3 en Exclusiva con Diario El Trabajo para explicar lo poco que ella sabe hasta el momento: \u00abLa postura del Centro de Padres es la de apoyar a los estudiantes, padres y profesores, pues tambi\u00e9n entiendo que unos 73 profesores quedar\u00e1n cesantes. Queremos que el alcalde nos atienda, no nos han querido atender, nos han dicho que esperemos a fines de agosto y no podemos seguir esperando, son m\u00e1s de 500 estudiantes los que ah\u00ed estudian\u00bb, asegur\u00f3 Cruz.<br \/>\nNuestro medio tambi\u00e9n habl\u00f3 con la apoderada Aylen Rivera: \u00abSon muy pocos los apoderados que se est\u00e1n pronunciando con este asunto, ya que nadie ha informado a la comunidad lo que est\u00e1 pasando. Nosotros nos enteramos cuando fuimos a postular a un beneficio a la Daem en marzo, fue ah\u00ed cuando don Iv\u00e1n Silva nos inform\u00f3. Las monjitas lo que nos dicen simplemente es que se acab\u00f3 el Comodato y simplemente para 2018 nos quedamos sin colegio, hay profesores que no saben nada, otros s\u00ed se han preocupado por informar a sus apoderados\u00bb, indic\u00f3 la vecina.<\/p>\n<p><span style=\"color: #ff0000;\"><strong>MUNICIPIO RESPONDE<\/strong><\/span><br \/>\nDiario El Trabajo busc\u00f3 respuestas con Patricio Gonz\u00e1lez, administrador municipal de San Felipe.<br \/>\n<strong>&#8211; \u00bfEs verdad que la Escuela Buen Pastor ser\u00e1 cerrada a fin de este a\u00f1o?<\/strong><br \/>\n&#8211; Primero que todo quiero se\u00f1alar que al respecto de las dudas que tienen los apoderados de un posible cierre del establecimiento Buen Pastor, hay que decir que eso es absolutamente falso.<br \/>\n<strong>&#8211; \u00bfPor qu\u00e9 entonces los apoderados aseguran tal cosa?<\/strong><br \/>\n&#8211; Lo que efectivamente hay es una solicitud manifestada a trav\u00e9s de un correo electr\u00f3nico por parte de la Congregaci\u00f3n Buen Pastor, se\u00f1alando al Municipio que les interesar\u00eda ellos volver a hacerse cargo del establecimiento Buen Pastor.<br \/>\n<strong>&#8211; \u00bfCu\u00e1l es la situaci\u00f3n actual de ese establecimiento?<\/strong><br \/>\n&#8211; Debo mencionar que el Municipio mantiene un Comodato del establecimiento que es propiedad de la Congregaci\u00f3n y el Municipio tiene hoy d\u00eda el Rol Base de Datos (RBD) que es como la patente que permite funcionar a los establecimientos, y actualmente el Municipio es el que administra esta escuela hasta la fecha del Comodato que tiene fecha hasta 2019.<br \/>\n<strong>&#8211; \u00bfQu\u00e9 es entonces lo que ha solicitado la Congregaci\u00f3n Buen Pastor?<\/strong><br \/>\n&#8211; Lo que ha planteado la Congregaci\u00f3n a prop\u00f3sito de la Reforma Educacional que les obliga a definirse a ellos como Congregaci\u00f3n o establecimiento privado, es que han definido en su calidad de Congregaci\u00f3n y han solicitado al Municipio que adelantemos la fecha de ese Comodato de 2019 a una posible fecha anticipada para ellos hacerse cargo del establecimiento.<br \/>\n<strong>&#8211; \u00bfCu\u00e1l es el panorama real para todos estos estudiantes y profesionales de la educaci\u00f3n?<\/strong><br \/>\n&#8211; En cualquiera de los casos en que el Municipio acceda o no a que la Congregaci\u00f3n se haga cargo de la Escuela Buen Pastor, en ninguna de las dos situaciones se ha discutido el cierre de la escuela, hay que eliminar esa palabra o sensaci\u00f3n de que el establecimiento se va a cerrar y de que los ni\u00f1os se tendr\u00e1n que ir a otros establecimientos.<br \/>\n<strong>&#8211; \u00bfQu\u00e9 opciones manejan ustedes como Municipio para resolver esta situaci\u00f3n?<\/strong><br \/>\n&#8211; De acceder a entregar el establecimiento, porque lo que hay es una mesa de conversaciones y por eso no hemos dado informaci\u00f3n a\u00fan, porque estamos en conversaciones. De acceder, nosotros lo har\u00edamos con las condiciones de que el colegio siga abierto, porque el actual cuerpo acad\u00e9mico, muchos de ese personal es de planta y podr\u00eda reubicarse, pero los que laboran a contrata y asistentes de la educaci\u00f3n, son casos que la Congregaci\u00f3n deber\u00eda acogerlos para dar continuidad al funcionamiento de la escuela y el servicio que se le da a los ni\u00f1os deber\u00eda continuar en esas mismas condiciones, y la Congregaci\u00f3n deber\u00eda aceptar a todo el equipo acad\u00e9mico; al parecer ellos lo ven con buenos ojos.<\/p>\n<p><span style=\"color: #ff0000;\"><strong>RESPUESTA OFICIAL<\/strong><\/span><br \/>\nFinalmente Diario El Trabajo habl\u00f3 con la Hermana Mar\u00eda Leticia Cort\u00e9s, Madre Superiora de la Congregaci\u00f3n Buen Pastor, quien nos confirm\u00f3 toda la informaci\u00f3n que ya circula entre apoderados, profesores y estudiantes.<br \/>\n<strong>&#8211; \u00bfEs verdad que ustedes como Congregaci\u00f3n solicitaron al Municipio que les entregara la Escuela Buen Pastor?<\/strong><br \/>\n&#8211; De que vamos a recuperar la escuela, eso es verdad. No se va a cerrar la escuela como se dice, como congregaci\u00f3n queremos recuperar la escuela en vista de lo que plantea la Reforma Educacional, en relaci\u00f3n a la desmunicipalizaci\u00f3n, pero el colegio va a seguir tal cual est\u00e1 funcionando, independientemente de todo lo que sea administrativo y que se relaciona con la Municipalidad.<br \/>\n<strong>&#8211; \u00bfCu\u00e1l es la intenci\u00f3n de ustedes al solicitar el recinto?<\/strong><br \/>\n&#8211; Nuestra intenci\u00f3n es \u00e9sa, recuperar la escuela, \u00bfcu\u00e1ndo?- eso lo tendremos que definir con el mismo Municipio, estamos respetando los procesos y todos los plazos que debamos dar, los daremos.<br \/>\n<strong>&#8211; \u00bfQu\u00e9 palabras tiene usted para los apoderados, ni\u00f1os y profesores, quienes piensan que habr\u00e1 un cierre inminente de esta escuela?<\/strong><br \/>\n&#8211; A los apoderados y estudiantes les digo que se est\u00e9n tranquilos, esto va a seguir igual, con los mismos alumnos; como siempre un colegio gratuito y el esp\u00edritu de nuestra Congregaci\u00f3n ha sido atender a todos, sin ninguna discriminaci\u00f3n para persona alguna.<br \/>\n<strong>Roberto Gonz\u00e1lez Short<\/strong><\/p>\n<figure id=\"attachment_80782\" aria-describedby=\"caption-attachment-80782\" style=\"width: 580px\" class=\"wp-caption alignnone\"><img data-recalc-dims=\"1\" loading=\"lazy\" decoding=\"async\" class=\"size-full wp-image-80782\" src=\"https:\/\/i0.wp.com\/www.eltrabajo.cl\/2017\/wp-content\/uploads\/2017\/08\/Apoderados_Alicia-del-Carmen-Cruz.jpg?resize=580%2C499\" alt=\"Alicia del Carmen Cruz, secretaria del Centro de Padres de la Escuela Buen Pastor.\" width=\"580\" height=\"499\" srcset=\"https:\/\/i0.wp.com\/eltrabajo.cl\/portal\/wp-content\/uploads\/2017\/08\/Apoderados_Alicia-del-Carmen-Cruz.jpg?w=580&amp;ssl=1 580w, https:\/\/i0.wp.com\/eltrabajo.cl\/portal\/wp-content\/uploads\/2017\/08\/Apoderados_Alicia-del-Carmen-Cruz.jpg?resize=174%2C150&amp;ssl=1 174w, https:\/\/i0.wp.com\/eltrabajo.cl\/portal\/wp-content\/uploads\/2017\/08\/Apoderados_Alicia-del-Carmen-Cruz.jpg?resize=300%2C258&amp;ssl=1 300w, https:\/\/i0.wp.com\/eltrabajo.cl\/portal\/wp-content\/uploads\/2017\/08\/Apoderados_Alicia-del-Carmen-Cruz.jpg?resize=400%2C344&amp;ssl=1 400w\" sizes=\"auto, (max-width: 580px) 100vw, 580px\" \/><figcaption id=\"caption-attachment-80782\" class=\"wp-caption-text\">Alicia del Carmen Cruz, secretaria del Centro de Padres de la Escuela Buen Pastor.<\/figcaption><\/figure>\n<figure id=\"attachment_80783\" aria-describedby=\"caption-attachment-80783\" style=\"width: 580px\" class=\"wp-caption alignnone\"><img data-recalc-dims=\"1\" loading=\"lazy\" decoding=\"async\" class=\"size-full wp-image-80783\" src=\"https:\/\/i0.wp.com\/www.eltrabajo.cl\/2017\/wp-content\/uploads\/2017\/08\/Apoderados_Aylen-Rivera.jpg?resize=580%2C499\" alt=\"Apoderada de la Escuela Buen Pastor, Aylen Rivera.\" width=\"580\" height=\"499\" srcset=\"https:\/\/i0.wp.com\/eltrabajo.cl\/portal\/wp-content\/uploads\/2017\/08\/Apoderados_Aylen-Rivera.jpg?w=580&amp;ssl=1 580w, https:\/\/i0.wp.com\/eltrabajo.cl\/portal\/wp-content\/uploads\/2017\/08\/Apoderados_Aylen-Rivera.jpg?resize=174%2C150&amp;ssl=1 174w, https:\/\/i0.wp.com\/eltrabajo.cl\/portal\/wp-content\/uploads\/2017\/08\/Apoderados_Aylen-Rivera.jpg?resize=300%2C258&amp;ssl=1 300w, https:\/\/i0.wp.com\/eltrabajo.cl\/portal\/wp-content\/uploads\/2017\/08\/Apoderados_Aylen-Rivera.jpg?resize=400%2C344&amp;ssl=1 400w\" sizes=\"auto, (max-width: 580px) 100vw, 580px\" \/><figcaption id=\"caption-attachment-80783\" class=\"wp-caption-text\">Apoderada de la Escuela Buen Pastor, Aylen Rivera.<\/figcaption><\/figure>\n<figure id=\"attachment_80785\" aria-describedby=\"caption-attachment-80785\" style=\"width: 580px\" class=\"wp-caption alignnone\"><img data-recalc-dims=\"1\" loading=\"lazy\" decoding=\"async\" class=\"size-full wp-image-80785\" src=\"https:\/\/i0.wp.com\/www.eltrabajo.cl\/2017\/wp-content\/uploads\/2017\/08\/Apoderados1.jpg?resize=580%2C348\" alt=\"PIDEN INFORMACI\u00d3N.- Varios apoderados de la Escuela Buen Pastor reclamaron p\u00fablicamente que no han sido informados por parte de las autoridades de la Daem, que la Congregaci\u00f3n Buen Pastor solicit\u00f3 hace varios meses la devoluci\u00f3n del establecimiento para administrarlo.\" width=\"580\" height=\"348\" srcset=\"https:\/\/i0.wp.com\/eltrabajo.cl\/portal\/wp-content\/uploads\/2017\/08\/Apoderados1.jpg?w=580&amp;ssl=1 580w, https:\/\/i0.wp.com\/eltrabajo.cl\/portal\/wp-content\/uploads\/2017\/08\/Apoderados1.jpg?resize=200%2C120&amp;ssl=1 200w, https:\/\/i0.wp.com\/eltrabajo.cl\/portal\/wp-content\/uploads\/2017\/08\/Apoderados1.jpg?resize=300%2C180&amp;ssl=1 300w, https:\/\/i0.wp.com\/eltrabajo.cl\/portal\/wp-content\/uploads\/2017\/08\/Apoderados1.jpg?resize=250%2C150&amp;ssl=1 250w, https:\/\/i0.wp.com\/eltrabajo.cl\/portal\/wp-content\/uploads\/2017\/08\/Apoderados1.jpg?resize=400%2C240&amp;ssl=1 400w\" sizes=\"auto, (max-width: 580px) 100vw, 580px\" \/><figcaption id=\"caption-attachment-80785\" class=\"wp-caption-text\">PIDEN INFORMACI\u00d3N.- Varios apoderados de la Escuela Buen Pastor reclamaron p\u00fablicamente que no han sido informados por parte de las autoridades de la Daem, que la Congregaci\u00f3n Buen Pastor solicit\u00f3 hace varios meses la devoluci\u00f3n del establecimiento para administrarlo.<\/figcaption><\/figure>\n","protected":false},"excerpt":{"rendered":"<p>Congregaci\u00f3n solicit\u00f3 al Municipio devoluci\u00f3n de la Escuela:\u00a0Administrador municipal y Madre Superiora niegan categ\u00f3ricamente cierre del establecimiento. No obstante, apoderados temen que sus hijos se queden sin casa estudiantil, mientras que el&#8230;<\/p>\n","protected":false},"author":1,"featured_media":80785,"comment_status":"open","ping_status":"open","sticky":false,"template":"","format":"standard","meta":{"advanced_seo_description":"","jetpack_seo_html_title":"","jetpack_seo_noindex":false,"_jetpack_memberships_contains_paid_content":false,"footnotes":""},"categories":[15],"tags":[],"class_list":["post-80781","post","type-post","status-publish","format-standard","has-post-thumbnail","hentry","category-comunidad"],"jetpack_featured_media_url":"https:\/\/i0.wp.com\/eltrabajo.cl\/portal\/wp-content\/uploads\/2017\/08\/Apoderados1.jpg?fit=580%2C348&ssl=1","jetpack_sharing_enabled":true,"jetpack_likes_enabled":true,"jetpack-related-posts":[],"_links":{"self":[{"href":"https:\/\/eltrabajo.cl\/portal\/wp-json\/wp\/v2\/posts\/80781","targetHints":{"allow":["GET"]}}],"collection":[{"href":"https:\/\/eltrabajo.cl\/portal\/wp-json\/wp\/v2\/posts"}],"about":[{"href":"https:\/\/eltrabajo.cl\/portal\/wp-json\/wp\/v2\/types\/post"}],"author":[{"embeddable":true,"href":"https:\/\/eltrabajo.cl\/portal\/wp-json\/wp\/v2\/users\/1"}],"replies":[{"embeddable":true,"href":"https:\/\/eltrabajo.cl\/portal\/wp-json\/wp\/v2\/comments?post=80781"}],"version-history":[{"count":0,"href":"https:\/\/eltrabajo.cl\/portal\/wp-json\/wp\/v2\/posts\/80781\/revisions"}],"wp:featuredmedia":[{"embeddable":true,"href":"https:\/\/eltrabajo.cl\/portal\/wp-json\/wp\/v2\/media\/80785"}],"wp:attachment":[{"href":"https:\/\/eltrabajo.cl\/portal\/wp-json\/wp\/v2\/media?parent=80781"}],"wp:term":[{"taxonomy":"category","embeddable":true,"href":"https:\/\/eltrabajo.cl\/portal\/wp-json\/wp\/v2\/categories?post=80781"},{"taxonomy":"post_tag","embeddable":true,"href":"https:\/\/eltrabajo.cl\/portal\/wp-json\/wp\/v2\/tags?post=80781"}],"curies":[{"name":"wp","href":"https:\/\/api.w.org\/{rel}","templated":true}]}}