{"id":80790,"date":"2017-08-07T06:01:36","date_gmt":"2017-08-07T10:01:36","guid":{"rendered":"http:\/\/www.eltrabajo.cl\/2017\/?p=80790"},"modified":"2017-08-07T06:01:36","modified_gmt":"2017-08-07T10:01:36","slug":"llaman-a-postular-al-subsidio-mejoramiento-habitacional-sector-rural","status":"publish","type":"post","link":"https:\/\/eltrabajo.cl\/portal\/llaman-a-postular-al-subsidio-mejoramiento-habitacional-sector-rural\/","title":{"rendered":"Llaman a postular al subsidio mejoramiento habitacional sector rural"},"content":{"rendered":"<figure id=\"attachment_80791\" aria-describedby=\"caption-attachment-80791\" style=\"width: 580px\" class=\"wp-caption alignnone\"><img data-recalc-dims=\"1\" loading=\"lazy\" decoding=\"async\" class=\"size-full wp-image-80791\" src=\"https:\/\/i0.wp.com\/www.eltrabajo.cl\/2017\/wp-content\/uploads\/2017\/08\/Pablo-Silva.jpg?resize=580%2C348\" alt=\"Pablo Silva, Director de Desarrollo Comunitario (Dideco) San Felipe.\" width=\"580\" height=\"348\" srcset=\"https:\/\/i0.wp.com\/eltrabajo.cl\/portal\/wp-content\/uploads\/2017\/08\/Pablo-Silva.jpg?w=580&amp;ssl=1 580w, https:\/\/i0.wp.com\/eltrabajo.cl\/portal\/wp-content\/uploads\/2017\/08\/Pablo-Silva.jpg?resize=200%2C120&amp;ssl=1 200w, https:\/\/i0.wp.com\/eltrabajo.cl\/portal\/wp-content\/uploads\/2017\/08\/Pablo-Silva.jpg?resize=300%2C180&amp;ssl=1 300w, https:\/\/i0.wp.com\/eltrabajo.cl\/portal\/wp-content\/uploads\/2017\/08\/Pablo-Silva.jpg?resize=250%2C150&amp;ssl=1 250w, https:\/\/i0.wp.com\/eltrabajo.cl\/portal\/wp-content\/uploads\/2017\/08\/Pablo-Silva.jpg?resize=400%2C240&amp;ssl=1 400w\" sizes=\"auto, (max-width: 580px) 100vw, 580px\" \/><figcaption id=\"caption-attachment-80791\" class=\"wp-caption-text\">Pablo Silva, Director de Desarrollo Comunitario (Dideco) San Felipe.<\/figcaption><\/figure>\n<ul>\n<li><strong><span style=\"color: #ff0000;\">Ampliaciones, construcci\u00f3n de ba\u00f1os y sistema de termopaneles:\u00a0<\/span>Interesados deben solicitar la informaci\u00f3n de plazos y documentaci\u00f3n en la Oficina de la Vivienda y EgisMunicipal de calle Salinas #381.<\/strong><\/li>\n<\/ul>\n<p>Pablo Silva, Dideco de la Municipalidad de San Felipe, dio a conocer la posibilidad que tienen los vecinos de los sectores rurales de la comuna de poder postular a los subsidios de mejoramiento de viviendas Seg\u00fan narr\u00f3 Silva, el alcalde Patricio Freire instruy\u00f3 que dentro de la planificaci\u00f3n 2018 de la Direcci\u00f3n de Desarrollo Comunitario se puedan atender las necesidades habitacionales de las familias de los sectores rurales.<br \/>\n\u00abAdem\u00e1s de saber que las ampliaciones ser\u00e1n algo muy importante de requerir, hemos catastrado tambi\u00e9n que hay una necesidad de ba\u00f1os y lo que hemos hablado mucho es lo referente a las energ\u00edas limpias con termopaneles\u00bb, detall\u00f3 el Dideco.<br \/>\nRespecto de las exigencias que se alzan en el \u00e1mbito administrativo, para poder postular a estos subsidios, Silva afirm\u00f3 que se est\u00e1 trabajando en la conformaci\u00f3n de los comit\u00e9s, realizando las convocatorias y entregando la informaci\u00f3n pertinente a trav\u00e9s de las juntas de vecinos y de las organizaciones funcionales que se despliegan en cada territorio.<br \/>\nEn cuanto a los requisitos que deben cumplir los postulantes, el personero municipal advirti\u00f3 que \u00ablo m\u00e1s importante es tener vigentes los t\u00edtulos de dominio y\/o la regularizaci\u00f3n de alg\u00fan tipo de ampliaci\u00f3n que hayan hecho, as\u00ed como tambi\u00e9n, la claridad que deben tener sobre el Registro Social de Hogares, esto lo hemos repetido hasta el cansancio, para acceder a cualquier beneficio del estado, este es el instrumento p\u00fablico m\u00e1s importante, si no est\u00e1, no se puede acceder a todos los beneficios\u00bb, sostuvo el profesional.<br \/>\nPor \u00faltimo, Silva realiz\u00f3 un llamado a los vecinos de los sectores rurales de San Felipe, a acercarse a la oficina municipal de la vivienda y solicitar la informaci\u00f3n respecto de la documentaci\u00f3n y los plazos que deben cumplir para postular a este subsidio de mejoramiento habitacional.<\/p>\n","protected":false},"excerpt":{"rendered":"<p>Ampliaciones, construcci\u00f3n de ba\u00f1os y sistema de termopaneles:\u00a0Interesados deben solicitar la informaci\u00f3n de plazos y documentaci\u00f3n en la Oficina de la Vivienda y EgisMunicipal de calle Salinas #381. Pablo Silva, Dideco de&#8230;<\/p>\n","protected":false},"author":1,"featured_media":80791,"comment_status":"open","ping_status":"open","sticky":false,"template":"","format":"standard","meta":{"advanced_seo_description":"","jetpack_seo_html_title":"","jetpack_seo_noindex":false,"_jetpack_memberships_contains_paid_content":false,"footnotes":""},"categories":[1],"tags":[],"class_list":["post-80790","post","type-post","status-publish","format-standard","has-post-thumbnail","hentry","category-cronica"],"jetpack_featured_media_url":"https:\/\/i0.wp.com\/eltrabajo.cl\/portal\/wp-content\/uploads\/2017\/08\/Pablo-Silva.jpg?fit=580%2C348&ssl=1","jetpack_sharing_enabled":true,"jetpack_likes_enabled":true,"jetpack-related-posts":[],"_links":{"self":[{"href":"https:\/\/eltrabajo.cl\/portal\/wp-json\/wp\/v2\/posts\/80790","targetHints":{"allow":["GET"]}}],"collection":[{"href":"https:\/\/eltrabajo.cl\/portal\/wp-json\/wp\/v2\/posts"}],"about":[{"href":"https:\/\/eltrabajo.cl\/portal\/wp-json\/wp\/v2\/types\/post"}],"author":[{"embeddable":true,"href":"https:\/\/eltrabajo.cl\/portal\/wp-json\/wp\/v2\/users\/1"}],"replies":[{"embeddable":true,"href":"https:\/\/eltrabajo.cl\/portal\/wp-json\/wp\/v2\/comments?post=80790"}],"version-history":[{"count":0,"href":"https:\/\/eltrabajo.cl\/portal\/wp-json\/wp\/v2\/posts\/80790\/revisions"}],"wp:featuredmedia":[{"embeddable":true,"href":"https:\/\/eltrabajo.cl\/portal\/wp-json\/wp\/v2\/media\/80791"}],"wp:attachment":[{"href":"https:\/\/eltrabajo.cl\/portal\/wp-json\/wp\/v2\/media?parent=80790"}],"wp:term":[{"taxonomy":"category","embeddable":true,"href":"https:\/\/eltrabajo.cl\/portal\/wp-json\/wp\/v2\/categories?post=80790"},{"taxonomy":"post_tag","embeddable":true,"href":"https:\/\/eltrabajo.cl\/portal\/wp-json\/wp\/v2\/tags?post=80790"}],"curies":[{"name":"wp","href":"https:\/\/api.w.org\/{rel}","templated":true}]}}