{"id":80793,"date":"2017-08-07T06:02:02","date_gmt":"2017-08-07T10:02:02","guid":{"rendered":"http:\/\/www.eltrabajo.cl\/2017\/?p=80793"},"modified":"2017-08-07T06:02:02","modified_gmt":"2017-08-07T10:02:02","slug":"vecinos-denuncian-tomas-ilegales-de-terreno-en-callejon-lo-aranda","status":"publish","type":"post","link":"https:\/\/eltrabajo.cl\/portal\/vecinos-denuncian-tomas-ilegales-de-terreno-en-callejon-lo-aranda\/","title":{"rendered":"Vecinos denuncian tomas ilegales de terreno en Callej\u00f3n Lo Aranda"},"content":{"rendered":"<figure id=\"attachment_80795\" aria-describedby=\"caption-attachment-80795\" style=\"width: 580px\" class=\"wp-caption alignnone\"><img data-recalc-dims=\"1\" loading=\"lazy\" decoding=\"async\" class=\"size-full wp-image-80795\" src=\"https:\/\/i0.wp.com\/www.eltrabajo.cl\/2017\/wp-content\/uploads\/2017\/08\/Callejon2.jpg?resize=580%2C350\" alt=\"El Alcalde Guillermo Reyes notific\u00f3 al Seremi de Bienes Nacionales, ya que son terrenos del Fisco y donde pretenden emplazar la futura carretera que unir\u00e1 Putaendo con la Ruta 60CH.\" width=\"580\" height=\"350\" srcset=\"https:\/\/i0.wp.com\/eltrabajo.cl\/portal\/wp-content\/uploads\/2017\/08\/Callejon2.jpg?w=580&amp;ssl=1 580w, https:\/\/i0.wp.com\/eltrabajo.cl\/portal\/wp-content\/uploads\/2017\/08\/Callejon2.jpg?resize=200%2C121&amp;ssl=1 200w, https:\/\/i0.wp.com\/eltrabajo.cl\/portal\/wp-content\/uploads\/2017\/08\/Callejon2.jpg?resize=300%2C181&amp;ssl=1 300w, https:\/\/i0.wp.com\/eltrabajo.cl\/portal\/wp-content\/uploads\/2017\/08\/Callejon2.jpg?resize=249%2C150&amp;ssl=1 249w, https:\/\/i0.wp.com\/eltrabajo.cl\/portal\/wp-content\/uploads\/2017\/08\/Callejon2.jpg?resize=400%2C241&amp;ssl=1 400w\" sizes=\"auto, (max-width: 580px) 100vw, 580px\" \/><figcaption id=\"caption-attachment-80795\" class=\"wp-caption-text\">El Alcalde Guillermo Reyes notific\u00f3 al Seremi de Bienes Nacionales, ya que son terrenos del Fisco y donde pretenden emplazar la futura carretera que unir\u00e1 Putaendo con la Ruta 60CH.<\/figcaption><\/figure>\n<p><strong>PUTAENDO.-<\/strong> Fue la tarde de este jueves cuando el alcalde Guillermo Reyes Cortez conoci\u00f3 la toma ilegal de terrenos que nuevamente se ha producido en Callej\u00f3n Lo Aranda, en Quebrada de Herrera.<br \/>\nDespu\u00e9s de escuchar a los vecinos, las autoridades comunales llegaron hasta el sector para conocer c\u00f3mo particulares han intentado cerrar los terrenos y as\u00ed levantar futuras construcciones, provocando la indignaci\u00f3n de los lugare\u00f1os.<br \/>\nEn la misma zona, la m\u00e1xima autoridad comunal se contact\u00f3 con el Seremi de Bienes de Nacionales para plantear la problem\u00e1tica, puesto que son terrenos que pertenecen al Fisco y que pr\u00f3ximamente ser\u00edan ocupados para la nueva carretera que unir\u00e1 San Felipe con Putaendo.<br \/>\n\u00abQueremos desmotivar a la gente que se toma los terrenos. Existe gente que ha cerrado terrenos de 5.000 metros o m\u00e1s. Entonces, tambi\u00e9n hay una ambici\u00f3n que no corresponde y esperamos que las autoridades p\u00fablicas vengan a resolver esto\u00bb, expres\u00f3 el edil.<br \/>\nSe espera que en los pr\u00f3ximos d\u00edas el Seremi de Bienes Nacionales llegue hasta el sector para tomar cartas en el asunto. Por otro lado, el alcalde mediar\u00e1 para proteger a los vecinos que hist\u00f3ricamente han vivido en Callej\u00f3n Lo Aranda y que est\u00e1n molestos con el panorama.<br \/>\n\u00abNosotros durante varios a\u00f1os hemos estado pidi\u00e9ndole a los organismos del Gobierno respecto a cerrar ese lugar y no est\u00e9 abierto, porque eso incita, promueve y estimula a que la gente se venga a instalar de forma ilegal. Por eso le hemos dicho durante a\u00f1os al Gobierno que tienen que cerrar sus activos\u00bb, recalc\u00f3 el alcalde Guillermo Reyes.<\/p>\n<figure id=\"attachment_80794\" aria-describedby=\"caption-attachment-80794\" style=\"width: 580px\" class=\"wp-caption alignnone\"><img data-recalc-dims=\"1\" loading=\"lazy\" decoding=\"async\" class=\"size-full wp-image-80794\" src=\"https:\/\/i0.wp.com\/www.eltrabajo.cl\/2017\/wp-content\/uploads\/2017\/08\/Callejon1.jpg?resize=580%2C349\" alt=\"Los vecinos de esa zona de Quebrada de Herrera alertaron a las autoridades municipales sobre extensos cierres perimetrales y construcciones il\u00edcitas.\" width=\"580\" height=\"349\" srcset=\"https:\/\/i0.wp.com\/eltrabajo.cl\/portal\/wp-content\/uploads\/2017\/08\/Callejon1.jpg?w=580&amp;ssl=1 580w, https:\/\/i0.wp.com\/eltrabajo.cl\/portal\/wp-content\/uploads\/2017\/08\/Callejon1.jpg?resize=200%2C120&amp;ssl=1 200w, https:\/\/i0.wp.com\/eltrabajo.cl\/portal\/wp-content\/uploads\/2017\/08\/Callejon1.jpg?resize=300%2C181&amp;ssl=1 300w, https:\/\/i0.wp.com\/eltrabajo.cl\/portal\/wp-content\/uploads\/2017\/08\/Callejon1.jpg?resize=249%2C150&amp;ssl=1 249w, https:\/\/i0.wp.com\/eltrabajo.cl\/portal\/wp-content\/uploads\/2017\/08\/Callejon1.jpg?resize=400%2C241&amp;ssl=1 400w\" sizes=\"auto, (max-width: 580px) 100vw, 580px\" \/><figcaption id=\"caption-attachment-80794\" class=\"wp-caption-text\">Los vecinos de esa zona de Quebrada de Herrera alertaron a las autoridades municipales sobre extensos cierres perimetrales y construcciones il\u00edcitas.<\/figcaption><\/figure>\n","protected":false},"excerpt":{"rendered":"<p>PUTAENDO.- Fue la tarde de este jueves cuando el alcalde Guillermo Reyes Cortez conoci\u00f3 la toma ilegal de terrenos que nuevamente se ha producido en Callej\u00f3n Lo Aranda, en Quebrada de Herrera&#8230;.<\/p>\n","protected":false},"author":1,"featured_media":80794,"comment_status":"open","ping_status":"open","sticky":false,"template":"","format":"standard","meta":{"advanced_seo_description":"","jetpack_seo_html_title":"","jetpack_seo_noindex":false,"_jetpack_memberships_contains_paid_content":false,"footnotes":""},"categories":[1],"tags":[],"class_list":["post-80793","post","type-post","status-publish","format-standard","has-post-thumbnail","hentry","category-cronica"],"jetpack_featured_media_url":"https:\/\/i0.wp.com\/eltrabajo.cl\/portal\/wp-content\/uploads\/2017\/08\/Callejon1.jpg?fit=580%2C349&ssl=1","jetpack_sharing_enabled":true,"jetpack_likes_enabled":true,"jetpack-related-posts":[],"_links":{"self":[{"href":"https:\/\/eltrabajo.cl\/portal\/wp-json\/wp\/v2\/posts\/80793","targetHints":{"allow":["GET"]}}],"collection":[{"href":"https:\/\/eltrabajo.cl\/portal\/wp-json\/wp\/v2\/posts"}],"about":[{"href":"https:\/\/eltrabajo.cl\/portal\/wp-json\/wp\/v2\/types\/post"}],"author":[{"embeddable":true,"href":"https:\/\/eltrabajo.cl\/portal\/wp-json\/wp\/v2\/users\/1"}],"replies":[{"embeddable":true,"href":"https:\/\/eltrabajo.cl\/portal\/wp-json\/wp\/v2\/comments?post=80793"}],"version-history":[{"count":0,"href":"https:\/\/eltrabajo.cl\/portal\/wp-json\/wp\/v2\/posts\/80793\/revisions"}],"wp:featuredmedia":[{"embeddable":true,"href":"https:\/\/eltrabajo.cl\/portal\/wp-json\/wp\/v2\/media\/80794"}],"wp:attachment":[{"href":"https:\/\/eltrabajo.cl\/portal\/wp-json\/wp\/v2\/media?parent=80793"}],"wp:term":[{"taxonomy":"category","embeddable":true,"href":"https:\/\/eltrabajo.cl\/portal\/wp-json\/wp\/v2\/categories?post=80793"},{"taxonomy":"post_tag","embeddable":true,"href":"https:\/\/eltrabajo.cl\/portal\/wp-json\/wp\/v2\/tags?post=80793"}],"curies":[{"name":"wp","href":"https:\/\/api.w.org\/{rel}","templated":true}]}}