{"id":80805,"date":"2017-08-07T06:06:30","date_gmt":"2017-08-07T10:06:30","guid":{"rendered":"http:\/\/www.eltrabajo.cl\/2017\/?p=80805"},"modified":"2017-08-07T06:06:30","modified_gmt":"2017-08-07T10:06:30","slug":"piden-al-alcalde-freire-que-cambie-ubicacion-del-nuevo-estadio","status":"publish","type":"post","link":"https:\/\/eltrabajo.cl\/portal\/piden-al-alcalde-freire-que-cambie-ubicacion-del-nuevo-estadio\/","title":{"rendered":"Piden al alcalde Freire que cambie ubicaci\u00f3n del nuevo estadio"},"content":{"rendered":"<figure id=\"attachment_80806\" aria-describedby=\"caption-attachment-80806\" style=\"width: 580px\" class=\"wp-caption alignnone\"><img data-recalc-dims=\"1\" loading=\"lazy\" decoding=\"async\" class=\"size-full wp-image-80806\" src=\"https:\/\/i0.wp.com\/www.eltrabajo.cl\/2017\/wp-content\/uploads\/2017\/08\/Jaime-Amar.jpg?resize=580%2C350\" alt=\"Jaime Amar Amar durante el programa Aconcagua Vota.\" width=\"580\" height=\"350\" srcset=\"https:\/\/i0.wp.com\/eltrabajo.cl\/portal\/wp-content\/uploads\/2017\/08\/Jaime-Amar.jpg?w=580&amp;ssl=1 580w, https:\/\/i0.wp.com\/eltrabajo.cl\/portal\/wp-content\/uploads\/2017\/08\/Jaime-Amar.jpg?resize=200%2C121&amp;ssl=1 200w, https:\/\/i0.wp.com\/eltrabajo.cl\/portal\/wp-content\/uploads\/2017\/08\/Jaime-Amar.jpg?resize=300%2C181&amp;ssl=1 300w, https:\/\/i0.wp.com\/eltrabajo.cl\/portal\/wp-content\/uploads\/2017\/08\/Jaime-Amar.jpg?resize=249%2C150&amp;ssl=1 249w, https:\/\/i0.wp.com\/eltrabajo.cl\/portal\/wp-content\/uploads\/2017\/08\/Jaime-Amar.jpg?resize=400%2C241&amp;ssl=1 400w\" sizes=\"auto, (max-width: 580px) 100vw, 580px\" \/><figcaption id=\"caption-attachment-80806\" class=\"wp-caption-text\">Jaime Amar Amar durante el programa Aconcagua Vota.<\/figcaption><\/figure>\n<ul>\n<li><span style=\"color: #ff0000;\"><strong>Exalcalde Jaime Amar:<\/strong><\/span><\/li>\n<\/ul>\n<p>Fue en el programa Aconcagua Vota, de Radio Aconcagua, en el que el exalcalde Jaime Amar Amar, quien participa como panelista junto a Marco Vergara, Mauricio Quiroz y Rolando Stevenson, llam\u00f3 formalmente al actual alcalde Patricio Freire Canto a cambiar el lugar para el nuevo estadio.<br \/>\nA parte de eso hizo tambi\u00e9n una reflexi\u00f3n con respecto a los candidatos a parlamentario por esta zona, indicando que no le cabe duda aparecen en tiempos de elecciones y despu\u00e9s no aparecen m\u00e1s. Amar se\u00f1al\u00f3 tambi\u00e9n que tanto la regi\u00f3n de Aconcagua como el nuevo estadio se han se han transformado en \u00edconos de todos los candidatos.<br \/>\n\u00abAc\u00e1 hay cosas muy llamativas de capricho, yo no s\u00e9 si ustedes les ha estado llegando cierta informaci\u00f3n que guarda relaci\u00f3n espec\u00edficamente a propiedades colindantes donde se va a construir el estadio y eso creo que deber\u00eda tambi\u00e9n considerarse dentro del proceso que es muy llamativo, a mi me ha llegado informaci\u00f3n la cual no voy a ir yo al Conservador a ver los roles, pero me mandan informaci\u00f3n que es bastante comprometedora y yo creo que por el bien de esta ciudad, yo quiero pedirle al alcalde que cambie el lugar, en el estudio que se entreg\u00f3 el 4 de noviembre del 2012 est\u00e1 claramente descrito que ese lugar no sirve espec\u00edficamente para el estadio y de una vez por todas que se someta a un nuevo proceso\u00bb, dice Amar.<br \/>\nTambi\u00e9n emplaz\u00f3 al actual Concejo Municipal que debiera tomar raz\u00f3n en el proyecto del nuevo estadio porque ellos lo han ratificado debido a que tienen una visi\u00f3n distinta \u00abno comparten la situaci\u00f3n que est\u00e1 pasando y fuera de eso hemos perdido cinco a\u00f1os producto de una situaci\u00f3n caprichosa y que hoy d\u00eda con la documentaci\u00f3n que le empieza a llegar a uno por distintas v\u00edas empieza lamentablemente a tener una idea poco compleja, no me atrevo a decir una situaci\u00f3n oscura como lo hicieron conmigo espec\u00edficamente por un error del abogado en que salieron alguno y me fueron a acusar al CDE que yo era socio de una inmobiliaria, una empresa de Transporte Marian y que yo era socio y por eso yo tuve que abrir mis cuentas bancarias y entreg\u00e1rselas a fiscal\u00eda, para que me la revisaran, pero hoy he recibido mucha informaci\u00f3n que da\u00f1a mucho y que llama a uno a tener signos de interrogaci\u00f3n de este capricho de por qu\u00e9 el estadio en un lugar que no cumple, yo me pregunto por donde salen las barras por donde salen e ingresan los veh\u00edculos\u00bb, se\u00f1al\u00f3 Amar.<br \/>\nLa informaci\u00f3n que ha recibido el exalcalde es que hay terrenos aleda\u00f1os al lugar del nuevo estadio que comprometer\u00eda a algunas autoridades. Se\u00f1alar que el nuevo estadio de San Felipe llevar\u00e1 el nombre del destacado relator de f\u00fatbol Javier Mu\u00f1oz, y se emplazar\u00e1 en el estadio fiscal ubicado en Calle Santiago Bueras.<\/p>\n","protected":false},"excerpt":{"rendered":"<p>Exalcalde Jaime Amar: Fue en el programa Aconcagua Vota, de Radio Aconcagua, en el que el exalcalde Jaime Amar Amar, quien participa como panelista junto a Marco Vergara, Mauricio Quiroz y Rolando&#8230;<\/p>\n","protected":false},"author":1,"featured_media":80806,"comment_status":"open","ping_status":"open","sticky":false,"template":"","format":"standard","meta":{"advanced_seo_description":"","jetpack_seo_html_title":"","jetpack_seo_noindex":false,"_jetpack_memberships_contains_paid_content":false,"footnotes":""},"categories":[1],"tags":[],"class_list":["post-80805","post","type-post","status-publish","format-standard","has-post-thumbnail","hentry","category-cronica"],"jetpack_featured_media_url":"https:\/\/i0.wp.com\/eltrabajo.cl\/portal\/wp-content\/uploads\/2017\/08\/Jaime-Amar.jpg?fit=580%2C350&ssl=1","jetpack_sharing_enabled":true,"jetpack_likes_enabled":true,"jetpack-related-posts":[],"_links":{"self":[{"href":"https:\/\/eltrabajo.cl\/portal\/wp-json\/wp\/v2\/posts\/80805","targetHints":{"allow":["GET"]}}],"collection":[{"href":"https:\/\/eltrabajo.cl\/portal\/wp-json\/wp\/v2\/posts"}],"about":[{"href":"https:\/\/eltrabajo.cl\/portal\/wp-json\/wp\/v2\/types\/post"}],"author":[{"embeddable":true,"href":"https:\/\/eltrabajo.cl\/portal\/wp-json\/wp\/v2\/users\/1"}],"replies":[{"embeddable":true,"href":"https:\/\/eltrabajo.cl\/portal\/wp-json\/wp\/v2\/comments?post=80805"}],"version-history":[{"count":0,"href":"https:\/\/eltrabajo.cl\/portal\/wp-json\/wp\/v2\/posts\/80805\/revisions"}],"wp:featuredmedia":[{"embeddable":true,"href":"https:\/\/eltrabajo.cl\/portal\/wp-json\/wp\/v2\/media\/80806"}],"wp:attachment":[{"href":"https:\/\/eltrabajo.cl\/portal\/wp-json\/wp\/v2\/media?parent=80805"}],"wp:term":[{"taxonomy":"category","embeddable":true,"href":"https:\/\/eltrabajo.cl\/portal\/wp-json\/wp\/v2\/categories?post=80805"},{"taxonomy":"post_tag","embeddable":true,"href":"https:\/\/eltrabajo.cl\/portal\/wp-json\/wp\/v2\/tags?post=80805"}],"curies":[{"name":"wp","href":"https:\/\/api.w.org\/{rel}","templated":true}]}}