{"id":80808,"date":"2017-08-07T06:05:42","date_gmt":"2017-08-07T10:05:42","guid":{"rendered":"http:\/\/www.eltrabajo.cl\/2017\/?p=80808"},"modified":"2017-08-07T06:05:42","modified_gmt":"2017-08-07T10:05:42","slug":"medico-a-domicilio-san-felipe-cumplio-18-anos-de-trabajo-en-terreno","status":"publish","type":"post","link":"https:\/\/eltrabajo.cl\/portal\/medico-a-domicilio-san-felipe-cumplio-18-anos-de-trabajo-en-terreno\/","title":{"rendered":"\u2018M\u00e9dico a domicilio San Felipe\u2019 cumpli\u00f3 18 a\u00f1os de trabajo en terreno"},"content":{"rendered":"<figure id=\"attachment_80811\" aria-describedby=\"caption-attachment-80811\" style=\"width: 580px\" class=\"wp-caption alignnone\"><img data-recalc-dims=\"1\" loading=\"lazy\" decoding=\"async\" class=\"size-full wp-image-80811\" src=\"https:\/\/i0.wp.com\/www.eltrabajo.cl\/2017\/wp-content\/uploads\/2017\/08\/Medicos2.jpg?resize=580%2C350\" alt=\"G\u00c9NESIS EMPRESARIAL.- Con dos personas y una peque\u00f1a unidad de transporte, as\u00ed inici\u00f3 esta empresa sanfelipe\u00f1a en 1999.\" width=\"580\" height=\"350\" srcset=\"https:\/\/i0.wp.com\/eltrabajo.cl\/portal\/wp-content\/uploads\/2017\/08\/Medicos2.jpg?w=580&amp;ssl=1 580w, https:\/\/i0.wp.com\/eltrabajo.cl\/portal\/wp-content\/uploads\/2017\/08\/Medicos2.jpg?resize=200%2C121&amp;ssl=1 200w, https:\/\/i0.wp.com\/eltrabajo.cl\/portal\/wp-content\/uploads\/2017\/08\/Medicos2.jpg?resize=300%2C181&amp;ssl=1 300w, https:\/\/i0.wp.com\/eltrabajo.cl\/portal\/wp-content\/uploads\/2017\/08\/Medicos2.jpg?resize=249%2C150&amp;ssl=1 249w, https:\/\/i0.wp.com\/eltrabajo.cl\/portal\/wp-content\/uploads\/2017\/08\/Medicos2.jpg?resize=400%2C241&amp;ssl=1 400w\" sizes=\"auto, (max-width: 580px) 100vw, 580px\" \/><figcaption id=\"caption-attachment-80811\" class=\"wp-caption-text\">G\u00c9NESIS EMPRESARIAL.- Con dos personas y una peque\u00f1a unidad de transporte, as\u00ed inici\u00f3 esta empresa sanfelipe\u00f1a en 1999.<\/figcaption><\/figure>\n<ul>\n<li><span style=\"color: #ff0000;\"><strong>Galenos celebraron aniversario con elegante cena privada:<\/strong><\/span><\/li>\n<\/ul>\n<p>Fue en un sal\u00f3n privado de un conocido restaurante en pleno centro de San Felipe, en donde se reuni\u00f3 un selecto grupo de profesionales de la salud la noche de este viernes para celebrar los 18 a\u00f1os de la empresa a la que ellos sirven. Se trata de M\u00e9dico a domicilio San Felipe, empresa que desde el 6 de agosto de 1999 hasta la fecha atendi\u00f3 unas 25.000 personas, las que lograron recibir esa atenci\u00f3n m\u00e9dica personalizada en el seno de su hogar cuando as\u00ed lo quer\u00edan.<br \/>\nDiario El Trabajo habl\u00f3 con Carlos Gallardo Rodr\u00edguez, representante legal de M\u00e9dico a Domicilio San Felipe, quien nos explic\u00f3 que \u00abnosotros somos el \u00fanico grupo m\u00e9dico particular que ya estamos atendiendo en sus casas al abuelo, la madre y los hijos, este es un exitoso proyecto que naci\u00f3 luego de enfrentar una emergencia con una de mis hijas, no encontr\u00e1bamos la manera de salir del problema de salud que ella ten\u00eda, fue luego de pasar un mal rato y luego tambi\u00e9n que ella fuera atendida, que se me ocurri\u00f3 plantearle la idea a ese m\u00e9dico, as\u00ed logramos en poco tiempo armar nuestro primer equipo de profesionales\u00bb, coment\u00f3 Rodr\u00edguez.<\/p>\n<p><span style=\"color: #ff0000;\"><strong>HACE 18 A\u00d1OS<\/strong><\/span><br \/>\nEsta empresa sanfelipe\u00f1a cuenta con un director m\u00e9dico; un representante legal y el alma de la empresa: sus m\u00e9dicos, pues son ellos quienes acuden de inmediato a los hogares donde se les requiere, brindando atenci\u00f3n tanto en San Felipe como en Llay Llay, Catemu, Putaendo, Santa Mar\u00eda y Panquehue.<br \/>\n\u00abAhora que cumplimos nuestros 18 a\u00f1os, puedo recordar a nuestros primeros m\u00e9dicos, el Dr. Eugenio Mu\u00f1oz; Cirujano Marcelo Y\u00e1\u00f1ez, Traumat\u00f3logo Juan Rojas y el Internista Nelson Mellado entre muchos otros profesionales, somos m\u00e1s que una empresa de servicio, somos una empresa familiar\u00bb, agreg\u00f3 Gallardo.<br \/>\nEn M\u00e9dico a domicilio de San Felipe actualmente laboran los doctores Cristian Bahamonde, Jaime Marchatt, Jorge Tatini, Kinesi\u00f3loga Sissy Gallardo, la Matrona Lucy Gallardo y el mismo Carlos Gallardo como administrador y representante legal.<br \/>\n\u00abEsta gala de aniversario es para agradecer a nuestros m\u00e9dicos su lealtad a lo largo de estos 18 a\u00f1os al servicio de nuestros clientes. Nos hemos llevado la grata experiencia al saber que hemos podido salvar vidas, que nuestros m\u00e9dicos han llegado en el momento preciso para coordinar un traslado oportuno que le permiti\u00f3 a un paciente, o a varios, seguir viviendo y ser atendido justo a tiempo, \u00e9se es el esp\u00edritu de nuestra empresa, servir a nuestros usuarios\u00bb, agreg\u00f3 Rodr\u00edguez a Diario El Trabajo.<br \/>\nPor las vidas salvadas; por la comodidad para los usuarios; por los 15 a\u00f1os de trabajo continuo y por los muchos que vendr\u00e1n, quienes laboramos en Diario El Trabajo hoy felicitamos p\u00fablicamente a este grupo ejemplar de m\u00e9dicos al servicio de la comunidad.<br \/>\n<strong>Roberto Gonz\u00e1lez Short<\/strong><\/p>\n<figure id=\"attachment_80809\" aria-describedby=\"caption-attachment-80809\" style=\"width: 580px\" class=\"wp-caption alignnone\"><img data-recalc-dims=\"1\" loading=\"lazy\" decoding=\"async\" class=\"size-full wp-image-80809\" src=\"https:\/\/i0.wp.com\/www.eltrabajo.cl\/2017\/wp-content\/uploads\/2017\/08\/Medicos_Carlos-Gallardo.jpg?resize=580%2C508\" alt=\"Carlos Gallardo Rodr\u00edguez, representante legal de M\u00e9dico a Domicilio San Felipe.\" width=\"580\" height=\"508\" srcset=\"https:\/\/i0.wp.com\/eltrabajo.cl\/portal\/wp-content\/uploads\/2017\/08\/Medicos_Carlos-Gallardo.jpg?w=580&amp;ssl=1 580w, https:\/\/i0.wp.com\/eltrabajo.cl\/portal\/wp-content\/uploads\/2017\/08\/Medicos_Carlos-Gallardo.jpg?resize=171%2C150&amp;ssl=1 171w, https:\/\/i0.wp.com\/eltrabajo.cl\/portal\/wp-content\/uploads\/2017\/08\/Medicos_Carlos-Gallardo.jpg?resize=300%2C263&amp;ssl=1 300w, https:\/\/i0.wp.com\/eltrabajo.cl\/portal\/wp-content\/uploads\/2017\/08\/Medicos_Carlos-Gallardo.jpg?resize=400%2C350&amp;ssl=1 400w\" sizes=\"auto, (max-width: 580px) 100vw, 580px\" \/><figcaption id=\"caption-attachment-80809\" class=\"wp-caption-text\">Carlos Gallardo Rodr\u00edguez, representante legal de M\u00e9dico a Domicilio San Felipe.<\/figcaption><\/figure>\n<figure id=\"attachment_80810\" aria-describedby=\"caption-attachment-80810\" style=\"width: 580px\" class=\"wp-caption alignnone\"><img data-recalc-dims=\"1\" loading=\"lazy\" decoding=\"async\" class=\"size-full wp-image-80810\" src=\"https:\/\/i0.wp.com\/www.eltrabajo.cl\/2017\/wp-content\/uploads\/2017\/08\/Medicos1.jpg?resize=580%2C350\" alt=\"M\u00c9DICOS DISPONIBLES.- Ellos son parte de la gran familia de m\u00e9dicos que conforman la empresa M\u00e9dico a Domicilio San Felipe, celebrando sus 18 a\u00f1os como empresa.\" width=\"580\" height=\"350\" srcset=\"https:\/\/i0.wp.com\/eltrabajo.cl\/portal\/wp-content\/uploads\/2017\/08\/Medicos1.jpg?w=580&amp;ssl=1 580w, https:\/\/i0.wp.com\/eltrabajo.cl\/portal\/wp-content\/uploads\/2017\/08\/Medicos1.jpg?resize=200%2C121&amp;ssl=1 200w, https:\/\/i0.wp.com\/eltrabajo.cl\/portal\/wp-content\/uploads\/2017\/08\/Medicos1.jpg?resize=300%2C181&amp;ssl=1 300w, https:\/\/i0.wp.com\/eltrabajo.cl\/portal\/wp-content\/uploads\/2017\/08\/Medicos1.jpg?resize=249%2C150&amp;ssl=1 249w, https:\/\/i0.wp.com\/eltrabajo.cl\/portal\/wp-content\/uploads\/2017\/08\/Medicos1.jpg?resize=400%2C241&amp;ssl=1 400w\" sizes=\"auto, (max-width: 580px) 100vw, 580px\" \/><figcaption id=\"caption-attachment-80810\" class=\"wp-caption-text\">M\u00c9DICOS DISPONIBLES.- Ellos son parte de la gran familia de m\u00e9dicos que conforman la empresa M\u00e9dico a Domicilio San Felipe, celebrando sus 18 a\u00f1os como empresa.<\/figcaption><\/figure>\n<figure id=\"attachment_80812\" aria-describedby=\"caption-attachment-80812\" style=\"width: 580px\" class=\"wp-caption alignnone\"><img data-recalc-dims=\"1\" loading=\"lazy\" decoding=\"async\" class=\"size-full wp-image-80812\" src=\"https:\/\/i0.wp.com\/www.eltrabajo.cl\/2017\/wp-content\/uploads\/2017\/08\/Medicos3.jpg?resize=580%2C349\" alt=\"TRAS 18 A\u00d1OS DE TRABAJO.- Los profesionales de esta empresa recibieron tambi\u00e9n el agradecimiento personal del fundador de la empresa.\" width=\"580\" height=\"349\" srcset=\"https:\/\/i0.wp.com\/eltrabajo.cl\/portal\/wp-content\/uploads\/2017\/08\/Medicos3.jpg?w=580&amp;ssl=1 580w, https:\/\/i0.wp.com\/eltrabajo.cl\/portal\/wp-content\/uploads\/2017\/08\/Medicos3.jpg?resize=200%2C120&amp;ssl=1 200w, https:\/\/i0.wp.com\/eltrabajo.cl\/portal\/wp-content\/uploads\/2017\/08\/Medicos3.jpg?resize=300%2C181&amp;ssl=1 300w, https:\/\/i0.wp.com\/eltrabajo.cl\/portal\/wp-content\/uploads\/2017\/08\/Medicos3.jpg?resize=249%2C150&amp;ssl=1 249w, https:\/\/i0.wp.com\/eltrabajo.cl\/portal\/wp-content\/uploads\/2017\/08\/Medicos3.jpg?resize=400%2C241&amp;ssl=1 400w\" sizes=\"auto, (max-width: 580px) 100vw, 580px\" \/><figcaption id=\"caption-attachment-80812\" class=\"wp-caption-text\">TRAS 18 A\u00d1OS DE TRABAJO.- Los profesionales de esta empresa recibieron tambi\u00e9n el agradecimiento personal del fundador de la empresa.<\/figcaption><\/figure>\n","protected":false},"excerpt":{"rendered":"<p>Galenos celebraron aniversario con elegante cena privada: Fue en un sal\u00f3n privado de un conocido restaurante en pleno centro de San Felipe, en donde se reuni\u00f3 un selecto grupo de profesionales de&#8230;<\/p>\n","protected":false},"author":1,"featured_media":80810,"comment_status":"open","ping_status":"open","sticky":false,"template":"","format":"standard","meta":{"advanced_seo_description":"","jetpack_seo_html_title":"","jetpack_seo_noindex":false,"_jetpack_memberships_contains_paid_content":false,"footnotes":""},"categories":[15],"tags":[],"class_list":["post-80808","post","type-post","status-publish","format-standard","has-post-thumbnail","hentry","category-comunidad"],"jetpack_featured_media_url":"https:\/\/i0.wp.com\/eltrabajo.cl\/portal\/wp-content\/uploads\/2017\/08\/Medicos1.jpg?fit=580%2C350&ssl=1","jetpack_sharing_enabled":true,"jetpack_likes_enabled":true,"jetpack-related-posts":[],"_links":{"self":[{"href":"https:\/\/eltrabajo.cl\/portal\/wp-json\/wp\/v2\/posts\/80808","targetHints":{"allow":["GET"]}}],"collection":[{"href":"https:\/\/eltrabajo.cl\/portal\/wp-json\/wp\/v2\/posts"}],"about":[{"href":"https:\/\/eltrabajo.cl\/portal\/wp-json\/wp\/v2\/types\/post"}],"author":[{"embeddable":true,"href":"https:\/\/eltrabajo.cl\/portal\/wp-json\/wp\/v2\/users\/1"}],"replies":[{"embeddable":true,"href":"https:\/\/eltrabajo.cl\/portal\/wp-json\/wp\/v2\/comments?post=80808"}],"version-history":[{"count":0,"href":"https:\/\/eltrabajo.cl\/portal\/wp-json\/wp\/v2\/posts\/80808\/revisions"}],"wp:featuredmedia":[{"embeddable":true,"href":"https:\/\/eltrabajo.cl\/portal\/wp-json\/wp\/v2\/media\/80810"}],"wp:attachment":[{"href":"https:\/\/eltrabajo.cl\/portal\/wp-json\/wp\/v2\/media?parent=80808"}],"wp:term":[{"taxonomy":"category","embeddable":true,"href":"https:\/\/eltrabajo.cl\/portal\/wp-json\/wp\/v2\/categories?post=80808"},{"taxonomy":"post_tag","embeddable":true,"href":"https:\/\/eltrabajo.cl\/portal\/wp-json\/wp\/v2\/tags?post=80808"}],"curies":[{"name":"wp","href":"https:\/\/api.w.org\/{rel}","templated":true}]}}