{"id":80814,"date":"2017-08-07T06:07:31","date_gmt":"2017-08-07T10:07:31","guid":{"rendered":"http:\/\/www.eltrabajo.cl\/2017\/?p=80814"},"modified":"2017-08-07T06:07:31","modified_gmt":"2017-08-07T10:07:31","slug":"radio-aconcagua-celebro-61-anos-de-transmision-ininterrumpida","status":"publish","type":"post","link":"https:\/\/eltrabajo.cl\/portal\/radio-aconcagua-celebro-61-anos-de-transmision-ininterrumpida\/","title":{"rendered":"Radio Aconcagua celebr\u00f3 61 a\u00f1os de transmisi\u00f3n ininterrumpida"},"content":{"rendered":"<figure id=\"attachment_80818\" aria-describedby=\"caption-attachment-80818\" style=\"width: 580px\" class=\"wp-caption alignnone\"><img data-recalc-dims=\"1\" loading=\"lazy\" decoding=\"async\" class=\"size-full wp-image-80818\" src=\"https:\/\/i0.wp.com\/www.eltrabajo.cl\/2017\/wp-content\/uploads\/2017\/08\/Radio3.jpg?resize=580%2C349\" alt=\"SUS RECUERDOS.- Eugenio Cornejo mostr\u00f3 a Diario El Trabajo algunas fotograf\u00edas en las que se aprecian los mejores momentos de su vida profesional.\" width=\"580\" height=\"349\" srcset=\"https:\/\/i0.wp.com\/eltrabajo.cl\/portal\/wp-content\/uploads\/2017\/08\/Radio3.jpg?w=580&amp;ssl=1 580w, https:\/\/i0.wp.com\/eltrabajo.cl\/portal\/wp-content\/uploads\/2017\/08\/Radio3.jpg?resize=200%2C120&amp;ssl=1 200w, https:\/\/i0.wp.com\/eltrabajo.cl\/portal\/wp-content\/uploads\/2017\/08\/Radio3.jpg?resize=300%2C181&amp;ssl=1 300w, https:\/\/i0.wp.com\/eltrabajo.cl\/portal\/wp-content\/uploads\/2017\/08\/Radio3.jpg?resize=249%2C150&amp;ssl=1 249w, https:\/\/i0.wp.com\/eltrabajo.cl\/portal\/wp-content\/uploads\/2017\/08\/Radio3.jpg?resize=400%2C241&amp;ssl=1 400w\" sizes=\"auto, (max-width: 580px) 100vw, 580px\" \/><figcaption id=\"caption-attachment-80818\" class=\"wp-caption-text\">SUS RECUERDOS.- Eugenio Cornejo mostr\u00f3 a Diario El Trabajo algunas fotograf\u00edas en las que se aprecian los mejores momentos de su vida profesional.<\/figcaption><\/figure>\n<p>Una marat\u00f3n de elogios, aplausos y felicitaciones de los miles de auditores y decenas de autoridades de todo el Valle de Aconcagua ha sido el que en los \u00faltimos d\u00edas ha desfilado en las dependencias de Radio Aconcagua, pues esta plataforma radial sanfelipe\u00f1a cumpli\u00f3 el viernes 4 de agosto sus 61 a\u00f1os de mantener ininterrumpidamente su se\u00f1al.<br \/>\nFue en el Studio Javier Mu\u00f1oz, cabina principal de la radio, en donde se desarrollaron muchos programas especiales durante todo el viernes, a dichos espacios acudieron las m\u00e1s vers\u00e1tiles figuras del mundo de la radio local para imprimir con sus voces el j\u00fabilo general que se respira en la ciudad por estas m\u00e1s de seis d\u00e9cadas de trabajo period\u00edstico y de entretenimiento.<\/p>\n<p><strong><span style=\"color: #ff0000;\">EUGENIO CORNEJO<\/span><\/strong><br \/>\nDiario El Trabajo habl\u00f3 con Eugenio Cornejo, periodista y director general de Radio Aconcagua, \u00e9l explic\u00f3 a nuestro medio c\u00f3mo fueron los inicios de la radio y c\u00f3mo \u00e9l y su equipo han sostenido tambi\u00e9n desde 2004 los destinos de la emisora.<br \/>\n<strong>&#8211; \u00bfC\u00f3mo naci\u00f3 Radio Aconcagua y cu\u00e1ndo?<\/strong><br \/>\n&#8211; Radio Aconcagua naci\u00f3 de la mano de don Ra\u00fal Grez Gonz\u00e1lez, \u00e9l trabaj\u00f3 en otros medios. La emisora naci\u00f3 el s\u00e1bado 4 de agosto de 1956, \u00e9l y su familia le pusieron alma vida coraz\u00f3n a esta emisora. La radio naci\u00f3 en los altos de Farmacia Ahumada, ellos la administraron hasta el a\u00f1o 2003, en 2004 la compramos nosotros, unificando en una se\u00f1al la de dos emisoras que estaban funcionando en ese tiempo, Radio Colunqu\u00e9n en FM y Radio Aconcagua en AM.<br \/>\n<strong>&#8211; \u00bfCu\u00e1ntas personas laboran actualmente en esta emisora?<\/strong><br \/>\n&#8211; En Radio Aconcagua trabajamos unas 20 personas. Somos una emisora muy local e informativa, tenemos entretenci\u00f3n, noticias, deportes y estar muy cerca con los vecinos. Tenemos tres caballitos de batalla que nos permite ser la mejor emisora del valle: El Derecho al pataleo en la ma\u00f1ana, Deportes y Las Noticias.<br \/>\n<strong>&#8211; \u00bfC\u00f3mo ha reaccionado la gente durante este d\u00eda de cumplea\u00f1os?<\/strong><br \/>\n&#8211; Hoy (viernes) tuvimos una ma\u00f1ana muy movida, muchas llamadas y visita de autoridades para felicitarnos por nuestro aniversario. Queremos seguir siendo la mejor emisora del Valle de Aconcagua. La situaci\u00f3n econ\u00f3mica para los medios de comunicaci\u00f3n est\u00e1 muy dura, nosotros queremos seguir potenciando las redes sociales, las redes son muy poderosas en la actualidad.<br \/>\n<strong>&#8211; \u00bfC\u00f3mo ha interactuado la emisora en momentos de crisis en este tiempo?<\/strong><br \/>\n&#8211; Nuestra participaci\u00f3n como radioemisora fue crucial ha sido muy importante en casis de terremotos, eventos deportivos y generar presi\u00f3n para que no instalaran la c\u00e1rcel en Curim\u00f3n, entre otras.<br \/>\n<strong>&#8211; \u00bfA qui\u00e9nes agradece por este nuevo a\u00f1o de metas cumplidas?<\/strong><br \/>\n&#8211; Agradezco a todo el personal de la emisora, a los que est\u00e1n y a los que ya no siguen con nosotros. Siento que la radio es de la ciudad y nosotros solamente la administramos.<\/p>\n<p><span style=\"color: #ff0000;\"><strong>FELIZ CUMPLEA\u00d1OS<\/strong><\/span><br \/>\nEugenio Cornejo periodista. Empez\u00f3 justamente en esta emisora en 1984 cuando apenas era un colegial. Transit\u00f3 despu\u00e9s con Radio Preludio. Asumi\u00f3 luego la corresponsal\u00eda de Radio Nacional en Deportes, en Mega, en La Red, en Radio Chilena, que ya no existe. Esta trayectoria me llev\u00f3 a recibir varios premios en mi vida. Transmiti\u00f3 para medios chilenos el Mundial de F\u00fatbol Francia 1998, su voz se escuch\u00f3 durante electrizantes finales del f\u00fatbol nacional en much\u00edsimas oportunidades y desde 2004 tambi\u00e9n es la voz principal de la radio que dirige. Quienes laboramos en Diario El Trabajo hoy felicitamos a todo el personal de Radio Aconcagua, por sus 61 a\u00f1os de trabajo y desarrollo social en el Valle de Aconcagua.<br \/>\n<strong>Roberto Gonz\u00e1lez Short<\/strong><\/p>\n<figure id=\"attachment_80815\" aria-describedby=\"caption-attachment-80815\" style=\"width: 580px\" class=\"wp-caption alignnone\"><img data-recalc-dims=\"1\" loading=\"lazy\" decoding=\"async\" class=\"size-full wp-image-80815\" src=\"https:\/\/i0.wp.com\/www.eltrabajo.cl\/2017\/wp-content\/uploads\/2017\/08\/Radio_Eugenio-Cornejo.jpg?resize=580%2C558\" alt=\"Eugenio Cornejo, periodista y director general de Radio Aconcagua.\" width=\"580\" height=\"558\" srcset=\"https:\/\/i0.wp.com\/eltrabajo.cl\/portal\/wp-content\/uploads\/2017\/08\/Radio_Eugenio-Cornejo.jpg?w=580&amp;ssl=1 580w, https:\/\/i0.wp.com\/eltrabajo.cl\/portal\/wp-content\/uploads\/2017\/08\/Radio_Eugenio-Cornejo.jpg?resize=156%2C150&amp;ssl=1 156w, https:\/\/i0.wp.com\/eltrabajo.cl\/portal\/wp-content\/uploads\/2017\/08\/Radio_Eugenio-Cornejo.jpg?resize=300%2C289&amp;ssl=1 300w, https:\/\/i0.wp.com\/eltrabajo.cl\/portal\/wp-content\/uploads\/2017\/08\/Radio_Eugenio-Cornejo.jpg?resize=400%2C385&amp;ssl=1 400w\" sizes=\"auto, (max-width: 580px) 100vw, 580px\" \/><figcaption id=\"caption-attachment-80815\" class=\"wp-caption-text\">Eugenio Cornejo, periodista y director general de Radio Aconcagua.<\/figcaption><\/figure>\n<figure id=\"attachment_80816\" aria-describedby=\"caption-attachment-80816\" style=\"width: 580px\" class=\"wp-caption alignnone\"><img data-recalc-dims=\"1\" loading=\"lazy\" decoding=\"async\" class=\"size-full wp-image-80816\" src=\"https:\/\/i0.wp.com\/www.eltrabajo.cl\/2017\/wp-content\/uploads\/2017\/08\/Radio1.jpg?resize=580%2C350\" alt=\"SIEMPRE ACONCAGUA.- Aqu\u00ed tenemos a parte de la bater\u00eda de locutores y comentaristas estelares de Radio Aconcagua, celebrando en grande los 61 a\u00f1os de la emisora.\" width=\"580\" height=\"350\" srcset=\"https:\/\/i0.wp.com\/eltrabajo.cl\/portal\/wp-content\/uploads\/2017\/08\/Radio1.jpg?w=580&amp;ssl=1 580w, https:\/\/i0.wp.com\/eltrabajo.cl\/portal\/wp-content\/uploads\/2017\/08\/Radio1.jpg?resize=200%2C121&amp;ssl=1 200w, https:\/\/i0.wp.com\/eltrabajo.cl\/portal\/wp-content\/uploads\/2017\/08\/Radio1.jpg?resize=300%2C181&amp;ssl=1 300w, https:\/\/i0.wp.com\/eltrabajo.cl\/portal\/wp-content\/uploads\/2017\/08\/Radio1.jpg?resize=249%2C150&amp;ssl=1 249w, https:\/\/i0.wp.com\/eltrabajo.cl\/portal\/wp-content\/uploads\/2017\/08\/Radio1.jpg?resize=400%2C241&amp;ssl=1 400w\" sizes=\"auto, (max-width: 580px) 100vw, 580px\" \/><figcaption id=\"caption-attachment-80816\" class=\"wp-caption-text\">SIEMPRE ACONCAGUA.- Aqu\u00ed tenemos a parte de la bater\u00eda de locutores y comentaristas estelares de Radio Aconcagua, celebrando en grande los 61 a\u00f1os de la emisora.<\/figcaption><\/figure>\n<figure id=\"attachment_80817\" aria-describedby=\"caption-attachment-80817\" style=\"width: 580px\" class=\"wp-caption alignnone\"><img data-recalc-dims=\"1\" loading=\"lazy\" decoding=\"async\" class=\"size-full wp-image-80817\" src=\"https:\/\/i0.wp.com\/www.eltrabajo.cl\/2017\/wp-content\/uploads\/2017\/08\/Radio2.jpg?resize=580%2C349\" alt=\"SOLIDEZ RADIAL.- Manuel Vald\u00e9s, experimentado hombre con casi 50 a\u00f1os de carrera, es el director de Deportes en Radio Aconcagua.\" width=\"580\" height=\"349\" srcset=\"https:\/\/i0.wp.com\/eltrabajo.cl\/portal\/wp-content\/uploads\/2017\/08\/Radio2.jpg?w=580&amp;ssl=1 580w, https:\/\/i0.wp.com\/eltrabajo.cl\/portal\/wp-content\/uploads\/2017\/08\/Radio2.jpg?resize=200%2C120&amp;ssl=1 200w, https:\/\/i0.wp.com\/eltrabajo.cl\/portal\/wp-content\/uploads\/2017\/08\/Radio2.jpg?resize=300%2C181&amp;ssl=1 300w, https:\/\/i0.wp.com\/eltrabajo.cl\/portal\/wp-content\/uploads\/2017\/08\/Radio2.jpg?resize=249%2C150&amp;ssl=1 249w, https:\/\/i0.wp.com\/eltrabajo.cl\/portal\/wp-content\/uploads\/2017\/08\/Radio2.jpg?resize=400%2C241&amp;ssl=1 400w\" sizes=\"auto, (max-width: 580px) 100vw, 580px\" \/><figcaption id=\"caption-attachment-80817\" class=\"wp-caption-text\">SOLIDEZ RADIAL.- Manuel Vald\u00e9s, experimentado hombre con casi 50 a\u00f1os de carrera, es el director de Deportes en Radio Aconcagua.<\/figcaption><\/figure>\n<figure id=\"attachment_80819\" aria-describedby=\"caption-attachment-80819\" style=\"width: 580px\" class=\"wp-caption alignnone\"><img data-recalc-dims=\"1\" loading=\"lazy\" decoding=\"async\" class=\"size-full wp-image-80819\" src=\"https:\/\/i0.wp.com\/www.eltrabajo.cl\/2017\/wp-content\/uploads\/2017\/08\/Radio4.jpg?resize=580%2C585\" alt=\"\u00c9XITOS PERSONALES.- As\u00ed luc\u00eda Cornejo cuando \u00e9l era uno de los Rostros en la televisi\u00f3n chilena.\" width=\"580\" height=\"585\" srcset=\"https:\/\/i0.wp.com\/eltrabajo.cl\/portal\/wp-content\/uploads\/2017\/08\/Radio4.jpg?w=580&amp;ssl=1 580w, https:\/\/i0.wp.com\/eltrabajo.cl\/portal\/wp-content\/uploads\/2017\/08\/Radio4.jpg?resize=149%2C150&amp;ssl=1 149w, https:\/\/i0.wp.com\/eltrabajo.cl\/portal\/wp-content\/uploads\/2017\/08\/Radio4.jpg?resize=297%2C300&amp;ssl=1 297w, https:\/\/i0.wp.com\/eltrabajo.cl\/portal\/wp-content\/uploads\/2017\/08\/Radio4.jpg?resize=400%2C403&amp;ssl=1 400w\" sizes=\"auto, (max-width: 580px) 100vw, 580px\" \/><figcaption id=\"caption-attachment-80819\" class=\"wp-caption-text\">\u00c9XITOS PERSONALES.- As\u00ed luc\u00eda Cornejo cuando \u00e9l era uno de los Rostros en la televisi\u00f3n chilena.<\/figcaption><\/figure>\n","protected":false},"excerpt":{"rendered":"<p>Una marat\u00f3n de elogios, aplausos y felicitaciones de los miles de auditores y decenas de autoridades de todo el Valle de Aconcagua ha sido el que en los \u00faltimos d\u00edas ha desfilado&#8230;<\/p>\n","protected":false},"author":1,"featured_media":80816,"comment_status":"open","ping_status":"open","sticky":false,"template":"","format":"standard","meta":{"advanced_seo_description":"","jetpack_seo_html_title":"","jetpack_seo_noindex":false,"_jetpack_memberships_contains_paid_content":false,"footnotes":""},"categories":[15],"tags":[],"class_list":["post-80814","post","type-post","status-publish","format-standard","has-post-thumbnail","hentry","category-comunidad"],"jetpack_featured_media_url":"https:\/\/i0.wp.com\/eltrabajo.cl\/portal\/wp-content\/uploads\/2017\/08\/Radio1.jpg?fit=580%2C350&ssl=1","jetpack_sharing_enabled":true,"jetpack_likes_enabled":true,"jetpack-related-posts":[],"_links":{"self":[{"href":"https:\/\/eltrabajo.cl\/portal\/wp-json\/wp\/v2\/posts\/80814","targetHints":{"allow":["GET"]}}],"collection":[{"href":"https:\/\/eltrabajo.cl\/portal\/wp-json\/wp\/v2\/posts"}],"about":[{"href":"https:\/\/eltrabajo.cl\/portal\/wp-json\/wp\/v2\/types\/post"}],"author":[{"embeddable":true,"href":"https:\/\/eltrabajo.cl\/portal\/wp-json\/wp\/v2\/users\/1"}],"replies":[{"embeddable":true,"href":"https:\/\/eltrabajo.cl\/portal\/wp-json\/wp\/v2\/comments?post=80814"}],"version-history":[{"count":0,"href":"https:\/\/eltrabajo.cl\/portal\/wp-json\/wp\/v2\/posts\/80814\/revisions"}],"wp:featuredmedia":[{"embeddable":true,"href":"https:\/\/eltrabajo.cl\/portal\/wp-json\/wp\/v2\/media\/80816"}],"wp:attachment":[{"href":"https:\/\/eltrabajo.cl\/portal\/wp-json\/wp\/v2\/media?parent=80814"}],"wp:term":[{"taxonomy":"category","embeddable":true,"href":"https:\/\/eltrabajo.cl\/portal\/wp-json\/wp\/v2\/categories?post=80814"},{"taxonomy":"post_tag","embeddable":true,"href":"https:\/\/eltrabajo.cl\/portal\/wp-json\/wp\/v2\/tags?post=80814"}],"curies":[{"name":"wp","href":"https:\/\/api.w.org\/{rel}","templated":true}]}}