{"id":80827,"date":"2017-08-08T06:01:22","date_gmt":"2017-08-08T10:01:22","guid":{"rendered":"http:\/\/www.eltrabajo.cl\/2017\/?p=80827"},"modified":"2017-08-08T06:01:22","modified_gmt":"2017-08-08T10:01:22","slug":"san-felipe-basket-se-titula-campeon-en-la-serie-u13-de-la-libcentro-menores","status":"publish","type":"post","link":"https:\/\/eltrabajo.cl\/portal\/san-felipe-basket-se-titula-campeon-en-la-serie-u13-de-la-libcentro-menores\/","title":{"rendered":"San Felipe Basket se titula campe\u00f3n en la serie U13 de la Libcentro Menores"},"content":{"rendered":"<figure id=\"attachment_80828\" aria-describedby=\"caption-attachment-80828\" style=\"width: 580px\" class=\"wp-caption alignnone\"><img data-recalc-dims=\"1\" loading=\"lazy\" decoding=\"async\" class=\"size-full wp-image-80828\" src=\"https:\/\/i0.wp.com\/www.eltrabajo.cl\/2017\/wp-content\/uploads\/2017\/08\/san-felipe-basket-campoen.jpg?resize=580%2C349\" alt=\"San Felipe Basket se coron\u00f3 como el mejor de la serie U13 de la Libcentro Menores.\" width=\"580\" height=\"349\" srcset=\"https:\/\/i0.wp.com\/eltrabajo.cl\/portal\/wp-content\/uploads\/2017\/08\/san-felipe-basket-campoen.jpg?w=580&amp;ssl=1 580w, https:\/\/i0.wp.com\/eltrabajo.cl\/portal\/wp-content\/uploads\/2017\/08\/san-felipe-basket-campoen.jpg?resize=200%2C120&amp;ssl=1 200w, https:\/\/i0.wp.com\/eltrabajo.cl\/portal\/wp-content\/uploads\/2017\/08\/san-felipe-basket-campoen.jpg?resize=300%2C181&amp;ssl=1 300w, https:\/\/i0.wp.com\/eltrabajo.cl\/portal\/wp-content\/uploads\/2017\/08\/san-felipe-basket-campoen.jpg?resize=249%2C150&amp;ssl=1 249w, https:\/\/i0.wp.com\/eltrabajo.cl\/portal\/wp-content\/uploads\/2017\/08\/san-felipe-basket-campoen.jpg?resize=400%2C241&amp;ssl=1 400w\" sizes=\"auto, (max-width: 580px) 100vw, 580px\" \/><figcaption id=\"caption-attachment-80828\" class=\"wp-caption-text\">San Felipe Basket se coron\u00f3 como el mejor de la serie U13 de la Libcentro Menores.<\/figcaption><\/figure>\n<p>El quinteto menor de 13 a\u00f1os de San Felipe Basket supo sacar ventaja de su condici\u00f3n de anfitri\u00f3n para ganar de manera invicta el cuadrangular final de la Libcentro Menores serie U13 que entre el s\u00e1bado y domingo reci\u00e9n pasados se disput\u00f3 en el gimnasio del Liceo Mixto de San Felipe.<br \/>\nLos peque\u00f1os dirigidos por el profesor Felipe Rodr\u00edguez no tuvieron inconvenientes para imponer sus t\u00e9rminos en el mini torneo que casi sin contrapesos hicieron suyo al doblegar primero a Brisas por 47 a 39, despu\u00e9s 68 a 36 a Alem\u00e1n, cerrando todo el domingo con un vibrante 53 a 49 frente al buen equipo de Boston College.<br \/>\nEste t\u00edtulo es el quinto de San Felipe Basket en la Libcentro Menores, liga que lo posiciona como el club m\u00e1s ganador de todos, teniendo todav\u00eda en su poder el r\u00e9cord del a\u00f1o 2015, en el cual se impusieron en todas las series formativas, en una marca que dif\u00edcilmente podr\u00e1 ser igualada.<br \/>\nLas posiciones finales de la categor\u00eda U13 de la Libcentro qued\u00f3 de la siguiente manera:<br \/>\n1.- San Felipe Basket<br \/>\n2.- Boston College<br \/>\n3.- Brisas<br \/>\n4.- Alem\u00e1n<\/p>\n","protected":false},"excerpt":{"rendered":"<p>El quinteto menor de 13 a\u00f1os de San Felipe Basket supo sacar ventaja de su condici\u00f3n de anfitri\u00f3n para ganar de manera invicta el cuadrangular final de la Libcentro Menores serie U13&#8230;<\/p>\n","protected":false},"author":1,"featured_media":80828,"comment_status":"open","ping_status":"open","sticky":false,"template":"","format":"standard","meta":{"advanced_seo_description":"","jetpack_seo_html_title":"","jetpack_seo_noindex":false,"_jetpack_memberships_contains_paid_content":false,"footnotes":""},"categories":[19],"tags":[],"class_list":["post-80827","post","type-post","status-publish","format-standard","has-post-thumbnail","hentry","category-deportes"],"jetpack_featured_media_url":"https:\/\/i0.wp.com\/eltrabajo.cl\/portal\/wp-content\/uploads\/2017\/08\/san-felipe-basket-campoen.jpg?fit=580%2C349&ssl=1","jetpack_sharing_enabled":true,"jetpack_likes_enabled":true,"jetpack-related-posts":[],"_links":{"self":[{"href":"https:\/\/eltrabajo.cl\/portal\/wp-json\/wp\/v2\/posts\/80827","targetHints":{"allow":["GET"]}}],"collection":[{"href":"https:\/\/eltrabajo.cl\/portal\/wp-json\/wp\/v2\/posts"}],"about":[{"href":"https:\/\/eltrabajo.cl\/portal\/wp-json\/wp\/v2\/types\/post"}],"author":[{"embeddable":true,"href":"https:\/\/eltrabajo.cl\/portal\/wp-json\/wp\/v2\/users\/1"}],"replies":[{"embeddable":true,"href":"https:\/\/eltrabajo.cl\/portal\/wp-json\/wp\/v2\/comments?post=80827"}],"version-history":[{"count":0,"href":"https:\/\/eltrabajo.cl\/portal\/wp-json\/wp\/v2\/posts\/80827\/revisions"}],"wp:featuredmedia":[{"embeddable":true,"href":"https:\/\/eltrabajo.cl\/portal\/wp-json\/wp\/v2\/media\/80828"}],"wp:attachment":[{"href":"https:\/\/eltrabajo.cl\/portal\/wp-json\/wp\/v2\/media?parent=80827"}],"wp:term":[{"taxonomy":"category","embeddable":true,"href":"https:\/\/eltrabajo.cl\/portal\/wp-json\/wp\/v2\/categories?post=80827"},{"taxonomy":"post_tag","embeddable":true,"href":"https:\/\/eltrabajo.cl\/portal\/wp-json\/wp\/v2\/tags?post=80827"}],"curies":[{"name":"wp","href":"https:\/\/api.w.org\/{rel}","templated":true}]}}