{"id":80830,"date":"2017-08-08T06:02:11","date_gmt":"2017-08-08T10:02:11","guid":{"rendered":"http:\/\/www.eltrabajo.cl\/2017\/?p=80830"},"modified":"2017-08-08T06:02:11","modified_gmt":"2017-08-08T10:02:11","slug":"con-campana-educativa-promueven-uso-correcto-de-las-ciclovias","status":"publish","type":"post","link":"https:\/\/eltrabajo.cl\/portal\/con-campana-educativa-promueven-uso-correcto-de-las-ciclovias\/","title":{"rendered":"Con campa\u00f1a educativa promueven uso correcto de las ciclov\u00edas"},"content":{"rendered":"<figure id=\"attachment_80832\" aria-describedby=\"caption-attachment-80832\" style=\"width: 580px\" class=\"wp-caption alignnone\"><img data-recalc-dims=\"1\" loading=\"lazy\" decoding=\"async\" class=\"size-full wp-image-80832\" src=\"https:\/\/i0.wp.com\/www.eltrabajo.cl\/2017\/wp-content\/uploads\/2017\/08\/ciclovia.jpg?resize=580%2C350\" alt=\"Ciclistas y autoridades en conjunto trabajaron por promover el respeto entre peatones, ciclistas y automovilistas.\" width=\"580\" height=\"350\" srcset=\"https:\/\/i0.wp.com\/eltrabajo.cl\/portal\/wp-content\/uploads\/2017\/08\/ciclovia.jpg?w=580&amp;ssl=1 580w, https:\/\/i0.wp.com\/eltrabajo.cl\/portal\/wp-content\/uploads\/2017\/08\/ciclovia.jpg?resize=200%2C121&amp;ssl=1 200w, https:\/\/i0.wp.com\/eltrabajo.cl\/portal\/wp-content\/uploads\/2017\/08\/ciclovia.jpg?resize=300%2C181&amp;ssl=1 300w, https:\/\/i0.wp.com\/eltrabajo.cl\/portal\/wp-content\/uploads\/2017\/08\/ciclovia.jpg?resize=249%2C150&amp;ssl=1 249w, https:\/\/i0.wp.com\/eltrabajo.cl\/portal\/wp-content\/uploads\/2017\/08\/ciclovia.jpg?resize=400%2C241&amp;ssl=1 400w\" sizes=\"auto, (max-width: 580px) 100vw, 580px\" \/><figcaption id=\"caption-attachment-80832\" class=\"wp-caption-text\">Ciclistas y autoridades en conjunto trabajaron por promover el respeto entre peatones, ciclistas y automovilistas.<\/figcaption><\/figure>\n<ul>\n<li><strong><span style=\"color: #ff0000;\">Ciclistas sanfelipe\u00f1os y autoridades<\/span>:\u00a0En la oportunidad se incentiv\u00f3 el respeto vial entre peatones, ciclistas y automovilistas.<\/strong><\/li>\n<\/ul>\n<p>En el marco del programa Calles Abiertas del Instituto Nacional de Deportes, el gobernador provincial de San Felipe de Aconcagua, Eduardo Le\u00f3n, en compa\u00f1\u00eda del alcalde de San Felipe, Patricio Freire, y la delegada biprovincial del Servicio de Vivienda y Urbanizaci\u00f3n (Serviu), Natalia R\u00edos, junto a integrantes de San Felipe Bike y ciclistas sanfelipe\u00f1os, incentivaron el respeto vial entre peatones, ciclistas y automovilistas, promoviendo el uso correcto de la ciclov\u00eda con una campa\u00f1a socioeducativa.<br \/>\nAl respecto, la delegada biprovincial del Serviu, Natalia R\u00edos, hizo hincapi\u00e9 en el respeto vial que deben tener los vecinos de San Felipe, explicando que \u00absiempre el peat\u00f3n es el primero en ser respetado, posteriormente la bicicleta y finalmente el automovilista, tenemos que respetarnos todos. Adem\u00e1s, se\u00f1alar que aparte de la difusi\u00f3n socioeducativa que estamos realizando con la primera fase de la ciclov\u00eda finalizada, adelantar que durante el mes de agosto estar\u00e1n iniciando las fases II y III del proyecto, por ende ya informaremos en su momento de aquello, sin embargo, hoy estamos muy contentos explic\u00e1ndole a la comunidad sanfelipe\u00f1a el correcto uso de la ciclov\u00eda\u00bb.<br \/>\nEn tanto, el alcalde de San Felipe, Patricio Freire, se\u00f1al\u00f3 que la ciclov\u00eda tiene \u00abvarios conceptos de uso, como por ejemplo, para ir al trabajo en bicicleta, adem\u00e1s, promueve la descontaminaci\u00f3n, para que los ciclistas dejen sus veh\u00edculos y utilicen la ciclov\u00eda, y por supuesto, el fomento de la vida sana con lo que significa el ejercicio de andar en bicicleta\u00bb.<br \/>\nFinalmente, Carlos Vicencio, presidente del Club San Felipe Bike, manifest\u00f3: \u00abPrimero que todo dar las gracias a las autoridades, por permitir que recuperemos nuestros espacios en la ciudad, ya que con la ciclov\u00eda nos vamos a sentir m\u00e1s seguros, con menos riesgos de ca\u00eddas o choques, y hacer un llamado a todos los ciudadanos en general, peat\u00f3n, ciclista y automovilistas, a educarnos en temas viales, para que seamos m\u00e1s hermanables y no nos estemos avasallando en el tema de quienes tienen preferencia, ya que todos tenemos un fin en com\u00fan que es estar sanos y llegar bien a nuestras casas\u00bb.<\/p>\n<figure id=\"attachment_80831\" aria-describedby=\"caption-attachment-80831\" style=\"width: 580px\" class=\"wp-caption alignnone\"><img data-recalc-dims=\"1\" loading=\"lazy\" decoding=\"async\" class=\"size-full wp-image-80831\" src=\"https:\/\/i0.wp.com\/www.eltrabajo.cl\/2017\/wp-content\/uploads\/2017\/08\/ciclovia-1.jpg?resize=580%2C350\" alt=\"Con la entrega de folletos se desarroll\u00f3 la campa\u00f1a de educaci\u00f3n en el correcto uso de las ciclov\u00edas, donde las preferencias las tiene primero el peat\u00f3n, despu\u00e9s el ciclista y finalmente el automovilista.\" width=\"580\" height=\"350\" srcset=\"https:\/\/i0.wp.com\/eltrabajo.cl\/portal\/wp-content\/uploads\/2017\/08\/ciclovia-1.jpg?w=580&amp;ssl=1 580w, https:\/\/i0.wp.com\/eltrabajo.cl\/portal\/wp-content\/uploads\/2017\/08\/ciclovia-1.jpg?resize=200%2C121&amp;ssl=1 200w, https:\/\/i0.wp.com\/eltrabajo.cl\/portal\/wp-content\/uploads\/2017\/08\/ciclovia-1.jpg?resize=300%2C181&amp;ssl=1 300w, https:\/\/i0.wp.com\/eltrabajo.cl\/portal\/wp-content\/uploads\/2017\/08\/ciclovia-1.jpg?resize=249%2C150&amp;ssl=1 249w, https:\/\/i0.wp.com\/eltrabajo.cl\/portal\/wp-content\/uploads\/2017\/08\/ciclovia-1.jpg?resize=400%2C241&amp;ssl=1 400w\" sizes=\"auto, (max-width: 580px) 100vw, 580px\" \/><figcaption id=\"caption-attachment-80831\" class=\"wp-caption-text\">Con la entrega de folletos se desarroll\u00f3 la campa\u00f1a de educaci\u00f3n en el correcto uso de las ciclov\u00edas, donde las preferencias las tiene primero el peat\u00f3n, despu\u00e9s el ciclista y finalmente el automovilista.<\/figcaption><\/figure>\n","protected":false},"excerpt":{"rendered":"<p>Ciclistas sanfelipe\u00f1os y autoridades:\u00a0En la oportunidad se incentiv\u00f3 el respeto vial entre peatones, ciclistas y automovilistas. En el marco del programa Calles Abiertas del Instituto Nacional de Deportes, el gobernador provincial de&#8230;<\/p>\n","protected":false},"author":1,"featured_media":80831,"comment_status":"open","ping_status":"open","sticky":false,"template":"","format":"standard","meta":{"advanced_seo_description":"","jetpack_seo_html_title":"","jetpack_seo_noindex":false,"_jetpack_memberships_contains_paid_content":false,"footnotes":""},"categories":[1],"tags":[],"class_list":["post-80830","post","type-post","status-publish","format-standard","has-post-thumbnail","hentry","category-cronica"],"jetpack_featured_media_url":"https:\/\/i0.wp.com\/eltrabajo.cl\/portal\/wp-content\/uploads\/2017\/08\/ciclovia-1.jpg?fit=580%2C350&ssl=1","jetpack_sharing_enabled":true,"jetpack_likes_enabled":true,"jetpack-related-posts":[],"_links":{"self":[{"href":"https:\/\/eltrabajo.cl\/portal\/wp-json\/wp\/v2\/posts\/80830","targetHints":{"allow":["GET"]}}],"collection":[{"href":"https:\/\/eltrabajo.cl\/portal\/wp-json\/wp\/v2\/posts"}],"about":[{"href":"https:\/\/eltrabajo.cl\/portal\/wp-json\/wp\/v2\/types\/post"}],"author":[{"embeddable":true,"href":"https:\/\/eltrabajo.cl\/portal\/wp-json\/wp\/v2\/users\/1"}],"replies":[{"embeddable":true,"href":"https:\/\/eltrabajo.cl\/portal\/wp-json\/wp\/v2\/comments?post=80830"}],"version-history":[{"count":0,"href":"https:\/\/eltrabajo.cl\/portal\/wp-json\/wp\/v2\/posts\/80830\/revisions"}],"wp:featuredmedia":[{"embeddable":true,"href":"https:\/\/eltrabajo.cl\/portal\/wp-json\/wp\/v2\/media\/80831"}],"wp:attachment":[{"href":"https:\/\/eltrabajo.cl\/portal\/wp-json\/wp\/v2\/media?parent=80830"}],"wp:term":[{"taxonomy":"category","embeddable":true,"href":"https:\/\/eltrabajo.cl\/portal\/wp-json\/wp\/v2\/categories?post=80830"},{"taxonomy":"post_tag","embeddable":true,"href":"https:\/\/eltrabajo.cl\/portal\/wp-json\/wp\/v2\/tags?post=80830"}],"curies":[{"name":"wp","href":"https:\/\/api.w.org\/{rel}","templated":true}]}}