{"id":80834,"date":"2017-08-08T06:03:40","date_gmt":"2017-08-08T10:03:40","guid":{"rendered":"http:\/\/www.eltrabajo.cl\/2017\/?p=80834"},"modified":"2017-08-08T06:03:40","modified_gmt":"2017-08-08T10:03:40","slug":"universidad-de-aconcagua-titulo-a-su-primera-generacion-de-enfermeria","status":"publish","type":"post","link":"https:\/\/eltrabajo.cl\/portal\/universidad-de-aconcagua-titulo-a-su-primera-generacion-de-enfermeria\/","title":{"rendered":"Universidad de Aconcagua titul\u00f3 a su primera generaci\u00f3n de Enfermer\u00eda"},"content":{"rendered":"<figure id=\"attachment_80837\" aria-describedby=\"caption-attachment-80837\" style=\"width: 580px\" class=\"wp-caption alignnone\"><img data-recalc-dims=\"1\" loading=\"lazy\" decoding=\"async\" class=\"size-full wp-image-80837\" src=\"https:\/\/i0.wp.com\/www.eltrabajo.cl\/2017\/wp-content\/uploads\/2017\/08\/Enfermeras3.jpg?resize=580%2C349\" alt=\"Fue un d\u00eda de fiesta para la Sede San Felipe de la Universidad de Aconcagua, pues tras haber iniciado sus programas en el 2011, la casa de estudios titul\u00f3 a su primera generaci\u00f3n de la carrera de Enfermer\u00eda.\" width=\"580\" height=\"349\" srcset=\"https:\/\/i0.wp.com\/eltrabajo.cl\/portal\/wp-content\/uploads\/2017\/08\/Enfermeras3.jpg?w=580&amp;ssl=1 580w, https:\/\/i0.wp.com\/eltrabajo.cl\/portal\/wp-content\/uploads\/2017\/08\/Enfermeras3.jpg?resize=200%2C120&amp;ssl=1 200w, https:\/\/i0.wp.com\/eltrabajo.cl\/portal\/wp-content\/uploads\/2017\/08\/Enfermeras3.jpg?resize=300%2C181&amp;ssl=1 300w, https:\/\/i0.wp.com\/eltrabajo.cl\/portal\/wp-content\/uploads\/2017\/08\/Enfermeras3.jpg?resize=249%2C150&amp;ssl=1 249w, https:\/\/i0.wp.com\/eltrabajo.cl\/portal\/wp-content\/uploads\/2017\/08\/Enfermeras3.jpg?resize=400%2C241&amp;ssl=1 400w\" sizes=\"auto, (max-width: 580px) 100vw, 580px\" \/><figcaption id=\"caption-attachment-80837\" class=\"wp-caption-text\">Fue un d\u00eda de fiesta para la Sede San Felipe de la Universidad de Aconcagua, pues tras haber iniciado sus programas en el 2011, la casa de estudios titul\u00f3 a su primera generaci\u00f3n de la carrera de Enfermer\u00eda.<\/figcaption><\/figure>\n<ul>\n<li><span style=\"color: #ff0000;\"><strong>Luego de seis a\u00f1os de existencia en la Sede San Felipe de la Universidad Aconcagua, la carrera de Enfermer\u00eda titul\u00f3 a 24 nuevos profesionales de la disciplina, los que festejaron este logro junto a sus familias, profesores y autoridades de la casa de estudios.<\/strong><\/span><\/li>\n<\/ul>\n<p>\u00abHoy nos despedimos como compa\u00f1eros, pero nos saludamos como colegas. No es un adi\u00f3s, es un hasta siempre\u00bb, con estas palabras Sandro Vargas Casanova, quien estudi\u00f3 enfermer\u00eda mientras cumpl\u00eda sus labores como T\u00e9cnico en Enfermer\u00eda en el Hospital Philippe Pinel, cerr\u00f3 el discurso de despedida a nombre de su generaci\u00f3n y dio paso al juramento de la carrera, con el que culmin\u00f3 la ceremonia.<br \/>\nFue un d\u00eda de fiesta para la Sede San Felipe de la Universidad de Aconcagua, pues tras haber iniciado sus programas en el 2011, la casa de estudios titul\u00f3 a su primera generaci\u00f3n de la carrera de Enfermer\u00eda, la que estuvo compuesta por los 24 primeros titulados. Muchos de ellos, llegaron a la UAC para estudiar el mismo tiempo que trabajaban en diferentes establecimientos como t\u00e9cnicos, mientras que algunos lo hicieron como estudiantes que reci\u00e9n egresaban de cuarto medio.<br \/>\nA lo largo del evento, la emoci\u00f3n fue la principal caracter\u00edstica, ya que los esfuerzos de los nuevos profesionales por conciliar trabajo, estudios, familia y responsabilidades encontraron su justo premio. \u00abMuchos de nuestros titulados se debieron trasladar desde diferentes partes del Valle de Aconcagua para estudiar, lo que represent\u00f3 cada d\u00eda un esfuerzo adicional. Incluso, algunos de ellos fueron padres o madres durante estos cinco a\u00f1os y siempre se dieron tiempo para seguir adelante\u00bb, destac\u00f3 el director de la Sede San Felipe, Javier Cerda.<br \/>\nDurante la actividad, tanto Cerda como la directora de la carrera, Gladys Arroyo, agradecieron a todos quienes hicieron posible la concreci\u00f3n de este proyecto, como son los directivos de la casa de estudios, los municipios del Valle de Aconcagua, el Servicio de Salud y por supuesto, los estudiantes y sus familias, los que con su confianza solidificaron las bases de esta iniciativa.<br \/>\n\u00abAc\u00e1 hay un trabajo conjunto de muchas instituciones y personas, tanto fuera como dentro de la universidad. As\u00ed como hemos tenido el apoyo del Servicio de Salud Aconcagua y los municipios, tambi\u00e9n debemos reconocer el trabajo de nuestro equipo de enfermer\u00eda y de todas las personas que trabajan en la Sede San Felipe, que siempre nos brindaron su apoyo y colaboraci\u00f3n\u00bb, sostuvo Gladys Arroyo.<br \/>\nLos premios institucionales al m\u00e9rito acad\u00e9mico recayeron en Mar\u00eda Alejandra Mu\u00f1oz y Ver\u00f3nica Gallardo, mientras que la distinci\u00f3n m\u00e1xima fue recibida por Mar\u00eda Elena Toro y Karina Wede. El reconocimiento al docente destacado lo recibi\u00f3 el docente Alejandro Arroyo V\u00e1squez. \u00abEsto es muy emocionante. Han sido a\u00f1os de esfuerzo, de trabajo, de sacrificio, muchas horas de estudio y de pr\u00e1ctica. Estoy muy feliz y orgullosa de ser Enfermera de la Universidad de Aconcagua\u00bb, destac\u00f3 Karina Wede.<br \/>\n\u00abPara nosotros como universidad es muy significativo este momento. No s\u00f3lo por lo acad\u00e9mico o institucional, si no porque adem\u00e1s le estamos entregando al Valle de Aconcagua nuevos profesionales de la salud en el mismo mes en que San Felipe festeja un nuevo aniversario, lo que tambi\u00e9n nos llena de alegr\u00eda\u00bb, manifest\u00f3 el Rector de la UAC, Roberto Castro en su discurso ante las m\u00e1s de 250 personas asistentes.<\/p>\n<figure id=\"attachment_80835\" aria-describedby=\"caption-attachment-80835\" style=\"width: 580px\" class=\"wp-caption alignnone\"><img data-recalc-dims=\"1\" loading=\"lazy\" decoding=\"async\" class=\"size-full wp-image-80835\" src=\"https:\/\/i0.wp.com\/www.eltrabajo.cl\/2017\/wp-content\/uploads\/2017\/08\/Enfermeras1.jpg?resize=580%2C350\" alt=\" Ellas son las flamantes nuevas enfermeras y enfermeros que ya est\u00e1n ejerciendo en los centros m\u00e9dicos del Valle de Aconcagua.\" width=\"580\" height=\"350\" srcset=\"https:\/\/i0.wp.com\/eltrabajo.cl\/portal\/wp-content\/uploads\/2017\/08\/Enfermeras1.jpg?w=580&amp;ssl=1 580w, https:\/\/i0.wp.com\/eltrabajo.cl\/portal\/wp-content\/uploads\/2017\/08\/Enfermeras1.jpg?resize=200%2C121&amp;ssl=1 200w, https:\/\/i0.wp.com\/eltrabajo.cl\/portal\/wp-content\/uploads\/2017\/08\/Enfermeras1.jpg?resize=300%2C181&amp;ssl=1 300w, https:\/\/i0.wp.com\/eltrabajo.cl\/portal\/wp-content\/uploads\/2017\/08\/Enfermeras1.jpg?resize=249%2C150&amp;ssl=1 249w, https:\/\/i0.wp.com\/eltrabajo.cl\/portal\/wp-content\/uploads\/2017\/08\/Enfermeras1.jpg?resize=400%2C241&amp;ssl=1 400w\" sizes=\"auto, (max-width: 580px) 100vw, 580px\" \/><figcaption id=\"caption-attachment-80835\" class=\"wp-caption-text\">Ellas son las flamantes nuevas enfermeras y enfermeros que ya est\u00e1n ejerciendo en los centros m\u00e9dicos del Valle de Aconcagua.<\/figcaption><\/figure>\n<figure id=\"attachment_80836\" aria-describedby=\"caption-attachment-80836\" style=\"width: 580px\" class=\"wp-caption alignnone\"><img data-recalc-dims=\"1\" loading=\"lazy\" decoding=\"async\" class=\"size-full wp-image-80836\" src=\"https:\/\/i0.wp.com\/www.eltrabajo.cl\/2017\/wp-content\/uploads\/2017\/08\/Enfermeras2.jpg?resize=580%2C349\" alt=\"Directora de carrera de Enfermer\u00eda, Gladys Arroyo.\" width=\"580\" height=\"349\" srcset=\"https:\/\/i0.wp.com\/eltrabajo.cl\/portal\/wp-content\/uploads\/2017\/08\/Enfermeras2.jpg?w=580&amp;ssl=1 580w, https:\/\/i0.wp.com\/eltrabajo.cl\/portal\/wp-content\/uploads\/2017\/08\/Enfermeras2.jpg?resize=200%2C120&amp;ssl=1 200w, https:\/\/i0.wp.com\/eltrabajo.cl\/portal\/wp-content\/uploads\/2017\/08\/Enfermeras2.jpg?resize=300%2C181&amp;ssl=1 300w, https:\/\/i0.wp.com\/eltrabajo.cl\/portal\/wp-content\/uploads\/2017\/08\/Enfermeras2.jpg?resize=249%2C150&amp;ssl=1 249w, https:\/\/i0.wp.com\/eltrabajo.cl\/portal\/wp-content\/uploads\/2017\/08\/Enfermeras2.jpg?resize=400%2C241&amp;ssl=1 400w\" sizes=\"auto, (max-width: 580px) 100vw, 580px\" \/><figcaption id=\"caption-attachment-80836\" class=\"wp-caption-text\">Directora de carrera de Enfermer\u00eda, Gladys Arroyo.<\/figcaption><\/figure>\n","protected":false},"excerpt":{"rendered":"<p>Luego de seis a\u00f1os de existencia en la Sede San Felipe de la Universidad Aconcagua, la carrera de Enfermer\u00eda titul\u00f3 a 24 nuevos profesionales de la disciplina, los que festejaron este logro&#8230;<\/p>\n","protected":false},"author":1,"featured_media":80835,"comment_status":"open","ping_status":"open","sticky":false,"template":"","format":"standard","meta":{"advanced_seo_description":"","jetpack_seo_html_title":"","jetpack_seo_noindex":false,"_jetpack_memberships_contains_paid_content":false,"footnotes":""},"categories":[15],"tags":[],"class_list":["post-80834","post","type-post","status-publish","format-standard","has-post-thumbnail","hentry","category-comunidad"],"jetpack_featured_media_url":"https:\/\/i0.wp.com\/eltrabajo.cl\/portal\/wp-content\/uploads\/2017\/08\/Enfermeras1.jpg?fit=580%2C350&ssl=1","jetpack_sharing_enabled":true,"jetpack_likes_enabled":true,"jetpack-related-posts":[],"_links":{"self":[{"href":"https:\/\/eltrabajo.cl\/portal\/wp-json\/wp\/v2\/posts\/80834","targetHints":{"allow":["GET"]}}],"collection":[{"href":"https:\/\/eltrabajo.cl\/portal\/wp-json\/wp\/v2\/posts"}],"about":[{"href":"https:\/\/eltrabajo.cl\/portal\/wp-json\/wp\/v2\/types\/post"}],"author":[{"embeddable":true,"href":"https:\/\/eltrabajo.cl\/portal\/wp-json\/wp\/v2\/users\/1"}],"replies":[{"embeddable":true,"href":"https:\/\/eltrabajo.cl\/portal\/wp-json\/wp\/v2\/comments?post=80834"}],"version-history":[{"count":0,"href":"https:\/\/eltrabajo.cl\/portal\/wp-json\/wp\/v2\/posts\/80834\/revisions"}],"wp:featuredmedia":[{"embeddable":true,"href":"https:\/\/eltrabajo.cl\/portal\/wp-json\/wp\/v2\/media\/80835"}],"wp:attachment":[{"href":"https:\/\/eltrabajo.cl\/portal\/wp-json\/wp\/v2\/media?parent=80834"}],"wp:term":[{"taxonomy":"category","embeddable":true,"href":"https:\/\/eltrabajo.cl\/portal\/wp-json\/wp\/v2\/categories?post=80834"},{"taxonomy":"post_tag","embeddable":true,"href":"https:\/\/eltrabajo.cl\/portal\/wp-json\/wp\/v2\/tags?post=80834"}],"curies":[{"name":"wp","href":"https:\/\/api.w.org\/{rel}","templated":true}]}}