{"id":80839,"date":"2017-08-08T06:04:55","date_gmt":"2017-08-08T10:04:55","guid":{"rendered":"http:\/\/www.eltrabajo.cl\/2017\/?p=80839"},"modified":"2017-08-08T06:04:55","modified_gmt":"2017-08-08T10:04:55","slug":"municipio-no-descarta-acciones-legales-por-alarma-publica-tras-falsa-balacera","status":"publish","type":"post","link":"https:\/\/eltrabajo.cl\/portal\/municipio-no-descarta-acciones-legales-por-alarma-publica-tras-falsa-balacera\/","title":{"rendered":"Municipio no descarta acciones legales por alarma p\u00fablica tras falsa balacera"},"content":{"rendered":"<figure id=\"attachment_80840\" aria-describedby=\"caption-attachment-80840\" style=\"width: 580px\" class=\"wp-caption alignnone\"><img data-recalc-dims=\"1\" loading=\"lazy\" decoding=\"async\" class=\"size-full wp-image-80840\" src=\"https:\/\/i0.wp.com\/www.eltrabajo.cl\/2017\/wp-content\/uploads\/2017\/08\/parque-municipal-putaendo-1.jpg?resize=580%2C348\" alt=\"De acuerdo a la informaci\u00f3n oficial, el incidente en el Parque Municipal de Putaendo no tuvo la connotaci\u00f3n que se le dio a trav\u00e9s de algunos medios, ya que no existi\u00f3 balacera ni se encontraron armas de fuego en poder de presuntos implicados.\" width=\"580\" height=\"348\" srcset=\"https:\/\/i0.wp.com\/eltrabajo.cl\/portal\/wp-content\/uploads\/2017\/08\/parque-municipal-putaendo-1.jpg?w=580&amp;ssl=1 580w, https:\/\/i0.wp.com\/eltrabajo.cl\/portal\/wp-content\/uploads\/2017\/08\/parque-municipal-putaendo-1.jpg?resize=200%2C120&amp;ssl=1 200w, https:\/\/i0.wp.com\/eltrabajo.cl\/portal\/wp-content\/uploads\/2017\/08\/parque-municipal-putaendo-1.jpg?resize=300%2C180&amp;ssl=1 300w, https:\/\/i0.wp.com\/eltrabajo.cl\/portal\/wp-content\/uploads\/2017\/08\/parque-municipal-putaendo-1.jpg?resize=250%2C150&amp;ssl=1 250w, https:\/\/i0.wp.com\/eltrabajo.cl\/portal\/wp-content\/uploads\/2017\/08\/parque-municipal-putaendo-1.jpg?resize=400%2C240&amp;ssl=1 400w\" sizes=\"auto, (max-width: 580px) 100vw, 580px\" \/><figcaption id=\"caption-attachment-80840\" class=\"wp-caption-text\">De acuerdo a la informaci\u00f3n oficial, el incidente en el Parque Municipal de Putaendo no tuvo la connotaci\u00f3n que se le dio a trav\u00e9s de algunos medios, ya que no existi\u00f3 balacera ni se encontraron armas de fuego en poder de presuntos implicados.<\/figcaption><\/figure>\n<ul>\n<li><span style=\"color: #ff0000;\"><strong>Incidente en celebraci\u00f3n D\u00eda del Ni\u00f1o en Parque Municipal de Putaendo:<\/strong><\/span><\/li>\n<\/ul>\n<p>A trav\u00e9s de una declaraci\u00f3n p\u00fablica la Municipalidad de Putaendo conden\u00f3 los hechos registrados en el Parque Municipal de Putaendo, como asimismo algunas informaciones difundidas en redes sociales y blogs informativos. El texto de la declaraci\u00f3n se\u00f1ala textualmente:<br \/>\n\u00abEl alcalde Guillermo Reyes\u00a0y la Municipalidad de Putaendo lamentan y condenan el incidente que se suscit\u00f3 en medio de las celebraciones del \u00abD\u00eda del Ni\u00f1o\u00bb en el Parque Municipal.<br \/>\n\u00abLa informaci\u00f3n entregada por Carabineros radica en que, seg\u00fan declaraciones de testigos, un hombre sac\u00f3 una presunta arma de fuego y amenaz\u00f3 a otras personas dentro del recinto. Nunca hubo disparos, ni heridos, ni lesionados.\u00a0Por lo mismo, el municipio tambi\u00e9n lamenta falsas e irresponsables versiones aparecidas en algunos medios de comunicaci\u00f3n sobre una supuesta balacera.<br \/>\n\u00abSin lugar a dudas, eso atemoriz\u00f3 a muchos de los presentes e, incluso, a las mismas autoridades que estaban ah\u00ed junto a sus hijos. De inmediato, funcionarios municipales que trabajaban en la actividad tomaron contacto con Carabineros para informar la situaci\u00f3n, permitiendo que, minutos m\u00e1s tarde, personeros policiales detuvieran a tres personas por su presunta participaci\u00f3n en los hechos, quienes quedaron a disposici\u00f3n de la Fiscal\u00eda.<br \/>\n\u00abEl municipio aclara que se trata de un hecho puntual y aislado. Tanto en el Parque Municipal, como en el Parque Puente Cimbra, se han realizado m\u00e1s de 20 eventos art\u00edsticos y culturales de estas caracter\u00edsticas en los \u00faltimos a\u00f1os, sin registro de situaciones como las vividas este domingo.<br \/>\n\u00abNo obstante, el alcalde Guillermo Reyes reconoce con responsabilidad que a la hora del incidente no hab\u00eda resguardo policial en el Parque. Sin embargo, cabe destacar que en lugar existi\u00f3 personal municipal comprometido que vel\u00f3 por el normal desarrollo del evento. Para pr\u00f3ximas actividades similares habr\u00e1 mejor coordinaci\u00f3n con Carabineros.<br \/>\n\u00abCon respecto a los hechos rechazados por todos, el alcalde inform\u00f3 al Gobernador provincial y qued\u00f3 a la espera de nuevos antecedentes que podr\u00edan sustentar acciones legales en contra de los autores de este lamentable suceso. \u00abComo Municipio no descartamos presentar acciones legales en contra de quienes resulten responsables ya sea por el uso de armas de fuego, como por la alarma p\u00fablica producida\u00bb, afirm\u00f3 la autoridad.<br \/>\n\u00abEl edil hace hincapi\u00e9 en que putaendinas, putaendinos y quienes visitan la comuna, son gente tranquila que busca disfrutar de las actividades organizadas por el municipio en los espacios p\u00fablicos\u00bb.<\/p>\n","protected":false},"excerpt":{"rendered":"<p>Incidente en celebraci\u00f3n D\u00eda del Ni\u00f1o en Parque Municipal de Putaendo: A trav\u00e9s de una declaraci\u00f3n p\u00fablica la Municipalidad de Putaendo conden\u00f3 los hechos registrados en el Parque Municipal de Putaendo, como&#8230;<\/p>\n","protected":false},"author":1,"featured_media":80840,"comment_status":"open","ping_status":"open","sticky":false,"template":"","format":"standard","meta":{"advanced_seo_description":"","jetpack_seo_html_title":"","jetpack_seo_noindex":false,"_jetpack_memberships_contains_paid_content":false,"footnotes":""},"categories":[1],"tags":[],"class_list":["post-80839","post","type-post","status-publish","format-standard","has-post-thumbnail","hentry","category-cronica"],"jetpack_featured_media_url":"https:\/\/i0.wp.com\/eltrabajo.cl\/portal\/wp-content\/uploads\/2017\/08\/parque-municipal-putaendo-1.jpg?fit=580%2C348&ssl=1","jetpack_sharing_enabled":true,"jetpack_likes_enabled":true,"jetpack-related-posts":[],"_links":{"self":[{"href":"https:\/\/eltrabajo.cl\/portal\/wp-json\/wp\/v2\/posts\/80839","targetHints":{"allow":["GET"]}}],"collection":[{"href":"https:\/\/eltrabajo.cl\/portal\/wp-json\/wp\/v2\/posts"}],"about":[{"href":"https:\/\/eltrabajo.cl\/portal\/wp-json\/wp\/v2\/types\/post"}],"author":[{"embeddable":true,"href":"https:\/\/eltrabajo.cl\/portal\/wp-json\/wp\/v2\/users\/1"}],"replies":[{"embeddable":true,"href":"https:\/\/eltrabajo.cl\/portal\/wp-json\/wp\/v2\/comments?post=80839"}],"version-history":[{"count":0,"href":"https:\/\/eltrabajo.cl\/portal\/wp-json\/wp\/v2\/posts\/80839\/revisions"}],"wp:featuredmedia":[{"embeddable":true,"href":"https:\/\/eltrabajo.cl\/portal\/wp-json\/wp\/v2\/media\/80840"}],"wp:attachment":[{"href":"https:\/\/eltrabajo.cl\/portal\/wp-json\/wp\/v2\/media?parent=80839"}],"wp:term":[{"taxonomy":"category","embeddable":true,"href":"https:\/\/eltrabajo.cl\/portal\/wp-json\/wp\/v2\/categories?post=80839"},{"taxonomy":"post_tag","embeddable":true,"href":"https:\/\/eltrabajo.cl\/portal\/wp-json\/wp\/v2\/tags?post=80839"}],"curies":[{"name":"wp","href":"https:\/\/api.w.org\/{rel}","templated":true}]}}