{"id":80842,"date":"2017-08-08T06:05:26","date_gmt":"2017-08-08T10:05:26","guid":{"rendered":"http:\/\/www.eltrabajo.cl\/2017\/?p=80842"},"modified":"2017-08-08T06:05:26","modified_gmt":"2017-08-08T10:05:26","slug":"contratistas-piden-apurar-permisos-de-trabajo-para-ciudadanos-haitianos","status":"publish","type":"post","link":"https:\/\/eltrabajo.cl\/portal\/contratistas-piden-apurar-permisos-de-trabajo-para-ciudadanos-haitianos\/","title":{"rendered":"Contratistas piden \u2018apurar\u2019 permisos de trabajo para ciudadanos haitianos"},"content":{"rendered":"<figure id=\"attachment_80843\" aria-describedby=\"caption-attachment-80843\" style=\"width: 580px\" class=\"wp-caption alignnone\"><img data-recalc-dims=\"1\" loading=\"lazy\" decoding=\"async\" class=\"size-full wp-image-80843\" src=\"https:\/\/i0.wp.com\/www.eltrabajo.cl\/2017\/wp-content\/uploads\/2017\/08\/haitianos-2.jpg?resize=580%2C349\" alt=\"Un grupo de haitianos a la salida de la Gobernaci\u00f3n, quienes se encuentran sin permiso para trabajar.\" width=\"580\" height=\"349\" srcset=\"https:\/\/i0.wp.com\/eltrabajo.cl\/portal\/wp-content\/uploads\/2017\/08\/haitianos-2.jpg?w=580&amp;ssl=1 580w, https:\/\/i0.wp.com\/eltrabajo.cl\/portal\/wp-content\/uploads\/2017\/08\/haitianos-2.jpg?resize=200%2C120&amp;ssl=1 200w, https:\/\/i0.wp.com\/eltrabajo.cl\/portal\/wp-content\/uploads\/2017\/08\/haitianos-2.jpg?resize=300%2C181&amp;ssl=1 300w, https:\/\/i0.wp.com\/eltrabajo.cl\/portal\/wp-content\/uploads\/2017\/08\/haitianos-2.jpg?resize=249%2C150&amp;ssl=1 249w, https:\/\/i0.wp.com\/eltrabajo.cl\/portal\/wp-content\/uploads\/2017\/08\/haitianos-2.jpg?resize=400%2C241&amp;ssl=1 400w\" sizes=\"auto, (max-width: 580px) 100vw, 580px\" \/><figcaption id=\"caption-attachment-80843\" class=\"wp-caption-text\">Un grupo de haitianos a la salida de la Gobernaci\u00f3n, quienes se encuentran sin permiso para trabajar.<\/figcaption><\/figure>\n<p>A los menos dos contratistas de San Felipe piden al Departamento de Extranjer\u00eda de la Gobernaci\u00f3n provincial, poder agilizar los tr\u00e1mites para que ciudadanos haitianos puedan prontamente trabajar.<br \/>\nAugusto Az\u00faa, uno de los contratistas, dice que la gente que viene a trabajar de Hait\u00ed \u201cla est\u00e1 pasando mal hoy en d\u00eda en San Felipe, porque no tienen trabajo; los arriendos son demasiado caros; hay partes donde les est\u00e1n cobrando hasta cien mil pesos por persona, y ac\u00e1 est\u00e1 la posibilidad de meter diez haitianos a trabajar a Agrocoipo y en Extranjer\u00eda dijeron que no, que daban 75 n\u00fameros para la semana, es decir repartidos durante todos los d\u00eda de lunes a viernes, la gente tiene que llegar ah\u00ed a las cuatro de la ma\u00f1ana a morirse de fr\u00edo, los haitianos, para que le den esa posibilidad de trabajo. Es una situaci\u00f3n muy lamentable, tenemos un mont\u00f3n de extranjeros en San Felipe que yo no s\u00e9 para qu\u00e9 los traen a Chile si aqu\u00ed le van a poner mil trabas para que trabaje. Ellos lo \u00fanico que quieren es trabajar para comer porque lo est\u00e1n pasando muy, muy mal, porque no tienen qu\u00e9 comer (\u2026) Hay qui\u00e9n no tiene qu\u00e9 comer\u201d, dice el contratista.<br \/>\nOtra contratista de nombre Ivon, concuerda con lo que dice el anterior. A ella la encontramos bajando de la Gobernaci\u00f3n acompa\u00f1ada de algunos haitianos y nos dice que se demoran mucho en darles el permiso para trabajar: \u201cEllos tienen que pagar arriendo, est\u00e1n sin comida y obviamente uno no los puede ayudar, lo \u00fanico que puede hacer es ayudarlos con los tr\u00e1mites. No puedo contratar a todos, eso significa que yo tengo reci\u00e9n hora para el lunes y qu\u00e9 hago, no puedo trabajar as\u00ed porque si nos pillan sin permisos, les sacan multas a los contratistas\u201d, finaliz\u00f3.<br \/>\nSe\u00f1alar que por fuentes cercanas a la Gobernaci\u00f3n, en algunos momentos llegan a ser cinco los funcionarios atendiendo a los extranjeros.<\/p>\n","protected":false},"excerpt":{"rendered":"<p>A los menos dos contratistas de San Felipe piden al Departamento de Extranjer\u00eda de la Gobernaci\u00f3n provincial, poder agilizar los tr\u00e1mites para que ciudadanos haitianos puedan prontamente trabajar. Augusto Az\u00faa, uno de&#8230;<\/p>\n","protected":false},"author":1,"featured_media":80843,"comment_status":"open","ping_status":"open","sticky":false,"template":"","format":"standard","meta":{"advanced_seo_description":"","jetpack_seo_html_title":"","jetpack_seo_noindex":false,"_jetpack_memberships_contains_paid_content":false,"footnotes":""},"categories":[15],"tags":[],"class_list":["post-80842","post","type-post","status-publish","format-standard","has-post-thumbnail","hentry","category-comunidad"],"jetpack_featured_media_url":"https:\/\/i0.wp.com\/eltrabajo.cl\/portal\/wp-content\/uploads\/2017\/08\/haitianos-2.jpg?fit=580%2C349&ssl=1","jetpack_sharing_enabled":true,"jetpack_likes_enabled":true,"jetpack-related-posts":[],"_links":{"self":[{"href":"https:\/\/eltrabajo.cl\/portal\/wp-json\/wp\/v2\/posts\/80842","targetHints":{"allow":["GET"]}}],"collection":[{"href":"https:\/\/eltrabajo.cl\/portal\/wp-json\/wp\/v2\/posts"}],"about":[{"href":"https:\/\/eltrabajo.cl\/portal\/wp-json\/wp\/v2\/types\/post"}],"author":[{"embeddable":true,"href":"https:\/\/eltrabajo.cl\/portal\/wp-json\/wp\/v2\/users\/1"}],"replies":[{"embeddable":true,"href":"https:\/\/eltrabajo.cl\/portal\/wp-json\/wp\/v2\/comments?post=80842"}],"version-history":[{"count":0,"href":"https:\/\/eltrabajo.cl\/portal\/wp-json\/wp\/v2\/posts\/80842\/revisions"}],"wp:featuredmedia":[{"embeddable":true,"href":"https:\/\/eltrabajo.cl\/portal\/wp-json\/wp\/v2\/media\/80843"}],"wp:attachment":[{"href":"https:\/\/eltrabajo.cl\/portal\/wp-json\/wp\/v2\/media?parent=80842"}],"wp:term":[{"taxonomy":"category","embeddable":true,"href":"https:\/\/eltrabajo.cl\/portal\/wp-json\/wp\/v2\/categories?post=80842"},{"taxonomy":"post_tag","embeddable":true,"href":"https:\/\/eltrabajo.cl\/portal\/wp-json\/wp\/v2\/tags?post=80842"}],"curies":[{"name":"wp","href":"https:\/\/api.w.org\/{rel}","templated":true}]}}