{"id":80845,"date":"2017-08-08T06:06:25","date_gmt":"2017-08-08T10:06:25","guid":{"rendered":"http:\/\/www.eltrabajo.cl\/2017\/?p=80845"},"modified":"2017-08-08T06:06:25","modified_gmt":"2017-08-08T10:06:25","slug":"llaman-a-la-calma-ya-que-no-hay-casos-de-lepra-en-el-valle-de-aconcagua","status":"publish","type":"post","link":"https:\/\/eltrabajo.cl\/portal\/llaman-a-la-calma-ya-que-no-hay-casos-de-lepra-en-el-valle-de-aconcagua\/","title":{"rendered":"Llaman a la calma ya que no hay casos de Lepra en el Valle de Aconcagua"},"content":{"rendered":"<figure id=\"attachment_80846\" aria-describedby=\"caption-attachment-80846\" style=\"width: 580px\" class=\"wp-caption alignnone\"><img data-recalc-dims=\"1\" loading=\"lazy\" decoding=\"async\" class=\"size-full wp-image-80846\" src=\"https:\/\/i0.wp.com\/www.eltrabajo.cl\/2017\/wp-content\/uploads\/2017\/08\/mario-mendez.jpg?resize=580%2C349\" alt=\"Mario M\u00e9ndez, Jefe de la Oficina Aconcagua de la Seremi de Salud. \" width=\"580\" height=\"349\" srcset=\"https:\/\/i0.wp.com\/eltrabajo.cl\/portal\/wp-content\/uploads\/2017\/08\/mario-mendez.jpg?w=580&amp;ssl=1 580w, https:\/\/i0.wp.com\/eltrabajo.cl\/portal\/wp-content\/uploads\/2017\/08\/mario-mendez.jpg?resize=200%2C120&amp;ssl=1 200w, https:\/\/i0.wp.com\/eltrabajo.cl\/portal\/wp-content\/uploads\/2017\/08\/mario-mendez.jpg?resize=300%2C181&amp;ssl=1 300w, https:\/\/i0.wp.com\/eltrabajo.cl\/portal\/wp-content\/uploads\/2017\/08\/mario-mendez.jpg?resize=249%2C150&amp;ssl=1 249w, https:\/\/i0.wp.com\/eltrabajo.cl\/portal\/wp-content\/uploads\/2017\/08\/mario-mendez.jpg?resize=400%2C241&amp;ssl=1 400w\" sizes=\"auto, (max-width: 580px) 100vw, 580px\" \/><figcaption id=\"caption-attachment-80846\" class=\"wp-caption-text\">Mario M\u00e9ndez, Jefe de la Oficina Aconcagua de la Seremi de Salud.<\/figcaption><\/figure>\n<ul>\n<li><span style=\"color: #ff0000;\"><strong>Autoridad Sanitaria afirma que la Lepra no es atribuible a una etnia determinada: <span style=\"color: #000000;\">Pese a que los actuales casos confirmados en el pa\u00eds corresponden a inmigrantes que contrajeron la patolog\u00eda en el extranjero, el llamado es a no generar prejuicios, ni asociar la enfermedad a una nacionalidad en particular.<\/span><\/strong><\/span><\/li>\n<\/ul>\n<p>Desde hace un par de semanas, la Lepra, una enfermedad antiqu\u00edsima que parec\u00eda desterrada del territorio nacional, ha comenzado a generar preocupaci\u00f3n en la poblaci\u00f3n. Tres ciudadanos extranjeros fueron identificados como portadores de esta patolog\u00eda, a ra\u00edz de lo cual se han generado diversos an\u00e1lisis y cr\u00edticas respecto de c\u00f3mo se ha controlado en Chile el fen\u00f3meno migratorio de los \u00faltimos a\u00f1os.<br \/>\nMario M\u00e9ndez, Jefe de la Oficina Aconcagua de la Seremi de Salud, cree que la \u2018alarma p\u00fablica\u2019 que se ha generado en la poblaci\u00f3n, \u201cest\u00e1 muy asociada a la ignorancia y al desconocimiento\u201d, que tiene la sociedad respecto de esta enfermedad, as\u00ed como tambi\u00e9n al manejo que han realizado los medios de comunicaci\u00f3n en torno a esta tem\u00e1tica.<br \/>\n\u201cEl mensaje m\u00e1s importante es que son situaciones que est\u00e1n absolutamente bajo control, el riesgo de contagio es baj\u00edsimo y se desarrolla en el largo aliento, no es algo que se traspase por el contacto f\u00edsico inmediato, por compartir un mismo espacio, o por darle la mano a una persona que pudiera tener la enfermedad, sino que a trav\u00e9s de un contacto permanente de meses o a\u00f1os\u201d, sostuvo el m\u00e9dico veterinario.<br \/>\nA juicio de M\u00e9ndez, en ning\u00fan caso debiera generarse una situaci\u00f3n apocal\u00edptica ante este escenario, asegurando que la presencia de lepra en el pa\u00eds, supuestamente, \u201cno tiene nada que ver con los fen\u00f3menos migratorios de ciertas nacionalidades que han llegado al pa\u00eds \u00faltimamente\u201d, sostuvo el jefe de la Autoridad Sanitaria.<br \/>\nDe acuerdo con el facultativo, actualmente existen unas 200 mil personas que presentan esta enfermedad en el mundo, siendo la India el pa\u00eds donde se concentra la mayor cantidad de casos. En Chile, hay tres pacientes que han sido identificados como portadores de esta patolog\u00eda y que \u201ccorresponden a ciudadanos extranjeros que se contagiaron la enfermedad fuera del pa\u00eds, por tanto, son considerados muy escasos y con tratamiento asegurado por la Organizaci\u00f3n Mundial de la Salud, OMS\u201d, detall\u00f3 el jefe de la autoridad sanitaria.<br \/>\nEn cuanto al per\u00edodo en que la enfermedad estuvo desaparecida de territorio chileno, M\u00e9ndez mencion\u00f3 que los \u00faltimos casos de lepra se conocieron en territorio insular y record\u00f3 que \u201cno se conoc\u00edan casos de Lepra en Chile continental desde hace much\u00edsimos a\u00f1os, s\u00ed en la Isla de Pascua, incluso con la existencia de un leprosario; un \u00e1rea donde a estas personas se les confinaba y se les aislaba producto de esta enfermedad, hoy ya no es as\u00ed, antiguamente no exist\u00edan los antibi\u00f3ticos, ahora s\u00ed existen, hay un tratamiento que est\u00e1 asegurado de forma gratuita porque lo suministra la OMS\u201d, argument\u00f3 el profesional.<br \/>\nM\u00e9ndez precis\u00f3 adem\u00e1s que \u201cla lepra est\u00e1 causada por una bacteria de muy dif\u00edcil contagio, afecta el aparato respiratorio y la piel, pero su transmisi\u00f3n es muy dificultosa\u2026 principalmente se contagia a trav\u00e9s de las v\u00edas a\u00e9reas, pero su per\u00edodo de incubaci\u00f3n puede extenderse por sobre los nueves meses\u201d, apunt\u00f3, advirtiendo tambi\u00e9n que el comportamiento de esta enfermedad no ha mutado con el transcurso de los a\u00f1os y que es reconocida principalmente por la p\u00e9rdida de tejido de la piel, y en casos m\u00e1s severos, afectando el sistema nervioso.<br \/>\n\u201cAc\u00e1 hay que mantenerse bastante tranquilos, diagnosticar estos casos, no generar alarma p\u00fablica, recordar que no est\u00e1 asociada a una raza en particular y que es de muy dif\u00edcil transmisi\u00f3n y que, si bien, culturalmente provoca mucho susto, \u00a1hoy existe tratamiento y el Ministerio de Salud ha desplegado una serie de acciones para llevar a cabo la pesquisa y posterior tratamiento oportuno de la enfermedad!\u201d, concluy\u00f3 M\u00e9ndez.<\/p>\n<p><span style=\"color: #ff0000;\"><strong>OMS: Datos y cifras<\/strong><\/span><br \/>\nLa lepra es una enfermedad cr\u00f3nica causada por un bacilo, Mycobacterium leprae, el cual se multiplica muy despacio y el periodo promedio de incubaci\u00f3n de la enfermedad es de cinco a\u00f1os. En algunos casos los s\u00edntomas pueden aparecer en 1 a\u00f1o, pero tambi\u00e9n pueden tardar hasta 20 a\u00f1os.<br \/>\nLa enfermedad afecta principalmente a la piel, los nervios perif\u00e9ricos, la mucosa de las v\u00edas respiratorias superiores y los ojos.<br \/>\nLa lepra es curable con un tratamiento multimedicamentoso.<br \/>\nAunque no es muy contagiosa, la lepra se transmite por got\u00edculas nasales y orales cuando hay un contacto estrecho y frecuente con enfermos no tratados.<br \/>\nSi no se trata, la lepra puede causar lesiones progresivas y permanentes en la piel, los nervios, las extremidades y los ojos.<br \/>\nSeg\u00fan las cifras oficiales procedentes de 138 pa\u00edses de 6 regiones de la OMS, la prevalencia registrada mundial de la lepra a finales de 2015 era de 176.176 casos, y ese mismo a\u00f1o se notificaron aproximadamente 211.973 nuevos casos.<\/p>\n<figure id=\"attachment_80847\" aria-describedby=\"caption-attachment-80847\" style=\"width: 580px\" class=\"wp-caption alignnone\"><img data-recalc-dims=\"1\" loading=\"lazy\" decoding=\"async\" class=\"size-full wp-image-80847\" src=\"https:\/\/i0.wp.com\/www.eltrabajo.cl\/2017\/wp-content\/uploads\/2017\/08\/Pie-con-lepra.jpg?resize=580%2C349\" alt=\"La lepra es una de las enfermedades m\u00e1s terror\u00edficas que han afectado a la humanidad, pero que hoy d\u00eda afortunadamente cuenta con tratamiento. Sin embargo deja graves secuelas si no se detecta y trata en las fases iniciales. Entre sus m\u00faltiples recomendaciones, la OMS llama a los gobiernos del mundo a poner especial cuidado con \u201clos ni\u00f1os, las mujeres y las poblaciones subatendidas, en particular los migrantes y los desplazados\u201d.\" width=\"580\" height=\"349\" srcset=\"https:\/\/i0.wp.com\/eltrabajo.cl\/portal\/wp-content\/uploads\/2017\/08\/Pie-con-lepra.jpg?w=580&amp;ssl=1 580w, https:\/\/i0.wp.com\/eltrabajo.cl\/portal\/wp-content\/uploads\/2017\/08\/Pie-con-lepra.jpg?resize=200%2C120&amp;ssl=1 200w, https:\/\/i0.wp.com\/eltrabajo.cl\/portal\/wp-content\/uploads\/2017\/08\/Pie-con-lepra.jpg?resize=300%2C181&amp;ssl=1 300w, https:\/\/i0.wp.com\/eltrabajo.cl\/portal\/wp-content\/uploads\/2017\/08\/Pie-con-lepra.jpg?resize=249%2C150&amp;ssl=1 249w, https:\/\/i0.wp.com\/eltrabajo.cl\/portal\/wp-content\/uploads\/2017\/08\/Pie-con-lepra.jpg?resize=400%2C241&amp;ssl=1 400w\" sizes=\"auto, (max-width: 580px) 100vw, 580px\" \/><figcaption id=\"caption-attachment-80847\" class=\"wp-caption-text\">La lepra es una de las enfermedades m\u00e1s terror\u00edficas que han afectado a la humanidad, pero que hoy d\u00eda afortunadamente cuenta con tratamiento. Sin embargo deja graves secuelas si no se detecta y trata en las fases iniciales. Entre sus m\u00faltiples recomendaciones, la OMS llama a los gobiernos del mundo a poner especial cuidado con \u201clos ni\u00f1os, las mujeres y las poblaciones subatendidas, en particular los migrantes y los desplazados\u201d.<\/figcaption><\/figure>\n","protected":false},"excerpt":{"rendered":"<p>Autoridad Sanitaria afirma que la Lepra no es atribuible a una etnia determinada: Pese a que los actuales casos confirmados en el pa\u00eds corresponden a inmigrantes que contrajeron la patolog\u00eda en el&#8230;<\/p>\n","protected":false},"author":1,"featured_media":80847,"comment_status":"open","ping_status":"open","sticky":false,"template":"","format":"standard","meta":{"advanced_seo_description":"","jetpack_seo_html_title":"","jetpack_seo_noindex":false,"_jetpack_memberships_contains_paid_content":false,"footnotes":""},"categories":[1],"tags":[],"class_list":["post-80845","post","type-post","status-publish","format-standard","has-post-thumbnail","hentry","category-cronica"],"jetpack_featured_media_url":"https:\/\/i0.wp.com\/eltrabajo.cl\/portal\/wp-content\/uploads\/2017\/08\/Pie-con-lepra.jpg?fit=580%2C349&ssl=1","jetpack_sharing_enabled":true,"jetpack_likes_enabled":true,"jetpack-related-posts":[],"_links":{"self":[{"href":"https:\/\/eltrabajo.cl\/portal\/wp-json\/wp\/v2\/posts\/80845","targetHints":{"allow":["GET"]}}],"collection":[{"href":"https:\/\/eltrabajo.cl\/portal\/wp-json\/wp\/v2\/posts"}],"about":[{"href":"https:\/\/eltrabajo.cl\/portal\/wp-json\/wp\/v2\/types\/post"}],"author":[{"embeddable":true,"href":"https:\/\/eltrabajo.cl\/portal\/wp-json\/wp\/v2\/users\/1"}],"replies":[{"embeddable":true,"href":"https:\/\/eltrabajo.cl\/portal\/wp-json\/wp\/v2\/comments?post=80845"}],"version-history":[{"count":0,"href":"https:\/\/eltrabajo.cl\/portal\/wp-json\/wp\/v2\/posts\/80845\/revisions"}],"wp:featuredmedia":[{"embeddable":true,"href":"https:\/\/eltrabajo.cl\/portal\/wp-json\/wp\/v2\/media\/80847"}],"wp:attachment":[{"href":"https:\/\/eltrabajo.cl\/portal\/wp-json\/wp\/v2\/media?parent=80845"}],"wp:term":[{"taxonomy":"category","embeddable":true,"href":"https:\/\/eltrabajo.cl\/portal\/wp-json\/wp\/v2\/categories?post=80845"},{"taxonomy":"post_tag","embeddable":true,"href":"https:\/\/eltrabajo.cl\/portal\/wp-json\/wp\/v2\/tags?post=80845"}],"curies":[{"name":"wp","href":"https:\/\/api.w.org\/{rel}","templated":true}]}}