{"id":80852,"date":"2017-08-08T06:08:09","date_gmt":"2017-08-08T10:08:09","guid":{"rendered":"http:\/\/www.eltrabajo.cl\/2017\/?p=80852"},"modified":"2017-08-08T06:08:09","modified_gmt":"2017-08-08T10:08:09","slug":"anoche-murio-la-joven-bombera-maria-isabel-reinoso-montenegro","status":"publish","type":"post","link":"https:\/\/eltrabajo.cl\/portal\/anoche-murio-la-joven-bombera-maria-isabel-reinoso-montenegro\/","title":{"rendered":"Anoche muri\u00f3 la joven bombera Mar\u00eda Isabel Reinoso Montenegro"},"content":{"rendered":"<figure id=\"attachment_80854\" aria-describedby=\"caption-attachment-80854\" style=\"width: 580px\" class=\"wp-caption alignnone\"><img data-recalc-dims=\"1\" loading=\"lazy\" decoding=\"async\" class=\"size-full wp-image-80854\" src=\"https:\/\/i0.wp.com\/www.eltrabajo.cl\/2017\/wp-content\/uploads\/2017\/08\/Maria1.jpg?resize=580%2C349\" alt=\"FUERZA A LA FAMILIA.- La joven bombera de la 1\u00aa Compa\u00f1\u00eda de Bomberos de Santa Mar\u00eda, Mar\u00eda Isabel Reinoso Montenegro, falleci\u00f3 ayer lunes a causa de un c\u00e1ncer de pulm\u00f3n.\" width=\"580\" height=\"349\" srcset=\"https:\/\/i0.wp.com\/eltrabajo.cl\/portal\/wp-content\/uploads\/2017\/08\/Maria1.jpg?w=580&amp;ssl=1 580w, https:\/\/i0.wp.com\/eltrabajo.cl\/portal\/wp-content\/uploads\/2017\/08\/Maria1.jpg?resize=200%2C120&amp;ssl=1 200w, https:\/\/i0.wp.com\/eltrabajo.cl\/portal\/wp-content\/uploads\/2017\/08\/Maria1.jpg?resize=300%2C181&amp;ssl=1 300w, https:\/\/i0.wp.com\/eltrabajo.cl\/portal\/wp-content\/uploads\/2017\/08\/Maria1.jpg?resize=249%2C150&amp;ssl=1 249w, https:\/\/i0.wp.com\/eltrabajo.cl\/portal\/wp-content\/uploads\/2017\/08\/Maria1.jpg?resize=400%2C241&amp;ssl=1 400w\" sizes=\"auto, (max-width: 580px) 100vw, 580px\" \/><figcaption id=\"caption-attachment-80854\" class=\"wp-caption-text\">FUERZA A LA FAMILIA.- La joven bombera de la 1\u00aa Compa\u00f1\u00eda de Bomberos de Santa Mar\u00eda, Mar\u00eda Isabel Reinoso Montenegro, falleci\u00f3 ayer lunes a causa de un c\u00e1ncer de pulm\u00f3n.<\/figcaption><\/figure>\n<ul>\n<li><span style=\"color: #ff0000;\"><strong>Finalmente el c\u00e1ncer de pulm\u00f3n le arrebat\u00f3 sus sue\u00f1os:<\/strong><\/span><\/li>\n<\/ul>\n<p>Una amarga noticia recorri\u00f3 toda la V Regi\u00f3n e impact\u00f3 dolorosamente en el Cuerpo de Bomberos de Santa Mar\u00eda, luego que al filo de las 19:30 horas de ayer lunes perdiera finalmente la batalla contra un agresivo c\u00e1ncer de pulm\u00f3n, la joven bombera de 19 a\u00f1os, miembro activa de la 1\u00aa Compa\u00f1\u00eda de Bomberos de Santa Mar\u00eda, Mar\u00eda Isabel Reinoso Montenegro.<br \/>\nA Mar\u00eda hace dos a\u00f1os este mal le fue extirpado por especialistas m\u00e9dicos y ella habr\u00eda continuado con su vida, hasta que hace unos meses, ya embarazada de su hija y durante uno de los controles prenatales, a Mar\u00eda se le detect\u00f3 de nuevo el c\u00e1ncer, ya ahora con met\u00e1stasis y comprometiendo sus ri\u00f1ones y el coraz\u00f3n, lo que dispar\u00f3 las alertas entre los profesionales que ya conocen su caso.<br \/>\nEl tema esta vez se complic\u00f3 m\u00e1s, pues ya este agresivo mal estaba interactuando con su hija en gestaci\u00f3n, raz\u00f3n por la cual los m\u00e9dicos interrumpieron el embarazo, y remitiendo despu\u00e9s a la peque\u00f1a ni\u00f1a a la UCI del Hospital Carlos Van Buren de Valpara\u00edso, centro m\u00e9dico en el que ambas, Mar\u00eda y Alma, luchaban por sus vidas.<br \/>\nSin embargo y mientras su peque\u00f1a hija Alma Mar\u00eda Pascal Reinoso apenas empieza su traves\u00eda, ella, la joven madre fallece a sus 19 a\u00f1os de edad. La noticia ha estremecido profundamente a todos sus compa\u00f1eros bomberos, quienes apenas logran despertar del profundo impacto en sus vidas.<br \/>\n\u00abEstamos devastados. Es un golpe muy duro que nos afecta a toda la familia bomberil de Mar\u00eda, apenas estamos coordinando con sus familiares para saber c\u00f3mo haremos los funerales, entiendo que su cuerpo ser\u00e1 velado en su casa habitaci\u00f3n, pero tambi\u00e9n asumo que como bombera que ella fue, podremos despedirla con el honor que merece en nuestro cuartel; a\u00fan no tenemos el itinerario de su funeral\u00bb, inform\u00f3 v\u00eda telef\u00f3nica a nuestro medio, el Comandante del Cuerpo de Bomberos de Santa Mar\u00eda, Rafael Morales Contreras.<br \/>\nTodos quienes laboramos en Diario El Trabajo lamentamos profundamente esta dolorosa p\u00e9rdida, esperando que su familia encuentre las fuerzas en tan duro momento.<br \/>\n<strong>Roberto Gonz\u00e1lez Short<\/strong><\/p>\n<figure id=\"attachment_80853\" aria-describedby=\"caption-attachment-80853\" style=\"width: 580px\" class=\"wp-caption alignnone\"><img data-recalc-dims=\"1\" loading=\"lazy\" decoding=\"async\" class=\"size-full wp-image-80853\" src=\"https:\/\/i0.wp.com\/www.eltrabajo.cl\/2017\/wp-content\/uploads\/2017\/08\/Maria_-Rafael-Morales.jpg?resize=580%2C473\" alt=\"Comandante del Cuerpo de Bomberos de Santa Mar\u00eda, Rafael Morales Contreras.\" width=\"580\" height=\"473\" srcset=\"https:\/\/i0.wp.com\/eltrabajo.cl\/portal\/wp-content\/uploads\/2017\/08\/Maria_-Rafael-Morales.jpg?w=580&amp;ssl=1 580w, https:\/\/i0.wp.com\/eltrabajo.cl\/portal\/wp-content\/uploads\/2017\/08\/Maria_-Rafael-Morales.jpg?resize=184%2C150&amp;ssl=1 184w, https:\/\/i0.wp.com\/eltrabajo.cl\/portal\/wp-content\/uploads\/2017\/08\/Maria_-Rafael-Morales.jpg?resize=300%2C245&amp;ssl=1 300w, https:\/\/i0.wp.com\/eltrabajo.cl\/portal\/wp-content\/uploads\/2017\/08\/Maria_-Rafael-Morales.jpg?resize=400%2C326&amp;ssl=1 400w\" sizes=\"auto, (max-width: 580px) 100vw, 580px\" \/><figcaption id=\"caption-attachment-80853\" class=\"wp-caption-text\">Comandante del Cuerpo de Bomberos de Santa Mar\u00eda, Rafael Morales Contreras.<\/figcaption><\/figure>\n","protected":false},"excerpt":{"rendered":"<p>Finalmente el c\u00e1ncer de pulm\u00f3n le arrebat\u00f3 sus sue\u00f1os: Una amarga noticia recorri\u00f3 toda la V Regi\u00f3n e impact\u00f3 dolorosamente en el Cuerpo de Bomberos de Santa Mar\u00eda, luego que al filo&#8230;<\/p>\n","protected":false},"author":1,"featured_media":80854,"comment_status":"open","ping_status":"open","sticky":false,"template":"","format":"standard","meta":{"advanced_seo_description":"","jetpack_seo_html_title":"","jetpack_seo_noindex":false,"_jetpack_memberships_contains_paid_content":false,"footnotes":""},"categories":[15],"tags":[],"class_list":["post-80852","post","type-post","status-publish","format-standard","has-post-thumbnail","hentry","category-comunidad"],"jetpack_featured_media_url":"https:\/\/i0.wp.com\/eltrabajo.cl\/portal\/wp-content\/uploads\/2017\/08\/Maria1.jpg?fit=580%2C349&ssl=1","jetpack_sharing_enabled":true,"jetpack_likes_enabled":true,"jetpack-related-posts":[],"_links":{"self":[{"href":"https:\/\/eltrabajo.cl\/portal\/wp-json\/wp\/v2\/posts\/80852","targetHints":{"allow":["GET"]}}],"collection":[{"href":"https:\/\/eltrabajo.cl\/portal\/wp-json\/wp\/v2\/posts"}],"about":[{"href":"https:\/\/eltrabajo.cl\/portal\/wp-json\/wp\/v2\/types\/post"}],"author":[{"embeddable":true,"href":"https:\/\/eltrabajo.cl\/portal\/wp-json\/wp\/v2\/users\/1"}],"replies":[{"embeddable":true,"href":"https:\/\/eltrabajo.cl\/portal\/wp-json\/wp\/v2\/comments?post=80852"}],"version-history":[{"count":0,"href":"https:\/\/eltrabajo.cl\/portal\/wp-json\/wp\/v2\/posts\/80852\/revisions"}],"wp:featuredmedia":[{"embeddable":true,"href":"https:\/\/eltrabajo.cl\/portal\/wp-json\/wp\/v2\/media\/80854"}],"wp:attachment":[{"href":"https:\/\/eltrabajo.cl\/portal\/wp-json\/wp\/v2\/media?parent=80852"}],"wp:term":[{"taxonomy":"category","embeddable":true,"href":"https:\/\/eltrabajo.cl\/portal\/wp-json\/wp\/v2\/categories?post=80852"},{"taxonomy":"post_tag","embeddable":true,"href":"https:\/\/eltrabajo.cl\/portal\/wp-json\/wp\/v2\/tags?post=80852"}],"curies":[{"name":"wp","href":"https:\/\/api.w.org\/{rel}","templated":true}]}}