{"id":80863,"date":"2017-08-09T06:02:07","date_gmt":"2017-08-09T10:02:07","guid":{"rendered":"http:\/\/www.eltrabajo.cl\/2017\/?p=80863"},"modified":"2017-08-09T06:02:07","modified_gmt":"2017-08-09T10:02:07","slug":"hasta-septiembre-estara-cerrada-calle-combate-de-las-coimas","status":"publish","type":"post","link":"https:\/\/eltrabajo.cl\/portal\/hasta-septiembre-estara-cerrada-calle-combate-de-las-coimas\/","title":{"rendered":"Hasta septiembre estar\u00e1 cerrada calle Combate de Las Coimas"},"content":{"rendered":"<figure id=\"attachment_80866\" aria-describedby=\"caption-attachment-80866\" style=\"width: 580px\" class=\"wp-caption alignnone\"><img data-recalc-dims=\"1\" loading=\"lazy\" decoding=\"async\" class=\"size-full wp-image-80866\" src=\"https:\/\/i0.wp.com\/www.eltrabajo.cl\/2017\/wp-content\/uploads\/2017\/08\/Esval-traslavina.jpg?resize=580%2C348\" alt=\"Trabajos de renovaci\u00f3n de la infraestructura de la red de alcantarillado en Calle Traslavi\u00f1a -entre Freire y Santo Domingo-, podr\u00edan ser entregados dentro de los pr\u00f3ximos 15 d\u00edas.\" width=\"580\" height=\"348\" srcset=\"https:\/\/i0.wp.com\/eltrabajo.cl\/portal\/wp-content\/uploads\/2017\/08\/Esval-traslavina.jpg?w=580&amp;ssl=1 580w, https:\/\/i0.wp.com\/eltrabajo.cl\/portal\/wp-content\/uploads\/2017\/08\/Esval-traslavina.jpg?resize=200%2C120&amp;ssl=1 200w, https:\/\/i0.wp.com\/eltrabajo.cl\/portal\/wp-content\/uploads\/2017\/08\/Esval-traslavina.jpg?resize=300%2C180&amp;ssl=1 300w, https:\/\/i0.wp.com\/eltrabajo.cl\/portal\/wp-content\/uploads\/2017\/08\/Esval-traslavina.jpg?resize=250%2C150&amp;ssl=1 250w, https:\/\/i0.wp.com\/eltrabajo.cl\/portal\/wp-content\/uploads\/2017\/08\/Esval-traslavina.jpg?resize=400%2C240&amp;ssl=1 400w\" sizes=\"auto, (max-width: 580px) 100vw, 580px\" \/><figcaption id=\"caption-attachment-80866\" class=\"wp-caption-text\">Trabajos de renovaci\u00f3n de la infraestructura de la red de alcantarillado en Calle Traslavi\u00f1a -entre Freire y Santo Domingo-, podr\u00edan ser entregados dentro de los pr\u00f3ximos 15 d\u00edas.<\/figcaption><\/figure>\n<ul>\n<li><strong><span style=\"color: #ff0000;\">Por renovaci\u00f3n de infraestructura de la red de alcantarillado:<\/span>\u00a0En tanto que Traslavi\u00f1a -entre Freire y Santo Domingo- podr\u00eda restituir el acceso vehicular dentro de las pr\u00f3ximas dos semanas.<\/strong><\/li>\n<\/ul>\n<p>Alrededor de un mes estar\u00e1 suspendido el tr\u00e1fico vehicular en una de las principales arterias del damero central de San Felipe: se trata del tramo de calle Combate de las Coimas, entre Arturo Prat y Santo Domingo, donde la empresa Esval se encuentra realizando el recambio de infraestructura de la red de alcantarillado.<br \/>\nLas obras que realiza la sanitaria, tambi\u00e9n se est\u00e1n ejecutando en Calle Traslavi\u00f1a, entre Freire y San Mart\u00edn, claro que en esa intersecci\u00f3n los trabajos comenzaron hace un par de semanas y se espera que antes de fin de mes se pueda restituir el acceso vehicular.<br \/>\nEnnio Canessa, Subgerente Zonal de Esval, cont\u00f3 que la planificaci\u00f3n inicial de los trabajos consideraba intervenir ambos tramos de forma simult\u00e1nea, sin embargo, las actividades programadas para festejar el aniversario n\u00famero 277 de la comuna, provocaron que el inicio de los trabajos se pospusiera hasta el d\u00eda de hoy.<br \/>\n\u201cEn el caso de calle Traslavi\u00f1a ya estamos en la etapa final de los trabajos, esperamos comenzar a pavimentar desde la pr\u00f3xima semana, por lo tanto, entra en fase de t\u00e9rmino esa faena, y adem\u00e1s hicimos hoy (ayer) el cierre de calle Coimas para comenzar con los trabajos y poder concretar lo antes posible estas obras\u201d, asegur\u00f3 Canessa.<br \/>\nSeg\u00fan el profesional, las labores en ambas cuadras corresponden al recambio de la red de alcantarillado, donde \u201cse renueva la infraestructura y se construyen en total seis c\u00e1maras de inspecci\u00f3n que ayudan a mantener el sistema con sus mantenimientos preventivos, evitando eventuales obstrucciones, y adem\u00e1s se renuevan las uniones domiciliarias que est\u00e1n en estos tramos\u201d, detall\u00f3 el Ingeniero Civil Bioqu\u00edmico.<br \/>\nDe acuerdo con lo manifestado por Canessa, la realizaci\u00f3n de esta obra pretende mejorar el est\u00e1ndar de calidad de la red de alcantarillado de la zona centro de San Felipe, y los esfuerzos de la empresa est\u00e1n enfocados a desarrollar los trabajos en el menor tiempo posible para restituir el tr\u00e1fico vehicular a la brevedad y disminuir el impacto que puede provocar en el comercio de los sectores intervenidos<br \/>\n\u201cEn un mes y ojal\u00e1 antes pretendemos abrir el tr\u00e1nsito por esa cuadra (Coimas) y en el caso de los trabajos que puedan estar asociados a las veredas, poder programarlos y hacerlos de com\u00fan acuerdo con las personas que se ven afectadas, en este caso por la obra, y en particular el comercio que existe en Coimas, queremos estar bien coordinados con ellos\u201d, sostuvo Canessa.<br \/>\nCabe destacar que para la realizaci\u00f3n de estos trabajos no est\u00e1 presupuestada la interrupci\u00f3n del suministro de agua potable en el centro de la ciudad y que los sectores intervenidos, cuentan con paso peatonal habilitado.<\/p>\n<figure id=\"attachment_80864\" aria-describedby=\"caption-attachment-80864\" style=\"width: 580px\" class=\"wp-caption alignnone\"><img data-recalc-dims=\"1\" loading=\"lazy\" decoding=\"async\" class=\"size-full wp-image-80864\" src=\"https:\/\/i0.wp.com\/www.eltrabajo.cl\/2017\/wp-content\/uploads\/2017\/08\/Esval-coimas.jpg?resize=580%2C349\" alt=\"Tr\u00e1nsito vehicular en Combate de las Coimas -entre Prat y Santo Domingo- estar\u00e1 suspendido durante un mes aproximadamente.\" width=\"580\" height=\"349\" srcset=\"https:\/\/i0.wp.com\/eltrabajo.cl\/portal\/wp-content\/uploads\/2017\/08\/Esval-coimas.jpg?w=580&amp;ssl=1 580w, https:\/\/i0.wp.com\/eltrabajo.cl\/portal\/wp-content\/uploads\/2017\/08\/Esval-coimas.jpg?resize=200%2C120&amp;ssl=1 200w, https:\/\/i0.wp.com\/eltrabajo.cl\/portal\/wp-content\/uploads\/2017\/08\/Esval-coimas.jpg?resize=300%2C181&amp;ssl=1 300w, https:\/\/i0.wp.com\/eltrabajo.cl\/portal\/wp-content\/uploads\/2017\/08\/Esval-coimas.jpg?resize=249%2C150&amp;ssl=1 249w, https:\/\/i0.wp.com\/eltrabajo.cl\/portal\/wp-content\/uploads\/2017\/08\/Esval-coimas.jpg?resize=400%2C241&amp;ssl=1 400w\" sizes=\"auto, (max-width: 580px) 100vw, 580px\" \/><figcaption id=\"caption-attachment-80864\" class=\"wp-caption-text\">Tr\u00e1nsito vehicular en Combate de las Coimas -entre Prat y Santo Domingo- estar\u00e1 suspendido durante un mes aproximadamente.<\/figcaption><\/figure>\n<figure id=\"attachment_80865\" aria-describedby=\"caption-attachment-80865\" style=\"width: 580px\" class=\"wp-caption alignnone\"><img data-recalc-dims=\"1\" loading=\"lazy\" decoding=\"async\" class=\"size-full wp-image-80865\" src=\"https:\/\/i0.wp.com\/www.eltrabajo.cl\/2017\/wp-content\/uploads\/2017\/08\/Esval-Ennio-Canessa.jpg?resize=580%2C349\" alt=\"Ennio Canessa, Subgerente Zonal Esval.\" width=\"580\" height=\"349\" srcset=\"https:\/\/i0.wp.com\/eltrabajo.cl\/portal\/wp-content\/uploads\/2017\/08\/Esval-Ennio-Canessa.jpg?w=580&amp;ssl=1 580w, https:\/\/i0.wp.com\/eltrabajo.cl\/portal\/wp-content\/uploads\/2017\/08\/Esval-Ennio-Canessa.jpg?resize=200%2C120&amp;ssl=1 200w, https:\/\/i0.wp.com\/eltrabajo.cl\/portal\/wp-content\/uploads\/2017\/08\/Esval-Ennio-Canessa.jpg?resize=300%2C181&amp;ssl=1 300w, https:\/\/i0.wp.com\/eltrabajo.cl\/portal\/wp-content\/uploads\/2017\/08\/Esval-Ennio-Canessa.jpg?resize=249%2C150&amp;ssl=1 249w, https:\/\/i0.wp.com\/eltrabajo.cl\/portal\/wp-content\/uploads\/2017\/08\/Esval-Ennio-Canessa.jpg?resize=400%2C241&amp;ssl=1 400w\" sizes=\"auto, (max-width: 580px) 100vw, 580px\" \/><figcaption id=\"caption-attachment-80865\" class=\"wp-caption-text\">Ennio Canessa, Subgerente Zonal Esval.<\/figcaption><\/figure>\n","protected":false},"excerpt":{"rendered":"<p>Por renovaci\u00f3n de infraestructura de la red de alcantarillado:\u00a0En tanto que Traslavi\u00f1a -entre Freire y Santo Domingo- podr\u00eda restituir el acceso vehicular dentro de las pr\u00f3ximas dos semanas. Alrededor de un mes&#8230;<\/p>\n","protected":false},"author":1,"featured_media":80864,"comment_status":"open","ping_status":"open","sticky":false,"template":"","format":"standard","meta":{"advanced_seo_description":"","jetpack_seo_html_title":"","jetpack_seo_noindex":false,"_jetpack_memberships_contains_paid_content":false,"footnotes":""},"categories":[1],"tags":[],"class_list":["post-80863","post","type-post","status-publish","format-standard","has-post-thumbnail","hentry","category-cronica"],"jetpack_featured_media_url":"https:\/\/i0.wp.com\/eltrabajo.cl\/portal\/wp-content\/uploads\/2017\/08\/Esval-coimas.jpg?fit=580%2C349&ssl=1","jetpack_sharing_enabled":true,"jetpack_likes_enabled":true,"jetpack-related-posts":[],"_links":{"self":[{"href":"https:\/\/eltrabajo.cl\/portal\/wp-json\/wp\/v2\/posts\/80863","targetHints":{"allow":["GET"]}}],"collection":[{"href":"https:\/\/eltrabajo.cl\/portal\/wp-json\/wp\/v2\/posts"}],"about":[{"href":"https:\/\/eltrabajo.cl\/portal\/wp-json\/wp\/v2\/types\/post"}],"author":[{"embeddable":true,"href":"https:\/\/eltrabajo.cl\/portal\/wp-json\/wp\/v2\/users\/1"}],"replies":[{"embeddable":true,"href":"https:\/\/eltrabajo.cl\/portal\/wp-json\/wp\/v2\/comments?post=80863"}],"version-history":[{"count":0,"href":"https:\/\/eltrabajo.cl\/portal\/wp-json\/wp\/v2\/posts\/80863\/revisions"}],"wp:featuredmedia":[{"embeddable":true,"href":"https:\/\/eltrabajo.cl\/portal\/wp-json\/wp\/v2\/media\/80864"}],"wp:attachment":[{"href":"https:\/\/eltrabajo.cl\/portal\/wp-json\/wp\/v2\/media?parent=80863"}],"wp:term":[{"taxonomy":"category","embeddable":true,"href":"https:\/\/eltrabajo.cl\/portal\/wp-json\/wp\/v2\/categories?post=80863"},{"taxonomy":"post_tag","embeddable":true,"href":"https:\/\/eltrabajo.cl\/portal\/wp-json\/wp\/v2\/tags?post=80863"}],"curies":[{"name":"wp","href":"https:\/\/api.w.org\/{rel}","templated":true}]}}