{"id":80882,"date":"2017-08-10T06:02:22","date_gmt":"2017-08-10T10:02:22","guid":{"rendered":"http:\/\/www.eltrabajo.cl\/2017\/?p=80882"},"modified":"2017-08-10T06:02:22","modified_gmt":"2017-08-10T10:02:22","slug":"municipalidad-de-san-felipe-no-entregara-colegio-buen-pastor-este-ano","status":"publish","type":"post","link":"https:\/\/eltrabajo.cl\/portal\/municipalidad-de-san-felipe-no-entregara-colegio-buen-pastor-este-ano\/","title":{"rendered":"Municipalidad de San Felipe no entregar\u00e1 colegio Buen Pastor este a\u00f1o"},"content":{"rendered":"<figure id=\"attachment_80883\" aria-describedby=\"caption-attachment-80883\" style=\"width: 580px\" class=\"wp-caption alignnone\"><img data-recalc-dims=\"1\" loading=\"lazy\" decoding=\"async\" class=\"size-full wp-image-80883\" src=\"https:\/\/i0.wp.com\/www.eltrabajo.cl\/2017\/wp-content\/uploads\/2017\/08\/ALCALDE-DE-SAN-FELIPE-PATRICIO-FREIRE-CANTO-9.jpg?resize=580%2C349\" alt=\"Patricio Freire, alcalde de San Felipe.\" width=\"580\" height=\"349\" srcset=\"https:\/\/i0.wp.com\/eltrabajo.cl\/portal\/wp-content\/uploads\/2017\/08\/ALCALDE-DE-SAN-FELIPE-PATRICIO-FREIRE-CANTO-9.jpg?w=580&amp;ssl=1 580w, https:\/\/i0.wp.com\/eltrabajo.cl\/portal\/wp-content\/uploads\/2017\/08\/ALCALDE-DE-SAN-FELIPE-PATRICIO-FREIRE-CANTO-9.jpg?resize=200%2C120&amp;ssl=1 200w, https:\/\/i0.wp.com\/eltrabajo.cl\/portal\/wp-content\/uploads\/2017\/08\/ALCALDE-DE-SAN-FELIPE-PATRICIO-FREIRE-CANTO-9.jpg?resize=300%2C181&amp;ssl=1 300w, https:\/\/i0.wp.com\/eltrabajo.cl\/portal\/wp-content\/uploads\/2017\/08\/ALCALDE-DE-SAN-FELIPE-PATRICIO-FREIRE-CANTO-9.jpg?resize=249%2C150&amp;ssl=1 249w, https:\/\/i0.wp.com\/eltrabajo.cl\/portal\/wp-content\/uploads\/2017\/08\/ALCALDE-DE-SAN-FELIPE-PATRICIO-FREIRE-CANTO-9.jpg?resize=400%2C241&amp;ssl=1 400w\" sizes=\"auto, (max-width: 580px) 100vw, 580px\" \/><figcaption id=\"caption-attachment-80883\" class=\"wp-caption-text\">Patricio Freire, alcalde de San Felipe.<\/figcaption><\/figure>\n<ul>\n<li><strong><span style=\"color: #ff0000;\">Alcalde Freire afirm\u00f3 que \u201clos tiempos est\u00e1n agotados\u201d para devolver la Escuela a su Congregaci\u00f3n:<\/span>\u00a0El edil se reuni\u00f3 con apoderados, profesores y administrativos para confirmarles que el establecimiento no se cierra y que al menos durante el 2017 continuar\u00e1 con administraci\u00f3n municipal.<\/strong><\/li>\n<\/ul>\n<p>El alcalde de San Felipe, Patricio Freire Canto, se reuni\u00f3 este martes con la comunidad educativa de la Escuela Buen Pastor, para dar a conocer cu\u00e1l es la situaci\u00f3n que atraviesa actualmente el establecimiento y explicar que \u00e9ste se mantendr\u00e1 como municipalizado, al menos hasta fin de a\u00f1o.<br \/>\nEs preciso recordar que fue Diario El Trabajo el medio que dio a conocer el pasado viernes 4 de agosto, la posibilidad de que el recinto educativo fuera cerrado o volviera a manos de la Congregaci\u00f3n Buen Pastor, la cual, a trav\u00e9s de un correo electr\u00f3nico, habr\u00eda solicitado a la Municipalidad de San Felipe poner t\u00e9rmino anticipado al comodato que establece que la escuela es de administraci\u00f3n municipal hasta octubre del a\u00f1o 2019.<br \/>\nEn referencia a esta situaci\u00f3n, Freire sostuvo que este a\u00f1o no habr\u00e1 mayores modificaciones en el establecimiento, puesto que los plazos ya se cumplieron y que \u201ces imposible a estas alturas del a\u00f1o entregar un colegio a no ser que ellos tengan una propuesta que por el momento no ha llegado al municipio\u201d, explic\u00f3 el edil.<br \/>\n\u201cEn este momento a nosotros los tiempos no nos dan para entregar el colegio y eso es claro, hay que darle la tranquilidad a los ni\u00f1os de que ese colegio en ning\u00fan momento se va cerrar, porque si lo toma la Fundaci\u00f3n, la pretensi\u00f3n de ellos es tomar todo el alumnado\u201d, insisti\u00f3 Freire.<br \/>\nDe todas formas, el jefe comunal reconoci\u00f3 que una de las propuestas recibidas es que el alumnado pasara a formar parte del plantel educativo del Liceo Roberto Humeres y fusionar ambos establecimientos, sin embargo, para llevar a cabo esta acci\u00f3n Freire aclar\u00f3 que \u201chay que realizar un estudio\u201d para analizar la factibilidad de esta opci\u00f3n.<br \/>\nFinalmente, Freire afirm\u00f3 que durante la reuni\u00f3n dej\u00f3 establecido un compromiso para que, en caso de tener novedades o manejar cualquier tipo de informaci\u00f3n relevante, sea la comunidad educativa del establecimiento la primera en recibir novedades.<\/p>\n<figure id=\"attachment_80884\" aria-describedby=\"caption-attachment-80884\" style=\"width: 580px\" class=\"wp-caption alignnone\"><img data-recalc-dims=\"1\" loading=\"lazy\" decoding=\"async\" class=\"size-full wp-image-80884\" src=\"https:\/\/i0.wp.com\/www.eltrabajo.cl\/2017\/wp-content\/uploads\/2017\/08\/buen-pastor.jpg?resize=580%2C349\" alt=\"Apoderados de la Escuela Buen Pastor realizaron una manifestaci\u00f3n la semana pasada para expresar su preocupaci\u00f3n por lo que estaba sucediendo, hecho publicado por Diario El Trabajo el viernes pasado y que dej\u00f3 al descubierto la compleja situaci\u00f3n.\" width=\"580\" height=\"349\" srcset=\"https:\/\/i0.wp.com\/eltrabajo.cl\/portal\/wp-content\/uploads\/2017\/08\/buen-pastor.jpg?w=580&amp;ssl=1 580w, https:\/\/i0.wp.com\/eltrabajo.cl\/portal\/wp-content\/uploads\/2017\/08\/buen-pastor.jpg?resize=200%2C120&amp;ssl=1 200w, https:\/\/i0.wp.com\/eltrabajo.cl\/portal\/wp-content\/uploads\/2017\/08\/buen-pastor.jpg?resize=300%2C181&amp;ssl=1 300w, https:\/\/i0.wp.com\/eltrabajo.cl\/portal\/wp-content\/uploads\/2017\/08\/buen-pastor.jpg?resize=249%2C150&amp;ssl=1 249w, https:\/\/i0.wp.com\/eltrabajo.cl\/portal\/wp-content\/uploads\/2017\/08\/buen-pastor.jpg?resize=400%2C241&amp;ssl=1 400w\" sizes=\"auto, (max-width: 580px) 100vw, 580px\" \/><figcaption id=\"caption-attachment-80884\" class=\"wp-caption-text\">Apoderados de la Escuela Buen Pastor realizaron una manifestaci\u00f3n la semana pasada para expresar su preocupaci\u00f3n por lo que estaba sucediendo, hecho publicado por Diario El Trabajo el viernes pasado y que dej\u00f3 al descubierto la compleja situaci\u00f3n.<\/figcaption><\/figure>\n","protected":false},"excerpt":{"rendered":"<p>Alcalde Freire afirm\u00f3 que \u201clos tiempos est\u00e1n agotados\u201d para devolver la Escuela a su Congregaci\u00f3n:\u00a0El edil se reuni\u00f3 con apoderados, profesores y administrativos para confirmarles que el establecimiento no se cierra y&#8230;<\/p>\n","protected":false},"author":1,"featured_media":80884,"comment_status":"open","ping_status":"open","sticky":false,"template":"","format":"standard","meta":{"advanced_seo_description":"","jetpack_seo_html_title":"","jetpack_seo_noindex":false,"_jetpack_memberships_contains_paid_content":false,"footnotes":""},"categories":[1],"tags":[],"class_list":["post-80882","post","type-post","status-publish","format-standard","has-post-thumbnail","hentry","category-cronica"],"jetpack_featured_media_url":"https:\/\/i0.wp.com\/eltrabajo.cl\/portal\/wp-content\/uploads\/2017\/08\/buen-pastor.jpg?fit=580%2C349&ssl=1","jetpack_sharing_enabled":true,"jetpack_likes_enabled":true,"jetpack-related-posts":[],"_links":{"self":[{"href":"https:\/\/eltrabajo.cl\/portal\/wp-json\/wp\/v2\/posts\/80882","targetHints":{"allow":["GET"]}}],"collection":[{"href":"https:\/\/eltrabajo.cl\/portal\/wp-json\/wp\/v2\/posts"}],"about":[{"href":"https:\/\/eltrabajo.cl\/portal\/wp-json\/wp\/v2\/types\/post"}],"author":[{"embeddable":true,"href":"https:\/\/eltrabajo.cl\/portal\/wp-json\/wp\/v2\/users\/1"}],"replies":[{"embeddable":true,"href":"https:\/\/eltrabajo.cl\/portal\/wp-json\/wp\/v2\/comments?post=80882"}],"version-history":[{"count":0,"href":"https:\/\/eltrabajo.cl\/portal\/wp-json\/wp\/v2\/posts\/80882\/revisions"}],"wp:featuredmedia":[{"embeddable":true,"href":"https:\/\/eltrabajo.cl\/portal\/wp-json\/wp\/v2\/media\/80884"}],"wp:attachment":[{"href":"https:\/\/eltrabajo.cl\/portal\/wp-json\/wp\/v2\/media?parent=80882"}],"wp:term":[{"taxonomy":"category","embeddable":true,"href":"https:\/\/eltrabajo.cl\/portal\/wp-json\/wp\/v2\/categories?post=80882"},{"taxonomy":"post_tag","embeddable":true,"href":"https:\/\/eltrabajo.cl\/portal\/wp-json\/wp\/v2\/tags?post=80882"}],"curies":[{"name":"wp","href":"https:\/\/api.w.org\/{rel}","templated":true}]}}