{"id":80889,"date":"2017-08-10T06:04:02","date_gmt":"2017-08-10T10:04:02","guid":{"rendered":"http:\/\/www.eltrabajo.cl\/2017\/?p=80889"},"modified":"2017-08-10T06:04:02","modified_gmt":"2017-08-10T10:04:02","slug":"expectacion-causa-gigantesca-columna-de-agua-de-mas-de-dos-metros-de-altura","status":"publish","type":"post","link":"https:\/\/eltrabajo.cl\/portal\/expectacion-causa-gigantesca-columna-de-agua-de-mas-de-dos-metros-de-altura\/","title":{"rendered":"Expectaci\u00f3n causa gigantesca columna de agua de m\u00e1s de dos metros de altura"},"content":{"rendered":"<figure id=\"attachment_80896\" aria-describedby=\"caption-attachment-80896\" style=\"width: 580px\" class=\"wp-caption alignnone\"><img data-recalc-dims=\"1\" loading=\"lazy\" decoding=\"async\" class=\"size-full wp-image-80896\" src=\"https:\/\/i0.wp.com\/www.eltrabajo.cl\/2017\/wp-content\/uploads\/2017\/08\/Grifo2.jpg?resize=580%2C350\" alt=\"Carabineros en el lugar mientras numerosas personas observan la gran columna de agua brotar con fuerza desde el suelo.\" width=\"580\" height=\"350\" srcset=\"https:\/\/i0.wp.com\/eltrabajo.cl\/portal\/wp-content\/uploads\/2017\/08\/Grifo2.jpg?w=580&amp;ssl=1 580w, https:\/\/i0.wp.com\/eltrabajo.cl\/portal\/wp-content\/uploads\/2017\/08\/Grifo2.jpg?resize=200%2C121&amp;ssl=1 200w, https:\/\/i0.wp.com\/eltrabajo.cl\/portal\/wp-content\/uploads\/2017\/08\/Grifo2.jpg?resize=300%2C181&amp;ssl=1 300w, https:\/\/i0.wp.com\/eltrabajo.cl\/portal\/wp-content\/uploads\/2017\/08\/Grifo2.jpg?resize=249%2C150&amp;ssl=1 249w, https:\/\/i0.wp.com\/eltrabajo.cl\/portal\/wp-content\/uploads\/2017\/08\/Grifo2.jpg?resize=400%2C241&amp;ssl=1 400w\" sizes=\"auto, (max-width: 580px) 100vw, 580px\" \/><figcaption id=\"caption-attachment-80896\" class=\"wp-caption-text\">Carabineros en el lugar mientras numerosas personas observan la gran columna de agua brotar con fuerza desde el suelo.<\/figcaption><\/figure>\n<ul>\n<li><span style=\"color: #ff0000;\"><strong>Rotura de grifo en pleno centro de San Felipe:\u00a0<\/strong><\/span><\/li>\n<\/ul>\n<p>Expectaci\u00f3n caus\u00f3 ayer en la ma\u00f1ana la rotura de un grifo ubicado en Arturo Prat al llegar a Salinas, frente a la farmacia Cruz Verde, pleno centro de San Felipe, el que fue arrancado de su base por parte de un cami\u00f3n cuyo conductor no se percat\u00f3 al momento de maniobrar para salir del lugar donde se encontraba estacionado.<br \/>\nLa situaci\u00f3n provoc\u00f3 que gran cantidad de personas que a esa hora pasaban por el lugar, se detuvieran en su andar y comenzaran con las c\u00e1maras de sus celulares a registrar la imagen del gigantesco chorro de agua que se alzaba unos dos metros.<br \/>\nPasados unos minutos lleg\u00f3 personal municipal, quienes con rejas papales cercaron el per\u00edmetro del grifo para que nadie pasara por el lugar.<br \/>\nPosteriormente lleg\u00f3 Carabineros para adoptar el procedimiento de rigor, tomando los datos tanto del chofer como del cami\u00f3n mismo.<br \/>\nPosteriormente hicieron arribo funcionarios de una empresa contratista de Esval, lo cuales volvieron a situar el grifo en su lugar, no sin antes cortar el agua, evitando de esta manera que el vital elemento se siguiera perdiendo por el lugar.<br \/>\nEl escurrimiento de agua fue posible apreciarlo por toda la calle Arturo Prat hacia el poniente y tambi\u00e9n por calle Salinas hacia el norte.<br \/>\nAl respecto el Subgerente Zonal de Esval, Ennio Canesa, hizo un llamado a cuidar estos elementos como son los grifos, en particular en la zona del centro: \u201cA eso de las 10:30 horas tuvimos un evento, donde un cami\u00f3n colision\u00f3 uno de los grifos. Este grifo result\u00f3 con da\u00f1os importantes en su conexi\u00f3n a nuestra matriz de agua, y desde que tomamos conocimiento nuestros equipos concurrieron al lugar de manera diligente y afortunadamente pudimos controlar este evento a las 11:15 horas\u201d, sostuvo.<\/p>\n<p>&nbsp;<\/p>\n<figure id=\"attachment_80895\" aria-describedby=\"caption-attachment-80895\" style=\"width: 580px\" class=\"wp-caption alignnone\"><img data-recalc-dims=\"1\" loading=\"lazy\" decoding=\"async\" class=\"size-full wp-image-80895\" src=\"https:\/\/i0.wp.com\/www.eltrabajo.cl\/2017\/wp-content\/uploads\/2017\/08\/Grifo1.jpg?resize=580%2C766\" alt=\"Una impactante columna de agua que superaba los dos metros de altura, sal\u00eda con gran potencia al lado del cami\u00f3n que ocasion\u00f3 el da\u00f1o.\" width=\"580\" height=\"766\" srcset=\"https:\/\/i0.wp.com\/eltrabajo.cl\/portal\/wp-content\/uploads\/2017\/08\/Grifo1.jpg?w=580&amp;ssl=1 580w, https:\/\/i0.wp.com\/eltrabajo.cl\/portal\/wp-content\/uploads\/2017\/08\/Grifo1.jpg?resize=114%2C150&amp;ssl=1 114w, https:\/\/i0.wp.com\/eltrabajo.cl\/portal\/wp-content\/uploads\/2017\/08\/Grifo1.jpg?resize=227%2C300&amp;ssl=1 227w, https:\/\/i0.wp.com\/eltrabajo.cl\/portal\/wp-content\/uploads\/2017\/08\/Grifo1.jpg?resize=400%2C528&amp;ssl=1 400w\" sizes=\"auto, (max-width: 580px) 100vw, 580px\" \/><figcaption id=\"caption-attachment-80895\" class=\"wp-caption-text\">Una impactante columna de agua que superaba los dos metros de altura, sal\u00eda con gran potencia al lado del cami\u00f3n que ocasion\u00f3 el da\u00f1o.<\/figcaption><\/figure>\n<p>&nbsp;<\/p>\n<figure id=\"attachment_80896\" aria-describedby=\"caption-attachment-80896\" style=\"width: 580px\" class=\"wp-caption alignnone\"><img data-recalc-dims=\"1\" loading=\"lazy\" decoding=\"async\" class=\"size-full wp-image-80896\" src=\"https:\/\/i0.wp.com\/www.eltrabajo.cl\/2017\/wp-content\/uploads\/2017\/08\/Grifo2.jpg?resize=580%2C350\" alt=\"Carabineros en el lugar mientras numerosas personas observan la gran columna de agua brotar con fuerza desde el suelo.\" width=\"580\" height=\"350\" srcset=\"https:\/\/i0.wp.com\/eltrabajo.cl\/portal\/wp-content\/uploads\/2017\/08\/Grifo2.jpg?w=580&amp;ssl=1 580w, https:\/\/i0.wp.com\/eltrabajo.cl\/portal\/wp-content\/uploads\/2017\/08\/Grifo2.jpg?resize=200%2C121&amp;ssl=1 200w, https:\/\/i0.wp.com\/eltrabajo.cl\/portal\/wp-content\/uploads\/2017\/08\/Grifo2.jpg?resize=300%2C181&amp;ssl=1 300w, https:\/\/i0.wp.com\/eltrabajo.cl\/portal\/wp-content\/uploads\/2017\/08\/Grifo2.jpg?resize=249%2C150&amp;ssl=1 249w, https:\/\/i0.wp.com\/eltrabajo.cl\/portal\/wp-content\/uploads\/2017\/08\/Grifo2.jpg?resize=400%2C241&amp;ssl=1 400w\" sizes=\"auto, (max-width: 580px) 100vw, 580px\" \/><figcaption id=\"caption-attachment-80896\" class=\"wp-caption-text\">Carabineros en el lugar mientras numerosas personas observan la gran columna de agua brotar con fuerza desde el suelo.<\/figcaption><\/figure>\n<figure id=\"attachment_80897\" aria-describedby=\"caption-attachment-80897\" style=\"width: 580px\" class=\"wp-caption alignnone\"><img data-recalc-dims=\"1\" loading=\"lazy\" decoding=\"async\" class=\"size-full wp-image-80897\" src=\"https:\/\/i0.wp.com\/www.eltrabajo.cl\/2017\/wp-content\/uploads\/2017\/08\/Grifo3.jpg?resize=580%2C350\" alt=\"Operarios de una empresa contratista procedieron a cortar el agua y reponer el grifo en su lugar.\" width=\"580\" height=\"350\" srcset=\"https:\/\/i0.wp.com\/eltrabajo.cl\/portal\/wp-content\/uploads\/2017\/08\/Grifo3.jpg?w=580&amp;ssl=1 580w, https:\/\/i0.wp.com\/eltrabajo.cl\/portal\/wp-content\/uploads\/2017\/08\/Grifo3.jpg?resize=200%2C121&amp;ssl=1 200w, https:\/\/i0.wp.com\/eltrabajo.cl\/portal\/wp-content\/uploads\/2017\/08\/Grifo3.jpg?resize=300%2C181&amp;ssl=1 300w, https:\/\/i0.wp.com\/eltrabajo.cl\/portal\/wp-content\/uploads\/2017\/08\/Grifo3.jpg?resize=249%2C150&amp;ssl=1 249w, https:\/\/i0.wp.com\/eltrabajo.cl\/portal\/wp-content\/uploads\/2017\/08\/Grifo3.jpg?resize=400%2C241&amp;ssl=1 400w\" sizes=\"auto, (max-width: 580px) 100vw, 580px\" \/><figcaption id=\"caption-attachment-80897\" class=\"wp-caption-text\">Operarios de una empresa contratista procedieron a cortar el agua y reponer el grifo en su lugar.<\/figcaption><\/figure>\n<figure id=\"attachment_80898\" aria-describedby=\"caption-attachment-80898\" style=\"width: 580px\" class=\"wp-caption alignnone\"><img data-recalc-dims=\"1\" loading=\"lazy\" decoding=\"async\" class=\"size-full wp-image-80898\" src=\"https:\/\/i0.wp.com\/www.eltrabajo.cl\/2017\/wp-content\/uploads\/2017\/08\/Grifo4-Termino.jpg?resize=580%2C350\" alt=\"Reparado el grifo, termina el espect\u00e1culo para cientos de transe\u00fantes que observaban impactados la colosal columna de agua.\" width=\"580\" height=\"350\" srcset=\"https:\/\/i0.wp.com\/eltrabajo.cl\/portal\/wp-content\/uploads\/2017\/08\/Grifo4-Termino.jpg?w=580&amp;ssl=1 580w, https:\/\/i0.wp.com\/eltrabajo.cl\/portal\/wp-content\/uploads\/2017\/08\/Grifo4-Termino.jpg?resize=200%2C121&amp;ssl=1 200w, https:\/\/i0.wp.com\/eltrabajo.cl\/portal\/wp-content\/uploads\/2017\/08\/Grifo4-Termino.jpg?resize=300%2C181&amp;ssl=1 300w, https:\/\/i0.wp.com\/eltrabajo.cl\/portal\/wp-content\/uploads\/2017\/08\/Grifo4-Termino.jpg?resize=249%2C150&amp;ssl=1 249w, https:\/\/i0.wp.com\/eltrabajo.cl\/portal\/wp-content\/uploads\/2017\/08\/Grifo4-Termino.jpg?resize=400%2C241&amp;ssl=1 400w\" sizes=\"auto, (max-width: 580px) 100vw, 580px\" \/><figcaption id=\"caption-attachment-80898\" class=\"wp-caption-text\">Reparado el grifo, termina el espect\u00e1culo para cientos de transe\u00fantes que observaban impactados la colosal columna de agua.<\/figcaption><\/figure>\n<p>&nbsp;<\/p>\n<figure id=\"attachment_80899\" aria-describedby=\"caption-attachment-80899\" style=\"width: 580px\" class=\"wp-caption alignnone\"><img data-recalc-dims=\"1\" loading=\"lazy\" decoding=\"async\" class=\"wp-image-80899 size-full\" src=\"https:\/\/i0.wp.com\/www.eltrabajo.cl\/2017\/wp-content\/uploads\/2017\/08\/Grifo5-Conductor.jpg?resize=580%2C615\" alt=\"Carabineros conversa con el conductor del cami\u00f3n, quien posteriormente se retir\u00f3 del lugar.\" width=\"580\" height=\"615\" srcset=\"https:\/\/i0.wp.com\/eltrabajo.cl\/portal\/wp-content\/uploads\/2017\/08\/Grifo5-Conductor.jpg?w=580&amp;ssl=1 580w, https:\/\/i0.wp.com\/eltrabajo.cl\/portal\/wp-content\/uploads\/2017\/08\/Grifo5-Conductor.jpg?resize=141%2C150&amp;ssl=1 141w, https:\/\/i0.wp.com\/eltrabajo.cl\/portal\/wp-content\/uploads\/2017\/08\/Grifo5-Conductor.jpg?resize=283%2C300&amp;ssl=1 283w, https:\/\/i0.wp.com\/eltrabajo.cl\/portal\/wp-content\/uploads\/2017\/08\/Grifo5-Conductor.jpg?resize=400%2C424&amp;ssl=1 400w\" sizes=\"auto, (max-width: 580px) 100vw, 580px\" \/><figcaption id=\"caption-attachment-80899\" class=\"wp-caption-text\">Carabineros conversa con el conductor del cami\u00f3n, quien posteriormente se retir\u00f3 del lugar.<\/figcaption><\/figure>\n","protected":false},"excerpt":{"rendered":"<p>Rotura de grifo en pleno centro de San Felipe:\u00a0 Expectaci\u00f3n caus\u00f3 ayer en la ma\u00f1ana la rotura de un grifo ubicado en Arturo Prat al llegar a Salinas, frente a la farmacia&#8230;<\/p>\n","protected":false},"author":1,"featured_media":80897,"comment_status":"open","ping_status":"open","sticky":false,"template":"","format":"standard","meta":{"advanced_seo_description":"","jetpack_seo_html_title":"","jetpack_seo_noindex":false,"_jetpack_memberships_contains_paid_content":false,"footnotes":""},"categories":[15],"tags":[],"class_list":["post-80889","post","type-post","status-publish","format-standard","has-post-thumbnail","hentry","category-comunidad"],"jetpack_featured_media_url":"https:\/\/i0.wp.com\/eltrabajo.cl\/portal\/wp-content\/uploads\/2017\/08\/Grifo3.jpg?fit=580%2C350&ssl=1","jetpack_sharing_enabled":true,"jetpack_likes_enabled":true,"jetpack-related-posts":[],"_links":{"self":[{"href":"https:\/\/eltrabajo.cl\/portal\/wp-json\/wp\/v2\/posts\/80889","targetHints":{"allow":["GET"]}}],"collection":[{"href":"https:\/\/eltrabajo.cl\/portal\/wp-json\/wp\/v2\/posts"}],"about":[{"href":"https:\/\/eltrabajo.cl\/portal\/wp-json\/wp\/v2\/types\/post"}],"author":[{"embeddable":true,"href":"https:\/\/eltrabajo.cl\/portal\/wp-json\/wp\/v2\/users\/1"}],"replies":[{"embeddable":true,"href":"https:\/\/eltrabajo.cl\/portal\/wp-json\/wp\/v2\/comments?post=80889"}],"version-history":[{"count":0,"href":"https:\/\/eltrabajo.cl\/portal\/wp-json\/wp\/v2\/posts\/80889\/revisions"}],"wp:featuredmedia":[{"embeddable":true,"href":"https:\/\/eltrabajo.cl\/portal\/wp-json\/wp\/v2\/media\/80897"}],"wp:attachment":[{"href":"https:\/\/eltrabajo.cl\/portal\/wp-json\/wp\/v2\/media?parent=80889"}],"wp:term":[{"taxonomy":"category","embeddable":true,"href":"https:\/\/eltrabajo.cl\/portal\/wp-json\/wp\/v2\/categories?post=80889"},{"taxonomy":"post_tag","embeddable":true,"href":"https:\/\/eltrabajo.cl\/portal\/wp-json\/wp\/v2\/tags?post=80889"}],"curies":[{"name":"wp","href":"https:\/\/api.w.org\/{rel}","templated":true}]}}