{"id":81032,"date":"2017-08-17T05:01:33","date_gmt":"2017-08-17T09:01:33","guid":{"rendered":"http:\/\/www.eltrabajo.cl\/2017\/?p=81032"},"modified":"2017-08-17T05:01:33","modified_gmt":"2017-08-17T09:01:33","slug":"dos-karatecas-de-catemu-como-los-grandes-en-torneo-en-oaxaca-mexico","status":"publish","type":"post","link":"https:\/\/eltrabajo.cl\/portal\/dos-karatecas-de-catemu-como-los-grandes-en-torneo-en-oaxaca-mexico\/","title":{"rendered":"Dos karatecas de Catemu como los grandes en torneo en Oaxaca, M\u00e9xico"},"content":{"rendered":"<figure id=\"attachment_81035\" aria-describedby=\"caption-attachment-81035\" style=\"width: 580px\" class=\"wp-caption alignnone\"><img data-recalc-dims=\"1\" loading=\"lazy\" decoding=\"async\" class=\"size-full wp-image-81035\" src=\"https:\/\/i0.wp.com\/www.eltrabajo.cl\/2017\/wp-content\/uploads\/2017\/08\/Karate1.jpg?resize=580%2C350\" alt=\"SIEMPRE DANIEL.- Aqu\u00ed tenemos a Daniel Arias, mostr\u00e1ndose \u2018de t\u00fa a t\u00fa\u2019 con grandes exponentes de las Artes Marciales de Latinoam\u00e9rica.\" width=\"580\" height=\"350\" srcset=\"https:\/\/i0.wp.com\/eltrabajo.cl\/portal\/wp-content\/uploads\/2017\/08\/Karate1.jpg?w=580&amp;ssl=1 580w, https:\/\/i0.wp.com\/eltrabajo.cl\/portal\/wp-content\/uploads\/2017\/08\/Karate1.jpg?resize=200%2C121&amp;ssl=1 200w, https:\/\/i0.wp.com\/eltrabajo.cl\/portal\/wp-content\/uploads\/2017\/08\/Karate1.jpg?resize=300%2C181&amp;ssl=1 300w, https:\/\/i0.wp.com\/eltrabajo.cl\/portal\/wp-content\/uploads\/2017\/08\/Karate1.jpg?resize=249%2C150&amp;ssl=1 249w, https:\/\/i0.wp.com\/eltrabajo.cl\/portal\/wp-content\/uploads\/2017\/08\/Karate1.jpg?resize=400%2C241&amp;ssl=1 400w\" sizes=\"auto, (max-width: 580px) 100vw, 580px\" \/><figcaption id=\"caption-attachment-81035\" class=\"wp-caption-text\">SIEMPRE DANIEL.- Aqu\u00ed tenemos a Daniel Arias, mostr\u00e1ndose \u2018de t\u00fa a t\u00fa\u2019 con grandes exponentes de las Artes Marciales de Latinoam\u00e9rica.<\/figcaption><\/figure>\n<ul>\n<li><span style=\"color: #ff0000;\"><strong>Camila Arias y Daniel Arias dejan el nombre de Chile muy en alto:<\/strong><\/span><\/li>\n<\/ul>\n<p>Una extraordinaria presentaci\u00f3n deportiva fue la que tuvieron los dos karatecas cateminos en Oaxaca, M\u00e9xico, durante el Torneo internacional de Artes Marciales desarrollado el 12 y 13 agosto en esa ciudad norteamericana, jornada en la que participaron al menos unos 150 peleadores de Honduras, Per\u00fa, Chile, Uruguay, M\u00e9xico y Costa Rica.<br \/>\nEn representaci\u00f3n de Chile fueron cinco karatecas, dos de Catemu y tres del sur, Daniel Arias quien logr\u00f3 el primer lugar cintos negros, y Camila Salazar con el 2\u00ba en combates y primera en catas, \u00abdebo agradecer todo el apoyo recibido por el Liceo Chagres, ya que los profesores y estudiantes nos apoyaron e hicieron varias actividades para comprar los boletos de Camila, ella es alumna del 1\u00ba Medio. Fue un torneo bastante duro, tanto Camila y yo recibimos fuertes golpes, no era un campeonato de fantas\u00eda, todo era real y creo que la experiencia fue muy gratificante, pues conocimos otras culturas y ciudades mexicanas muy bellas\u00bb, coment\u00f3 a Diario El Trabajo el mismo Daniel Arias, karateca y director del Club Deportivo Catemu.<br \/>\nEste club deportivo aconcag\u00fcino desde hace algunos a\u00f1os se viene superando y destacando en m\u00faltiples torneos regionales y nacionales, ahora demostr\u00f3 tambi\u00e9n tener un gran nivel para hacerlo en el extranjero. Seg\u00fan explic\u00f3 Arias, ya sus karatecas est\u00e1n calentando duro, pues el pr\u00f3ximo 28 de octubre participar\u00e1n en el Torneo Internacional en Per\u00fa, lo que har\u00e1 que los chicos puedan tambi\u00e9n seguir con su fogueo internacional en las Artes Marciales.<br \/>\n<strong>Roberto Gonz\u00e1lez Short<\/strong><\/p>\n<figure id=\"attachment_81033\" aria-describedby=\"caption-attachment-81033\" style=\"width: 580px\" class=\"wp-caption alignnone\"><img data-recalc-dims=\"1\" loading=\"lazy\" decoding=\"async\" class=\"size-full wp-image-81033\" src=\"https:\/\/i0.wp.com\/www.eltrabajo.cl\/2017\/wp-content\/uploads\/2017\/08\/Karate_Camila-Salazar.jpg?resize=580%2C350\" alt=\"TALENTO Y JUVENTUD.- La joven Camila Salazar (de blanco), de apenas 14 a\u00f1os, ya es una figura respetada por sus iguales a nivel internacional.\" width=\"580\" height=\"350\" srcset=\"https:\/\/i0.wp.com\/eltrabajo.cl\/portal\/wp-content\/uploads\/2017\/08\/Karate_Camila-Salazar.jpg?w=580&amp;ssl=1 580w, https:\/\/i0.wp.com\/eltrabajo.cl\/portal\/wp-content\/uploads\/2017\/08\/Karate_Camila-Salazar.jpg?resize=200%2C121&amp;ssl=1 200w, https:\/\/i0.wp.com\/eltrabajo.cl\/portal\/wp-content\/uploads\/2017\/08\/Karate_Camila-Salazar.jpg?resize=300%2C181&amp;ssl=1 300w, https:\/\/i0.wp.com\/eltrabajo.cl\/portal\/wp-content\/uploads\/2017\/08\/Karate_Camila-Salazar.jpg?resize=249%2C150&amp;ssl=1 249w, https:\/\/i0.wp.com\/eltrabajo.cl\/portal\/wp-content\/uploads\/2017\/08\/Karate_Camila-Salazar.jpg?resize=400%2C241&amp;ssl=1 400w\" sizes=\"auto, (max-width: 580px) 100vw, 580px\" \/><figcaption id=\"caption-attachment-81033\" class=\"wp-caption-text\">TALENTO Y JUVENTUD.- La joven Camila Salazar (de blanco), de apenas 14 a\u00f1os, ya es una figura respetada por sus iguales a nivel internacional.<\/figcaption><\/figure>\n<figure id=\"attachment_81034\" aria-describedby=\"caption-attachment-81034\" style=\"width: 580px\" class=\"wp-caption alignnone\"><img data-recalc-dims=\"1\" loading=\"lazy\" decoding=\"async\" class=\"size-full wp-image-81034\" src=\"https:\/\/i0.wp.com\/www.eltrabajo.cl\/2017\/wp-content\/uploads\/2017\/08\/Karate_Daniel-Arias.jpg?resize=580%2C681\" alt=\"Daniel Arias, karateca y director del Club Deportivo Catemu.\" width=\"580\" height=\"681\" srcset=\"https:\/\/i0.wp.com\/eltrabajo.cl\/portal\/wp-content\/uploads\/2017\/08\/Karate_Daniel-Arias.jpg?w=580&amp;ssl=1 580w, https:\/\/i0.wp.com\/eltrabajo.cl\/portal\/wp-content\/uploads\/2017\/08\/Karate_Daniel-Arias.jpg?resize=128%2C150&amp;ssl=1 128w, https:\/\/i0.wp.com\/eltrabajo.cl\/portal\/wp-content\/uploads\/2017\/08\/Karate_Daniel-Arias.jpg?resize=256%2C300&amp;ssl=1 256w, https:\/\/i0.wp.com\/eltrabajo.cl\/portal\/wp-content\/uploads\/2017\/08\/Karate_Daniel-Arias.jpg?resize=400%2C470&amp;ssl=1 400w\" sizes=\"auto, (max-width: 580px) 100vw, 580px\" \/><figcaption id=\"caption-attachment-81034\" class=\"wp-caption-text\">Daniel Arias, karateca y director del Club Deportivo Catemu.<\/figcaption><\/figure>\n","protected":false},"excerpt":{"rendered":"<p>Camila Arias y Daniel Arias dejan el nombre de Chile muy en alto: Una extraordinaria presentaci\u00f3n deportiva fue la que tuvieron los dos karatecas cateminos en Oaxaca, M\u00e9xico, durante el Torneo internacional&#8230;<\/p>\n","protected":false},"author":1,"featured_media":81033,"comment_status":"open","ping_status":"open","sticky":false,"template":"","format":"standard","meta":{"advanced_seo_description":"","jetpack_seo_html_title":"","jetpack_seo_noindex":false,"_jetpack_memberships_contains_paid_content":false,"footnotes":""},"categories":[19],"tags":[],"class_list":["post-81032","post","type-post","status-publish","format-standard","has-post-thumbnail","hentry","category-deportes"],"jetpack_featured_media_url":"https:\/\/i0.wp.com\/eltrabajo.cl\/portal\/wp-content\/uploads\/2017\/08\/Karate_Camila-Salazar.jpg?fit=580%2C350&ssl=1","jetpack_sharing_enabled":true,"jetpack_likes_enabled":true,"jetpack-related-posts":[],"_links":{"self":[{"href":"https:\/\/eltrabajo.cl\/portal\/wp-json\/wp\/v2\/posts\/81032","targetHints":{"allow":["GET"]}}],"collection":[{"href":"https:\/\/eltrabajo.cl\/portal\/wp-json\/wp\/v2\/posts"}],"about":[{"href":"https:\/\/eltrabajo.cl\/portal\/wp-json\/wp\/v2\/types\/post"}],"author":[{"embeddable":true,"href":"https:\/\/eltrabajo.cl\/portal\/wp-json\/wp\/v2\/users\/1"}],"replies":[{"embeddable":true,"href":"https:\/\/eltrabajo.cl\/portal\/wp-json\/wp\/v2\/comments?post=81032"}],"version-history":[{"count":0,"href":"https:\/\/eltrabajo.cl\/portal\/wp-json\/wp\/v2\/posts\/81032\/revisions"}],"wp:featuredmedia":[{"embeddable":true,"href":"https:\/\/eltrabajo.cl\/portal\/wp-json\/wp\/v2\/media\/81033"}],"wp:attachment":[{"href":"https:\/\/eltrabajo.cl\/portal\/wp-json\/wp\/v2\/media?parent=81032"}],"wp:term":[{"taxonomy":"category","embeddable":true,"href":"https:\/\/eltrabajo.cl\/portal\/wp-json\/wp\/v2\/categories?post=81032"},{"taxonomy":"post_tag","embeddable":true,"href":"https:\/\/eltrabajo.cl\/portal\/wp-json\/wp\/v2\/tags?post=81032"}],"curies":[{"name":"wp","href":"https:\/\/api.w.org\/{rel}","templated":true}]}}