{"id":81037,"date":"2017-08-17T05:02:59","date_gmt":"2017-08-17T09:02:59","guid":{"rendered":"http:\/\/www.eltrabajo.cl\/2017\/?p=81037"},"modified":"2017-08-17T05:02:59","modified_gmt":"2017-08-17T09:02:59","slug":"ayer-inauguraron-la-carpa-de-violeta-en-la-escuela-jose-de-san-martin","status":"publish","type":"post","link":"https:\/\/eltrabajo.cl\/portal\/ayer-inauguraron-la-carpa-de-violeta-en-la-escuela-jose-de-san-martin\/","title":{"rendered":"Ayer inauguraron \u2018La Carpa de Violeta\u2019 en la Escuela Jos\u00e9 de San Mart\u00edn"},"content":{"rendered":"<figure id=\"attachment_81038\" aria-describedby=\"caption-attachment-81038\" style=\"width: 580px\" class=\"wp-caption alignnone\"><img data-recalc-dims=\"1\" loading=\"lazy\" decoding=\"async\" class=\"size-full wp-image-81038\" src=\"https:\/\/i0.wp.com\/www.eltrabajo.cl\/2017\/wp-content\/uploads\/2017\/08\/Carpa1.jpg?resize=580%2C348\" alt=\"UN SIGLO DESPU\u00c9S.- La directora de la escuela, Ximena Baquedano, procedi\u00f3 al corte de cinta oficial de esta Carpa del Folklore en honor a los 100 a\u00f1os del natalicio de Violeta Parra.\" width=\"580\" height=\"348\" srcset=\"https:\/\/i0.wp.com\/eltrabajo.cl\/portal\/wp-content\/uploads\/2017\/08\/Carpa1.jpg?w=580&amp;ssl=1 580w, https:\/\/i0.wp.com\/eltrabajo.cl\/portal\/wp-content\/uploads\/2017\/08\/Carpa1.jpg?resize=200%2C120&amp;ssl=1 200w, https:\/\/i0.wp.com\/eltrabajo.cl\/portal\/wp-content\/uploads\/2017\/08\/Carpa1.jpg?resize=300%2C180&amp;ssl=1 300w, https:\/\/i0.wp.com\/eltrabajo.cl\/portal\/wp-content\/uploads\/2017\/08\/Carpa1.jpg?resize=250%2C150&amp;ssl=1 250w, https:\/\/i0.wp.com\/eltrabajo.cl\/portal\/wp-content\/uploads\/2017\/08\/Carpa1.jpg?resize=400%2C240&amp;ssl=1 400w\" sizes=\"auto, (max-width: 580px) 100vw, 580px\" \/><figcaption id=\"caption-attachment-81038\" class=\"wp-caption-text\">UN SIGLO DESPU\u00c9S.- La directora de la escuela, Ximena Baquedano, procedi\u00f3 al corte de cinta oficial de esta Carpa del Folklore en honor a los 100 a\u00f1os del natalicio de Violeta Parra.<\/figcaption><\/figure>\n<ul>\n<li><span style=\"color: #ff0000;\"><strong>Hoy jueves cantores y folcloristas del valle honrar\u00e1n a Parra:<\/strong><\/span><\/li>\n<\/ul>\n<p>Tal como lo hab\u00edamos anunciado en Diario El Trabajo, ayer fue inaugurada la Carpa del Folklore en honor a la gran Violeta Parra, actividad que se desarrollar\u00e1 hasta ma\u00f1ana viernes en horas de la tarde. Se trata de la instalaci\u00f3n de varios stands en los que los estudiantes de la Escuela Jos\u00e9 de San Mart\u00edn tienen una exposici\u00f3n permanente de r\u00e9plicas del trabajo art\u00edstico manual de Parra.<br \/>\nEn el acto de inauguraci\u00f3n llegaron como invitados especiales los concejales Igor Carrasco y Juan Carlos Sabaj, quien en representaci\u00f3n del Municipio, elogiaron esta iniciativa cultural.<br \/>\nTambi\u00e9n Daniel Fern\u00e1ndez Janeiro, presidente de la C\u00e1mara Pyme de San Luis, quien nos visit\u00f3 en compa\u00f1\u00eda de su equipo de trabajo; adem\u00e1s de los directores de la C\u00e1mara de Comercio de San Felipe, encabezados por su presidenta Sandra Jil, y los alumnos de la Universidad Cat\u00f3lica Silva Henr\u00edquez.<\/p>\n<p><span style=\"color: #ff0000;\"><strong>CARPA VIVIENTE<\/strong><\/span><br \/>\nSe trata de la propuesta que el profesor de educaci\u00f3n art\u00edstica, Julio Quijanes, ha desarrollado con otros colegas y estudiantes a su cargo.<br \/>\n\u00abFue una inauguraci\u00f3n muy activa, el entusiasmo de toda la comunidad educativa y de nuestros invitados ha sido extraordinaria, las interpretaciones tambi\u00e9n muy bien ejecutadas, los bailes y las comidas t\u00edpicas, yo quiero invitar a todos los lectores de Diario El Trabajo para que vengan a nuestras escuela, aqu\u00ed est\u00e1 la \u2018Carpa de Violeta\u2019 llena de alegr\u00eda y de sus canciones tan llenas de sentimiento chileno\u00bb, dijo a nuestro medio Quijanes.<\/p>\n<p><span style=\"color: #ff0000;\"><strong>PARA HOY JUEVES<\/strong><\/span><br \/>\nLo que m\u00e1s hay en esta carpa son comidas t\u00edpicas, muchas arpilleras en exposici\u00f3n de la comerciante putaendina Margarita Le\u00f3n, particip\u00f3 la yerbatera y folclorista aconcag\u00fcina Sarita Olgu\u00edn, quien nos comparti\u00f3 mucho de lo que ella sabe y que tiene que ver con el tema La Jardinera (de Violeta Parra). Tambi\u00e9n cada curso interpret\u00f3 temas de Violeta.<br \/>\n\u00abYa para este jueves (hoy) las actividades entrar\u00e1n en su cl\u00edmax local, pues ser\u00e1n los artistas aconcag\u00fcinos los que se adue\u00f1ar\u00e1n del escenario y de la carpa, iniciaremos desde las 10:00 horas con un gran Cuecazo, son 100 parejas las que bailar\u00e1n cueca en memoria de Violeta, tambi\u00e9n se presentar\u00e1n en la carpa los cantores a Lo Humano y a Lo Divino, entre ellos Fernando \u2018Caballito Blanco\u2019; Pedro \u2018Choro\u2019 Estay y Rub\u00e9n \u2018Chamullo\u2019 Tapia, entre otros. Tambi\u00e9n y para rendir tributo a las 25 cuerdas del guitarr\u00f3n que tocaba Violeta Parra, tendremos una Simult\u00e1nea de Ajedrez llamada \u201825 Tableros para Violeta\u2019, esta jornada la estar\u00e1 impartiendo el ajedrecista Karim Zaud Zapata\u00bb, inform\u00f3 el profesor Quijanes.<br \/>\n<strong>Roberto Gonz\u00e1lez Short<\/strong><\/p>\n<figure id=\"attachment_81039\" aria-describedby=\"caption-attachment-81039\" style=\"width: 580px\" class=\"wp-caption alignnone\"><img data-recalc-dims=\"1\" loading=\"lazy\" decoding=\"async\" class=\"size-full wp-image-81039\" src=\"https:\/\/i0.wp.com\/www.eltrabajo.cl\/2017\/wp-content\/uploads\/2017\/08\/Carpa2.jpg?resize=580%2C350\" alt=\"NUESTRAS VIOLETITAS.- Estas peque\u00f1itas ofrecieron sus mejores bailes al son de las melod\u00edas de Parra, ante un p\u00fablico emocionado.\" width=\"580\" height=\"350\" srcset=\"https:\/\/i0.wp.com\/eltrabajo.cl\/portal\/wp-content\/uploads\/2017\/08\/Carpa2.jpg?w=580&amp;ssl=1 580w, https:\/\/i0.wp.com\/eltrabajo.cl\/portal\/wp-content\/uploads\/2017\/08\/Carpa2.jpg?resize=200%2C121&amp;ssl=1 200w, https:\/\/i0.wp.com\/eltrabajo.cl\/portal\/wp-content\/uploads\/2017\/08\/Carpa2.jpg?resize=300%2C181&amp;ssl=1 300w, https:\/\/i0.wp.com\/eltrabajo.cl\/portal\/wp-content\/uploads\/2017\/08\/Carpa2.jpg?resize=249%2C150&amp;ssl=1 249w, https:\/\/i0.wp.com\/eltrabajo.cl\/portal\/wp-content\/uploads\/2017\/08\/Carpa2.jpg?resize=400%2C241&amp;ssl=1 400w\" sizes=\"auto, (max-width: 580px) 100vw, 580px\" \/><figcaption id=\"caption-attachment-81039\" class=\"wp-caption-text\">NUESTRAS VIOLETITAS.- Estas peque\u00f1itas ofrecieron sus mejores bailes al son de las melod\u00edas de Parra, ante un p\u00fablico emocionado.<\/figcaption><\/figure>\n<figure id=\"attachment_81040\" aria-describedby=\"caption-attachment-81040\" style=\"width: 580px\" class=\"wp-caption alignnone\"><img data-recalc-dims=\"1\" loading=\"lazy\" decoding=\"async\" class=\"size-full wp-image-81040\" src=\"https:\/\/i0.wp.com\/www.eltrabajo.cl\/2017\/wp-content\/uploads\/2017\/08\/Carpa3.jpg?resize=580%2C349\" alt=\"TODO TRADICIONAL.- Esta profesora tambi\u00e9n hizo de las suyas, pues ofreci\u00f3 vinos y chichas a los invitados.\" width=\"580\" height=\"349\" srcset=\"https:\/\/i0.wp.com\/eltrabajo.cl\/portal\/wp-content\/uploads\/2017\/08\/Carpa3.jpg?w=580&amp;ssl=1 580w, https:\/\/i0.wp.com\/eltrabajo.cl\/portal\/wp-content\/uploads\/2017\/08\/Carpa3.jpg?resize=200%2C120&amp;ssl=1 200w, https:\/\/i0.wp.com\/eltrabajo.cl\/portal\/wp-content\/uploads\/2017\/08\/Carpa3.jpg?resize=300%2C181&amp;ssl=1 300w, https:\/\/i0.wp.com\/eltrabajo.cl\/portal\/wp-content\/uploads\/2017\/08\/Carpa3.jpg?resize=249%2C150&amp;ssl=1 249w, https:\/\/i0.wp.com\/eltrabajo.cl\/portal\/wp-content\/uploads\/2017\/08\/Carpa3.jpg?resize=400%2C241&amp;ssl=1 400w\" sizes=\"auto, (max-width: 580px) 100vw, 580px\" \/><figcaption id=\"caption-attachment-81040\" class=\"wp-caption-text\">TODO TRADICIONAL.- Esta profesora tambi\u00e9n hizo de las suyas, pues ofreci\u00f3 vinos y chichas a los invitados.<\/figcaption><\/figure>\n<figure id=\"attachment_81041\" aria-describedby=\"caption-attachment-81041\" style=\"width: 580px\" class=\"wp-caption alignnone\"><img data-recalc-dims=\"1\" loading=\"lazy\" decoding=\"async\" class=\"size-full wp-image-81041\" src=\"https:\/\/i0.wp.com\/www.eltrabajo.cl\/2017\/wp-content\/uploads\/2017\/08\/Carpa4.jpg?resize=580%2C349\" alt=\"\u2018APENAS SOY CHICHARRA\u2019.- La poeta popular Sarita Olgu\u00edn prometi\u00f3 su promesa, dedicar la ma\u00f1ana del mi\u00e9rcoles a declamar sus ofrendas po\u00e9ticas a la Inmortal Violeta Parra.\" width=\"580\" height=\"349\" srcset=\"https:\/\/i0.wp.com\/eltrabajo.cl\/portal\/wp-content\/uploads\/2017\/08\/Carpa4.jpg?w=580&amp;ssl=1 580w, https:\/\/i0.wp.com\/eltrabajo.cl\/portal\/wp-content\/uploads\/2017\/08\/Carpa4.jpg?resize=200%2C120&amp;ssl=1 200w, https:\/\/i0.wp.com\/eltrabajo.cl\/portal\/wp-content\/uploads\/2017\/08\/Carpa4.jpg?resize=300%2C181&amp;ssl=1 300w, https:\/\/i0.wp.com\/eltrabajo.cl\/portal\/wp-content\/uploads\/2017\/08\/Carpa4.jpg?resize=249%2C150&amp;ssl=1 249w, https:\/\/i0.wp.com\/eltrabajo.cl\/portal\/wp-content\/uploads\/2017\/08\/Carpa4.jpg?resize=400%2C241&amp;ssl=1 400w\" sizes=\"auto, (max-width: 580px) 100vw, 580px\" \/><figcaption id=\"caption-attachment-81041\" class=\"wp-caption-text\">\u2018APENAS SOY CHICHARRA\u2019.- La poeta popular Sarita Olgu\u00edn prometi\u00f3 su promesa, dedicar la ma\u00f1ana del mi\u00e9rcoles a declamar sus ofrendas po\u00e9ticas a la Inmortal Violeta Parra.<\/figcaption><\/figure>\n<figure id=\"attachment_81042\" aria-describedby=\"caption-attachment-81042\" style=\"width: 580px\" class=\"wp-caption alignnone\"><img data-recalc-dims=\"1\" loading=\"lazy\" decoding=\"async\" class=\"size-full wp-image-81042\" src=\"https:\/\/i0.wp.com\/www.eltrabajo.cl\/2017\/wp-content\/uploads\/2017\/08\/Carpa5.jpg?resize=580%2C348\" alt=\"TODO HUELE A VIOLETA.- Esta peque\u00f1ita tambi\u00e9n repart\u00eda bebidas t\u00edpicas a los invitados que se acercaban a su stand.\" width=\"580\" height=\"348\" srcset=\"https:\/\/i0.wp.com\/eltrabajo.cl\/portal\/wp-content\/uploads\/2017\/08\/Carpa5.jpg?w=580&amp;ssl=1 580w, https:\/\/i0.wp.com\/eltrabajo.cl\/portal\/wp-content\/uploads\/2017\/08\/Carpa5.jpg?resize=200%2C120&amp;ssl=1 200w, https:\/\/i0.wp.com\/eltrabajo.cl\/portal\/wp-content\/uploads\/2017\/08\/Carpa5.jpg?resize=300%2C180&amp;ssl=1 300w, https:\/\/i0.wp.com\/eltrabajo.cl\/portal\/wp-content\/uploads\/2017\/08\/Carpa5.jpg?resize=250%2C150&amp;ssl=1 250w, https:\/\/i0.wp.com\/eltrabajo.cl\/portal\/wp-content\/uploads\/2017\/08\/Carpa5.jpg?resize=400%2C240&amp;ssl=1 400w\" sizes=\"auto, (max-width: 580px) 100vw, 580px\" \/><figcaption id=\"caption-attachment-81042\" class=\"wp-caption-text\">TODO HUELE A VIOLETA.- Esta peque\u00f1ita tambi\u00e9n repart\u00eda bebidas t\u00edpicas a los invitados que se acercaban a su stand.<\/figcaption><\/figure>\n<figure id=\"attachment_81043\" aria-describedby=\"caption-attachment-81043\" style=\"width: 580px\" class=\"wp-caption alignnone\"><img data-recalc-dims=\"1\" loading=\"lazy\" decoding=\"async\" class=\"size-full wp-image-81043\" src=\"https:\/\/i0.wp.com\/www.eltrabajo.cl\/2017\/wp-content\/uploads\/2017\/08\/Carpa6.jpg?resize=580%2C348\" alt=\"MUCHOS APORTES.- Otros escolares presentaron sus trabajos artesanales para honrar el talento de Parra.\" width=\"580\" height=\"348\" srcset=\"https:\/\/i0.wp.com\/eltrabajo.cl\/portal\/wp-content\/uploads\/2017\/08\/Carpa6.jpg?w=580&amp;ssl=1 580w, https:\/\/i0.wp.com\/eltrabajo.cl\/portal\/wp-content\/uploads\/2017\/08\/Carpa6.jpg?resize=200%2C120&amp;ssl=1 200w, https:\/\/i0.wp.com\/eltrabajo.cl\/portal\/wp-content\/uploads\/2017\/08\/Carpa6.jpg?resize=300%2C180&amp;ssl=1 300w, https:\/\/i0.wp.com\/eltrabajo.cl\/portal\/wp-content\/uploads\/2017\/08\/Carpa6.jpg?resize=250%2C150&amp;ssl=1 250w, https:\/\/i0.wp.com\/eltrabajo.cl\/portal\/wp-content\/uploads\/2017\/08\/Carpa6.jpg?resize=400%2C240&amp;ssl=1 400w\" sizes=\"auto, (max-width: 580px) 100vw, 580px\" \/><figcaption id=\"caption-attachment-81043\" class=\"wp-caption-text\">MUCHOS APORTES.- Otros escolares presentaron sus trabajos artesanales para honrar el talento de Parra.<\/figcaption><\/figure>\n<figure id=\"attachment_81044\" aria-describedby=\"caption-attachment-81044\" style=\"width: 580px\" class=\"wp-caption alignnone\"><img data-recalc-dims=\"1\" loading=\"lazy\" decoding=\"async\" class=\"size-full wp-image-81044\" src=\"https:\/\/i0.wp.com\/www.eltrabajo.cl\/2017\/wp-content\/uploads\/2017\/08\/Carpa7.jpg?resize=580%2C349\" alt=\"JULIO TROVADOR.- \u00c9l es el profesor Julio Quijanes, quien est\u00e1 desarrollando esta iniciativa con el apoyo del resto de profesores y la directora Ximena Baquedano.\" width=\"580\" height=\"349\" srcset=\"https:\/\/i0.wp.com\/eltrabajo.cl\/portal\/wp-content\/uploads\/2017\/08\/Carpa7.jpg?w=580&amp;ssl=1 580w, https:\/\/i0.wp.com\/eltrabajo.cl\/portal\/wp-content\/uploads\/2017\/08\/Carpa7.jpg?resize=200%2C120&amp;ssl=1 200w, https:\/\/i0.wp.com\/eltrabajo.cl\/portal\/wp-content\/uploads\/2017\/08\/Carpa7.jpg?resize=300%2C181&amp;ssl=1 300w, https:\/\/i0.wp.com\/eltrabajo.cl\/portal\/wp-content\/uploads\/2017\/08\/Carpa7.jpg?resize=249%2C150&amp;ssl=1 249w, https:\/\/i0.wp.com\/eltrabajo.cl\/portal\/wp-content\/uploads\/2017\/08\/Carpa7.jpg?resize=400%2C241&amp;ssl=1 400w\" sizes=\"auto, (max-width: 580px) 100vw, 580px\" \/><figcaption id=\"caption-attachment-81044\" class=\"wp-caption-text\">JULIO TROVADOR.- \u00c9l es el profesor Julio Quijanes, quien est\u00e1 desarrollando esta iniciativa con el apoyo del resto de profesores y la directora Ximena Baquedano.<\/figcaption><\/figure>\n","protected":false},"excerpt":{"rendered":"<p>Hoy jueves cantores y folcloristas del valle honrar\u00e1n a Parra: Tal como lo hab\u00edamos anunciado en Diario El Trabajo, ayer fue inaugurada la Carpa del Folklore en honor a la gran Violeta&#8230;<\/p>\n","protected":false},"author":1,"featured_media":81039,"comment_status":"open","ping_status":"open","sticky":false,"template":"","format":"standard","meta":{"advanced_seo_description":"","jetpack_seo_html_title":"","jetpack_seo_noindex":false,"_jetpack_memberships_contains_paid_content":false,"footnotes":""},"categories":[15],"tags":[],"class_list":["post-81037","post","type-post","status-publish","format-standard","has-post-thumbnail","hentry","category-comunidad"],"jetpack_featured_media_url":"https:\/\/i0.wp.com\/eltrabajo.cl\/portal\/wp-content\/uploads\/2017\/08\/Carpa2.jpg?fit=580%2C350&ssl=1","jetpack_sharing_enabled":true,"jetpack_likes_enabled":true,"jetpack-related-posts":[],"_links":{"self":[{"href":"https:\/\/eltrabajo.cl\/portal\/wp-json\/wp\/v2\/posts\/81037","targetHints":{"allow":["GET"]}}],"collection":[{"href":"https:\/\/eltrabajo.cl\/portal\/wp-json\/wp\/v2\/posts"}],"about":[{"href":"https:\/\/eltrabajo.cl\/portal\/wp-json\/wp\/v2\/types\/post"}],"author":[{"embeddable":true,"href":"https:\/\/eltrabajo.cl\/portal\/wp-json\/wp\/v2\/users\/1"}],"replies":[{"embeddable":true,"href":"https:\/\/eltrabajo.cl\/portal\/wp-json\/wp\/v2\/comments?post=81037"}],"version-history":[{"count":0,"href":"https:\/\/eltrabajo.cl\/portal\/wp-json\/wp\/v2\/posts\/81037\/revisions"}],"wp:featuredmedia":[{"embeddable":true,"href":"https:\/\/eltrabajo.cl\/portal\/wp-json\/wp\/v2\/media\/81039"}],"wp:attachment":[{"href":"https:\/\/eltrabajo.cl\/portal\/wp-json\/wp\/v2\/media?parent=81037"}],"wp:term":[{"taxonomy":"category","embeddable":true,"href":"https:\/\/eltrabajo.cl\/portal\/wp-json\/wp\/v2\/categories?post=81037"},{"taxonomy":"post_tag","embeddable":true,"href":"https:\/\/eltrabajo.cl\/portal\/wp-json\/wp\/v2\/tags?post=81037"}],"curies":[{"name":"wp","href":"https:\/\/api.w.org\/{rel}","templated":true}]}}