{"id":81049,"date":"2017-08-17T05:04:11","date_gmt":"2017-08-17T09:04:11","guid":{"rendered":"http:\/\/www.eltrabajo.cl\/2017\/?p=81049"},"modified":"2017-08-17T05:04:11","modified_gmt":"2017-08-17T09:04:11","slug":"camara-de-comercio-firmo-acuerdo-de-cooperacion-con-una-simil-argentina","status":"publish","type":"post","link":"https:\/\/eltrabajo.cl\/portal\/camara-de-comercio-firmo-acuerdo-de-cooperacion-con-una-simil-argentina\/","title":{"rendered":"C\u00e1mara de Comercio firm\u00f3 acuerdo de cooperaci\u00f3n con una s\u00edmil argentina"},"content":{"rendered":"<figure id=\"attachment_81050\" aria-describedby=\"caption-attachment-81050\" style=\"width: 580px\" class=\"wp-caption alignnone\"><img data-recalc-dims=\"1\" loading=\"lazy\" decoding=\"async\" class=\"size-full wp-image-81050\" src=\"https:\/\/i0.wp.com\/www.eltrabajo.cl\/2017\/wp-content\/uploads\/2017\/08\/convenio-camara-comercio-argentina-.jpg?resize=580%2C348\" alt=\"De Izq. a Der: Ricardo Figueroa (Restaurante La Ruca); An\u00edbal Fern\u00e1ndez Janeiro, presidente de la C\u00e1mara Empresarial de la Provincia de San Luis (Argentina); Sandra Gil, presidenta de la C\u00e1mara de Comercio y Turismo de San Felipe; Patricio Freire, alcalde de San Felipe.\" width=\"580\" height=\"348\" srcset=\"https:\/\/i0.wp.com\/eltrabajo.cl\/portal\/wp-content\/uploads\/2017\/08\/convenio-camara-comercio-argentina-.jpg?w=580&amp;ssl=1 580w, https:\/\/i0.wp.com\/eltrabajo.cl\/portal\/wp-content\/uploads\/2017\/08\/convenio-camara-comercio-argentina-.jpg?resize=200%2C120&amp;ssl=1 200w, https:\/\/i0.wp.com\/eltrabajo.cl\/portal\/wp-content\/uploads\/2017\/08\/convenio-camara-comercio-argentina-.jpg?resize=300%2C180&amp;ssl=1 300w, https:\/\/i0.wp.com\/eltrabajo.cl\/portal\/wp-content\/uploads\/2017\/08\/convenio-camara-comercio-argentina-.jpg?resize=250%2C150&amp;ssl=1 250w, https:\/\/i0.wp.com\/eltrabajo.cl\/portal\/wp-content\/uploads\/2017\/08\/convenio-camara-comercio-argentina-.jpg?resize=400%2C240&amp;ssl=1 400w\" sizes=\"auto, (max-width: 580px) 100vw, 580px\" \/><figcaption id=\"caption-attachment-81050\" class=\"wp-caption-text\">De Izq. a Der: Ricardo Figueroa (Restaurante La Ruca); An\u00edbal Fern\u00e1ndez Janeiro, presidente de la C\u00e1mara Empresarial de la Provincia de San Luis (Argentina); Sandra Gil, presidenta de la C\u00e1mara de Comercio y Turismo de San Felipe; Patricio Freire, alcalde de San Felipe.<\/figcaption><\/figure>\n<ul>\n<li><span style=\"color: #ff0000;\"><strong>Convenio pretende crear v\u00ednculos econ\u00f3micos y culturales:<\/strong><\/span><\/li>\n<\/ul>\n<p>Dentro de la pol\u00edtica de trabajo de la nueva directiva de la C\u00e1mara de Comercio y Turismo de San Felipe, este mi\u00e9rcoles, el organismo firm\u00f3 un convenio de cooperaci\u00f3n con la C\u00e1mara Empresarial de la Provincia de San Luis (Argentina), con la cual se llevar\u00e1n a efecto diversos proyectos que pretenden fortalecer la econom\u00eda trasandina (chilena y argentina).<br \/>\nAn\u00edbal Fern\u00e1ndez Janeiro, presidente de la C\u00e1mara Empresarial de la Provincia de San Luis (Argentina), asegur\u00f3 que este acuerdo es muy importante para ambas entidades y sostuvo que \u201ca partir de esto no s\u00f3lo vamos a estar fortaleciendo relaciones institucionales, sino que, adem\u00e1s, vamos a ir desarrollando un marco para implementar distintos proyectos en todo el \u00e1mbito productivo\u201d, argument\u00f3 el empresario argentino.<br \/>\nSandra Gil, presidenta de la C\u00e1mara de Comercio y Turismo de San Felipe, destac\u00f3 que uno de los objetivos de este convenio internacional, es crear un v\u00ednculo no s\u00f3lo econ\u00f3mico, sino tambi\u00e9n cultural y del folclore de ambas provincias.<br \/>\n\u201cEste es uno de los proyectos que tiene la nueva directiva\u2026 lo principal es que tengamos un nexo tanto para traer gente, como para llevar y as\u00ed poder acrecentar el comercio de San Felipe y de todo el Valle de Aconcagua\u201d, detall\u00f3 Gil.<br \/>\nA su vez el alcalde de San Felipe, Patricio Freire, valor\u00f3 la iniciativa y manifest\u00f3 que para los sanfelipe\u00f1os tiene una importancia tremenda este convenio, ya que \u201ces muy importante generar hermandad entre ambas c\u00e1maras, se producir\u00e1 un intercambio en el turismo, en la parte gastron\u00f3mica, cultural y todo aquello que vaya en beneficio de ambas comunidades, as\u00ed que estamos muy contentos por el comercio, que sabemos mueve monta\u00f1as\u201d, afirm\u00f3 Freire.<\/p>\n","protected":false},"excerpt":{"rendered":"<p>Convenio pretende crear v\u00ednculos econ\u00f3micos y culturales: Dentro de la pol\u00edtica de trabajo de la nueva directiva de la C\u00e1mara de Comercio y Turismo de San Felipe, este mi\u00e9rcoles, el organismo firm\u00f3&#8230;<\/p>\n","protected":false},"author":1,"featured_media":81050,"comment_status":"open","ping_status":"open","sticky":false,"template":"","format":"standard","meta":{"advanced_seo_description":"","jetpack_seo_html_title":"","jetpack_seo_noindex":false,"_jetpack_memberships_contains_paid_content":false,"footnotes":""},"categories":[15],"tags":[],"class_list":["post-81049","post","type-post","status-publish","format-standard","has-post-thumbnail","hentry","category-comunidad"],"jetpack_featured_media_url":"https:\/\/i0.wp.com\/eltrabajo.cl\/portal\/wp-content\/uploads\/2017\/08\/convenio-camara-comercio-argentina-.jpg?fit=580%2C348&ssl=1","jetpack_sharing_enabled":true,"jetpack_likes_enabled":true,"jetpack-related-posts":[],"_links":{"self":[{"href":"https:\/\/eltrabajo.cl\/portal\/wp-json\/wp\/v2\/posts\/81049","targetHints":{"allow":["GET"]}}],"collection":[{"href":"https:\/\/eltrabajo.cl\/portal\/wp-json\/wp\/v2\/posts"}],"about":[{"href":"https:\/\/eltrabajo.cl\/portal\/wp-json\/wp\/v2\/types\/post"}],"author":[{"embeddable":true,"href":"https:\/\/eltrabajo.cl\/portal\/wp-json\/wp\/v2\/users\/1"}],"replies":[{"embeddable":true,"href":"https:\/\/eltrabajo.cl\/portal\/wp-json\/wp\/v2\/comments?post=81049"}],"version-history":[{"count":0,"href":"https:\/\/eltrabajo.cl\/portal\/wp-json\/wp\/v2\/posts\/81049\/revisions"}],"wp:featuredmedia":[{"embeddable":true,"href":"https:\/\/eltrabajo.cl\/portal\/wp-json\/wp\/v2\/media\/81050"}],"wp:attachment":[{"href":"https:\/\/eltrabajo.cl\/portal\/wp-json\/wp\/v2\/media?parent=81049"}],"wp:term":[{"taxonomy":"category","embeddable":true,"href":"https:\/\/eltrabajo.cl\/portal\/wp-json\/wp\/v2\/categories?post=81049"},{"taxonomy":"post_tag","embeddable":true,"href":"https:\/\/eltrabajo.cl\/portal\/wp-json\/wp\/v2\/tags?post=81049"}],"curies":[{"name":"wp","href":"https:\/\/api.w.org\/{rel}","templated":true}]}}