{"id":81059,"date":"2017-08-18T05:00:54","date_gmt":"2017-08-18T09:00:54","guid":{"rendered":"http:\/\/www.eltrabajo.cl\/2017\/?p=81059"},"modified":"2017-08-18T05:00:54","modified_gmt":"2017-08-18T09:00:54","slug":"joven-musico-aconcaguino-logro-un-cupo-en-orfeon-nacional-de-carabineros","status":"publish","type":"post","link":"https:\/\/eltrabajo.cl\/portal\/joven-musico-aconcaguino-logro-un-cupo-en-orfeon-nacional-de-carabineros\/","title":{"rendered":"Joven m\u00fasico aconcag\u00fcino logr\u00f3 un cupo en Orfe\u00f3n Nacional de Carabineros"},"content":{"rendered":"<figure id=\"attachment_81060\" aria-describedby=\"caption-attachment-81060\" style=\"width: 580px\" class=\"wp-caption alignnone\"><img data-recalc-dims=\"1\" loading=\"lazy\" decoding=\"async\" class=\"size-full wp-image-81060\" src=\"https:\/\/i0.wp.com\/www.eltrabajo.cl\/2017\/wp-content\/uploads\/2017\/08\/cmdte-Paul-Oliva-Osvaldo-Chand%C3%ADa.jpg?resize=580%2C348\" alt=\"El Subprefecto de Los Servicios de la Prefectura Aconcagua, Comandante Paul Oliva, se reuni\u00f3 ayer con el joven m\u00fasico Osvaldo Chand\u00eda, a quien felicit\u00f3 por su logro.\" width=\"580\" height=\"348\" srcset=\"https:\/\/i0.wp.com\/eltrabajo.cl\/portal\/wp-content\/uploads\/2017\/08\/cmdte-Paul-Oliva-Osvaldo-Chand%C3%ADa.jpg?w=580&amp;ssl=1 580w, https:\/\/i0.wp.com\/eltrabajo.cl\/portal\/wp-content\/uploads\/2017\/08\/cmdte-Paul-Oliva-Osvaldo-Chand%C3%ADa.jpg?resize=200%2C120&amp;ssl=1 200w, https:\/\/i0.wp.com\/eltrabajo.cl\/portal\/wp-content\/uploads\/2017\/08\/cmdte-Paul-Oliva-Osvaldo-Chand%C3%ADa.jpg?resize=300%2C180&amp;ssl=1 300w, https:\/\/i0.wp.com\/eltrabajo.cl\/portal\/wp-content\/uploads\/2017\/08\/cmdte-Paul-Oliva-Osvaldo-Chand%C3%ADa.jpg?resize=250%2C150&amp;ssl=1 250w, https:\/\/i0.wp.com\/eltrabajo.cl\/portal\/wp-content\/uploads\/2017\/08\/cmdte-Paul-Oliva-Osvaldo-Chand%C3%ADa.jpg?resize=400%2C240&amp;ssl=1 400w\" sizes=\"auto, (max-width: 580px) 100vw, 580px\" \/><figcaption id=\"caption-attachment-81060\" class=\"wp-caption-text\">El Subprefecto de Los Servicios de la Prefectura Aconcagua, Comandante Paul Oliva, se reuni\u00f3 ayer con el joven m\u00fasico Osvaldo Chand\u00eda, a quien felicit\u00f3 por su logro.<\/figcaption><\/figure>\n<ul>\n<li><span style=\"color: #ff0000;\"><strong>Otros once int\u00e9rpretes fueron escogidos entre 270 postulantes:<\/strong><\/span><\/li>\n<\/ul>\n<p>El joven m\u00fasico aconcag\u00fcino Osvaldo Chand\u00eda Peralta, fue uno de los doce int\u00e9rpretes seleccionados para integrar el curso de formaci\u00f3n del escalaf\u00f3n de M\u00fasicos Institucionales de la polic\u00eda uniformada, el cual le permitir\u00e1 incorporase al Orfe\u00f3n Nacional de Carabineros de Chile.<br \/>\nEl ejecutante de Fliscorno Bar\u00edtono -instrumento de viento de la familia de los metales-, consigui\u00f3 su vacante junto a otros once artistas que fueron escogidos entre cerca de 300 postulantes que se presentaron al concurso que realiz\u00f3 el Departamento de Reclutamiento y Selecci\u00f3n de Carabineros.<br \/>\nPor su parte, el exponente egresado de la escuela Industrial \u2018Guillermo Richards Cuevas\u2019, como T\u00e9cnico de Nivel Medio en Construcciones Met\u00e1licas, dice que est\u00e1 viviendo \u2018un sue\u00f1o\u2019. \u201cEs impresionante para m\u00ed la noticia, de hecho a\u00fan me tiene en shock\u201d, asegur\u00f3 minutos antes de firmar su acta de notificaci\u00f3n.<br \/>\nEl nuevo Carabinero M\u00fasico, que a partir de 2018 tendr\u00e1 la oportunidad de representar a la instituci\u00f3n de las carabinas cruzadas durante conciertos, retretas y giras a nivel local y nacional, recibi\u00f3 la tarde de ayer el saludo de bienvenida de parte del Subprefecto de Los Servicios de la Prefectura Aconcagua, Comandante Paul Oliva, quien lo felicit\u00f3 por su logro inst\u00e1ndolo a entregar lo mejor de su talento al interior del Orfe\u00f3n.<br \/>\nFinalmente, seg\u00fan inform\u00f3 la Oficina de Postulaciones de la Prefectura Aconcagua, Chand\u00eda deber\u00e1 incorporarse al plantel de la Escuela de Formaci\u00f3n de Carabineros de Cerrillos, el pr\u00f3ximo lunes 28 de agosto, para comenzar el curso externado que le permitir\u00e1 incorporarse a la planta institucional y ejercer una carrera espec\u00edficamente dedicada a la m\u00fasica.<\/p>\n","protected":false},"excerpt":{"rendered":"<p>Otros once int\u00e9rpretes fueron escogidos entre 270 postulantes: El joven m\u00fasico aconcag\u00fcino Osvaldo Chand\u00eda Peralta, fue uno de los doce int\u00e9rpretes seleccionados para integrar el curso de formaci\u00f3n del escalaf\u00f3n de M\u00fasicos&#8230;<\/p>\n","protected":false},"author":1,"featured_media":81060,"comment_status":"open","ping_status":"open","sticky":false,"template":"","format":"standard","meta":{"advanced_seo_description":"","jetpack_seo_html_title":"","jetpack_seo_noindex":false,"_jetpack_memberships_contains_paid_content":false,"footnotes":""},"categories":[15],"tags":[],"class_list":["post-81059","post","type-post","status-publish","format-standard","has-post-thumbnail","hentry","category-comunidad"],"jetpack_featured_media_url":"https:\/\/i0.wp.com\/eltrabajo.cl\/portal\/wp-content\/uploads\/2017\/08\/cmdte-Paul-Oliva-Osvaldo-Chand%C3%ADa.jpg?fit=580%2C348&ssl=1","jetpack_sharing_enabled":true,"jetpack_likes_enabled":true,"jetpack-related-posts":[],"_links":{"self":[{"href":"https:\/\/eltrabajo.cl\/portal\/wp-json\/wp\/v2\/posts\/81059","targetHints":{"allow":["GET"]}}],"collection":[{"href":"https:\/\/eltrabajo.cl\/portal\/wp-json\/wp\/v2\/posts"}],"about":[{"href":"https:\/\/eltrabajo.cl\/portal\/wp-json\/wp\/v2\/types\/post"}],"author":[{"embeddable":true,"href":"https:\/\/eltrabajo.cl\/portal\/wp-json\/wp\/v2\/users\/1"}],"replies":[{"embeddable":true,"href":"https:\/\/eltrabajo.cl\/portal\/wp-json\/wp\/v2\/comments?post=81059"}],"version-history":[{"count":0,"href":"https:\/\/eltrabajo.cl\/portal\/wp-json\/wp\/v2\/posts\/81059\/revisions"}],"wp:featuredmedia":[{"embeddable":true,"href":"https:\/\/eltrabajo.cl\/portal\/wp-json\/wp\/v2\/media\/81060"}],"wp:attachment":[{"href":"https:\/\/eltrabajo.cl\/portal\/wp-json\/wp\/v2\/media?parent=81059"}],"wp:term":[{"taxonomy":"category","embeddable":true,"href":"https:\/\/eltrabajo.cl\/portal\/wp-json\/wp\/v2\/categories?post=81059"},{"taxonomy":"post_tag","embeddable":true,"href":"https:\/\/eltrabajo.cl\/portal\/wp-json\/wp\/v2\/tags?post=81059"}],"curies":[{"name":"wp","href":"https:\/\/api.w.org\/{rel}","templated":true}]}}